{"id":520750,"date":"2025-11-08T14:58:15","date_gmt":"2025-11-08T14:58:15","guid":{"rendered":"https:\/\/www.europesays.com\/fr\/520750\/"},"modified":"2025-11-08T14:58:15","modified_gmt":"2025-11-08T14:58:15","slug":"miss-france-2025-harcelee-jai-eu-limpression-de-labandonner-contrainte-et-forcee-confie-cindy-fabre","status":"publish","type":"post","link":"https:\/\/www.europesays.com\/fr\/520750\/","title":{"rendered":"Miss France\u00a02025 harcel\u00e9e\u00a0: \u00ab\u00a0J\u2019ai eu l\u2019impression de l\u2019abandonner, contrainte et forc\u00e9e\u00a0\u00bb, confie Cindy Fabre"},"content":{"rendered":"<p class=\"paragraph text_align_left lp-f-body-02\"><a href=\"https:\/\/www.leparisien.fr\/culture-loisirs\/miss-france\/miss-france-2025-cindy-fabre-nest-plus-directrice-du-concours-22-01-2025-PE6BPIIKD5F7VM4PJETYXNEHPA.php\" target=\"_blank\" rel=\"noreferrer nofollow noopener\">Cindy Fabre<\/a> sort du silence. Remerci\u00e9e \u00e0 la fin de son contrat en janvier dernier, l\u2019ancienne directrice du concours national <a href=\"https:\/\/www.leparisien.fr\/culture-loisirs\/miss-france\/\" target=\"_blank\" rel=\"noreferrer nofollow noopener\">Miss France<\/a> revient sur une ann\u00e9e pas comme les autres et livre son regard <a href=\"https:\/\/www.leparisien.fr\/culture-loisirs\/miss-france\/miss-france-2026-mais-ou-est-donc-passee-angelique-angarni-filopon-la-reine-de-beaute-2025-07-11-2025-XWD6JCWYRJF5PJFBTNDZG6GKAU.php\" target=\"_self\" rel=\"nofollow noopener\">sur la derni\u00e8re reine de beaut\u00e9, Ang\u00e9lique Angarni-Filopon<\/a>, qu\u2019elle avait elle-m\u00eame couronn\u00e9e il y a un an. Alors que trente nouvelles candidates s\u2019appr\u00eatent \u00e0 s\u2019envoler ce dimanche pour leur voyage de formation en Martinique, Cindy Fabre \u00e9voque la pr\u00e9sence d\u2019une marraine, \u00e0 savoir <a href=\"https:\/\/www.leparisien.fr\/culture-loisirs\/miss-france\/miss-france-2026-camille-cerf-sera-la-nouvelle-marraine-de-la-future-gagnante-07-11-2025-SV6MG3UYIFEUHNHVPDXS4Q3YIA.php\" target=\"_blank\" rel=\"noreferrer nofollow noopener\">Camille Cerf<\/a>, pour accompagner la gagnante \u00e0 l\u2019issue de l\u2019\u00e9lection du 6 d\u00e9cembre sur TF 1. Une interview sans d\u00e9tour.<\/p>\n<p class=\"paragraph text_align_left lp-f-body-02\"><b>En janvier, la soci\u00e9t\u00e9 Miss France annon\u00e7ait votre d\u00e9part en tant que directrice du concours national, apr\u00e8s seulement trois ans \u00e0 ce poste. Comment avez-vous v\u00e9cu l\u2019apr\u00e8s ?<\/b><\/p>\n","protected":false},"excerpt":{"rendered":"Cindy Fabre sort du silence. Remerci\u00e9e \u00e0 la fin de son contrat en janvier dernier, l\u2019ancienne directrice du&hellip;\n","protected":false},"author":2,"featured_media":520751,"comment_status":"","ping_status":"","sticky":false,"template":"","format":"standard","meta":{"footnotes":""},"categories":[4],"tags":[11,872,1011,27,3034,12,25],"class_list":{"0":"post-520750","1":"post","2":"type-post","3":"status-publish","4":"format-standard","5":"has-post-thumbnail","7":"category-france","8":"tag-actualites","9":"tag-culture-et-loisirs","10":"tag-fr","11":"tag-france","12":"tag-miss-france","13":"tag-news","14":"tag-republique-francaise"},"share_on_mastodon":{"url":"https:\/\/pubeurope.com\/@fr\/115514671329817906","error":""},"_links":{"self":[{"href":"https:\/\/www.europesays.com\/fr\/wp-json\/wp\/v2\/posts\/520750","targetHints":{"allow":["GET"]}}],"collection":[{"href":"https:\/\/www.europesays.com\/fr\/wp-json\/wp\/v2\/posts"}],"about":[{"href":"https:\/\/www.europesays.com\/fr\/wp-json\/wp\/v2\/types\/post"}],"author":[{"embeddable":true,"href":"https:\/\/www.europesays.com\/fr\/wp-json\/wp\/v2\/users\/2"}],"replies":[{"embeddable":true,"href":"https:\/\/www.europesays.com\/fr\/wp-json\/wp\/v2\/comments?post=520750"}],"version-history":[{"count":0,"href":"https:\/\/www.europesays.com\/fr\/wp-json\/wp\/v2\/posts\/520750\/revisions"}],"wp:featuredmedia":[{"embeddable":true,"href":"https:\/\/www.europesays.com\/fr\/wp-json\/wp\/v2\/media\/520751"}],"wp:attachment":[{"href":"https:\/\/www.europesays.com\/fr\/wp-json\/wp\/v2\/media?parent=520750"}],"wp:term":[{"taxonomy":"category","embeddable":true,"href":"https:\/\/www.europesays.com\/fr\/wp-json\/wp\/v2\/categories?post=520750"},{"taxonomy":"post_tag","embeddable":true,"href":"https:\/\/www.europesays.com\/fr\/wp-json\/wp\/v2\/tags?post=520750"}],"curies":[{"name":"wp","href":"https:\/\/api.w.org\/{rel}","templated":true}]}}