{"id":520755,"date":"2025-11-08T15:06:15","date_gmt":"2025-11-08T15:06:15","guid":{"rendered":"https:\/\/www.europesays.com\/fr\/520755\/"},"modified":"2025-11-08T15:06:15","modified_gmt":"2025-11-08T15:06:15","slug":"aubin-sparfel-deux-erreurs-qui-sont-fatales-pour-la-victoire-actualite","status":"publish","type":"post","link":"https:\/\/www.europesays.com\/fr\/520755\/","title":{"rendered":"Aubin Sparfel, \u00ab deux erreurs qui sont fatales pour la victoire \u00bb &#8211; Actualit\u00e9"},"content":{"rendered":"<p style=\"text-align: justify;\">Tout \u00e9tait parfait pour <strong><a href=\"https:\/\/www.directvelo.com\/coureur\/43328\/aubin-sparfel\" target=\"_blank\" rel=\"noopener\">Aubin Sparfel<\/a><\/strong>. Jusqu&rsquo;\u00e0 un tour et demi du but, le soci\u00e9taire de Decathlon AG2R La Mondiale semblait s&rsquo;envoler vers le titre de Champion d&rsquo;Europe de cyclo-cross. \u00ab\u00a0Au d\u00e9but, j&rsquo;ai bien g\u00e9r\u00e9, je me sentais tr\u00e8s fort, donc c&rsquo;\u00e9tait plut\u00f4t une course r\u00e9ussie jusqu&rsquo;\u00e0 l&rsquo;avant-dernier demi-tour, et j&rsquo;ai fait deux erreurs qui m&rsquo;ont un peu d\u00e9stabilis\u00e9 et qui m&rsquo;ont fait perdre mon avance\u00a0\u00bb. Malgr\u00e9 un matelas en t\u00eate de course, le sable de Middelkerke a perturb\u00e9 ses plans. \u00ab\u00a0J&rsquo;ai fait l&rsquo;effort une premi\u00e8re fois et j&rsquo;ai bien creus\u00e9. J&rsquo;avais une quinzaine de secondes quasiment. Malheureusement je fais une erreur, j&rsquo;arrive \u00e0 recreuser ensuite sur la partie dure du circuit, c&rsquo;\u00e9tait id\u00e9al jusque-l\u00e0. Puis j&rsquo;ai refait une seconde erreur\u00a0\u00bb, raconte-t-il.<\/p>\n<p>Son avance est partie en fum\u00e9e et le groupe de poursuivants est revenu sur son porte-bagages. \u00ab\u00a0Je pense que c&rsquo;est le sable, \u00e7a peut \u00eatre assez pi\u00e9geux des fois, et je ne saurais pas vraiment l&rsquo;expliquer, mais j&rsquo;ai fait deux erreurs qui sont fatales pour la victoire, je pense\u00a0\u00bb. D&rsquo;autant plus dommage qu&rsquo;Aubin Sparfel \u00e9tait peut-\u00eatre le plus fort sans ces deux accidents. \u00ab\u00a0Je me sentais bien alors j&rsquo;essayais de jauger un peu mes adversaires, de me placer dans les parties tr\u00e8s techniques, j&rsquo;arrivais toujours \u00e0 passer en t\u00eate\u00a0\u00bb. Mais le coup de massue l&rsquo;a sorti de sa course apr\u00e8s, pour la course \u00e0 la m\u00e9daille. \u00ab\u00a0J&rsquo;ai un peu mal g\u00e9r\u00e9 le final et <strong><a href=\"https:\/\/www.directvelo.com\/actualite\/125176\/cc-championnat-deurope-u23-hommes-classement\" target=\"_blank\" rel=\"noopener\">je suis finalement 6e<\/a><\/strong>. C&rsquo;est comme \u00e7a\u00a0\u00bb.<\/p>\n<p>Si ce n&rsquo;\u00e9tait pas l&rsquo;objectif ce samedi, Aubin Sparfel se veut optimiste. \u00ab\u00a0Je retiens le positif, que j&rsquo;\u00e9tais fort. J&rsquo;avais de bonnes jambes, j&rsquo;ai encore deux ann\u00e9es d&rsquo;Espoir pour aller chercher ce titre\u00a0\u00bb. Le vainqueur du Tour du Finist\u00e8re voit bien sa courbe de progression continuer \u00e0 monter. \u00ab\u00a0Je pense que ma saison route m&rsquo;a fait passer un sacr\u00e9 palier, je me sens fort. La saison de cyclo-cross est encore longue, je peux faire de meilleurs r\u00e9sultats encore\u00a0\u00bb. Double vainqueur sur la Coupe de France \u00e0 Albi, il sera bien de la partie \u00e0 Quelneuc pour poursuivre sa s\u00e9rie. \u00ab\u00a0J&rsquo;ai des sensations au top, tous les voyants sont verts et j&rsquo;ai h\u00e2te de poursuivre cette saison\u00a0\u00bb. Avec un peu moins de frustration les prochaines semaines.<\/p>\n","protected":false},"excerpt":{"rendered":"Tout \u00e9tait parfait pour Aubin Sparfel. Jusqu&rsquo;\u00e0 un tour et demi du but, le soci\u00e9taire de Decathlon AG2R&hellip;\n","protected":false},"author":2,"featured_media":520756,"comment_status":"","ping_status":"","sticky":false,"template":"","format":"standard","meta":{"footnotes":""},"categories":[1411],"tags":[834,828,836,829,837,827,83,826,824,823,1154,207,814,817,815,816,822,821,832,211,839,1011,27,820,818,819,835,831,830,833,838,60,212,208,825],"class_list":{"0":"post-520755","1":"post","2":"type-post","3":"status-publish","4":"format-standard","5":"has-post-thumbnail","7":"category-cyclisme","8":"tag-attaque","9":"tag-belgique","10":"tag-braquet","11":"tag-bretagne","12":"tag-chute","13":"tag-competition","14":"tag-coupe-de-france","15":"tag-coureur","16":"tag-course-cyclisme","17":"tag-course-cycliste","18":"tag-cycling","19":"tag-cyclisme","20":"tag-direct","21":"tag-direct-velo","22":"tag-directvelo","23":"tag-directvelo-com","24":"tag-epreuve","25":"tag-epreuve-cycliste","26":"tag-federation-francaise-de-cyclisme","27":"tag-ffc","28":"tag-flandres","29":"tag-fr","30":"tag-france","31":"tag-live","32":"tag-live-course","33":"tag-live-epreuve","34":"tag-peloton","35":"tag-radio-peloton","36":"tag-radio-tour","37":"tag-ravitaillement","38":"tag-relance","39":"tag-sports","40":"tag-uci","41":"tag-velo","42":"tag-velos"},"share_on_mastodon":{"url":"https:\/\/pubeurope.com\/@fr\/115514702868314197","error":""},"_links":{"self":[{"href":"https:\/\/www.europesays.com\/fr\/wp-json\/wp\/v2\/posts\/520755","targetHints":{"allow":["GET"]}}],"collection":[{"href":"https:\/\/www.europesays.com\/fr\/wp-json\/wp\/v2\/posts"}],"about":[{"href":"https:\/\/www.europesays.com\/fr\/wp-json\/wp\/v2\/types\/post"}],"author":[{"embeddable":true,"href":"https:\/\/www.europesays.com\/fr\/wp-json\/wp\/v2\/users\/2"}],"replies":[{"embeddable":true,"href":"https:\/\/www.europesays.com\/fr\/wp-json\/wp\/v2\/comments?post=520755"}],"version-history":[{"count":0,"href":"https:\/\/www.europesays.com\/fr\/wp-json\/wp\/v2\/posts\/520755\/revisions"}],"wp:featuredmedia":[{"embeddable":true,"href":"https:\/\/www.europesays.com\/fr\/wp-json\/wp\/v2\/media\/520756"}],"wp:attachment":[{"href":"https:\/\/www.europesays.com\/fr\/wp-json\/wp\/v2\/media?parent=520755"}],"wp:term":[{"taxonomy":"category","embeddable":true,"href":"https:\/\/www.europesays.com\/fr\/wp-json\/wp\/v2\/categories?post=520755"},{"taxonomy":"post_tag","embeddable":true,"href":"https:\/\/www.europesays.com\/fr\/wp-json\/wp\/v2\/tags?post=520755"}],"curies":[{"name":"wp","href":"https:\/\/api.w.org\/{rel}","templated":true}]}}