{"id":520763,"date":"2025-11-08T15:11:13","date_gmt":"2025-11-08T15:11:13","guid":{"rendered":"https:\/\/www.europesays.com\/fr\/520763\/"},"modified":"2025-11-08T15:11:13","modified_gmt":"2025-11-08T15:11:13","slug":"tout-est-parti-pres-de-10-ans-apres-son-depart-de-tpmp-cette-ex-chroniqueuse-star-evoque-sa-situation-financiere","status":"publish","type":"post","link":"https:\/\/www.europesays.com\/fr\/520763\/","title":{"rendered":"\u00ab\u00a0Tout est parti\u00a0\u00bb : pr\u00e8s de 10 ans apr\u00e8s son d\u00e9part de TPMP, cette ex-chroniqueuse star \u00e9voque sa situation financi\u00e8re"},"content":{"rendered":"<p>            <img loading=\"lazy\" decoding=\"async\" src=\"https:\/\/www.europesays.com\/fr\/wp-content\/uploads\/2025\/04\/70-60dc2d431f18d-35x35-1.jpg\" class=\"author-article-picture\" width=\"35\" height=\"35\"\/><\/p>\n<p>                Par<br \/>\n                                    <a class=\"author-article-bio-link\" href=\"https:\/\/www.purepeople.com\/auteur\/liane-lazaar_a70\" rel=\"nofollow noopener\" target=\"_blank\">Liane Lazaar<\/a><br \/>\n                                                    | R\u00e9dactrice<\/p>\n<p>\n                Liane Lazaar est r\u00e9dactrice web rattach\u00e9e au p\u00f4le TV de Purepeople.com. Elle conna\u00eet autant le parcours de Jean-Pierre Pernaut sur TF1 que les derniers rebondissements des candidats de t\u00e9l\u00e9-r\u00e9alit\u00e9 et a un go\u00fbt prononc\u00e9 pour les histoires de coeur.\n            <\/p>\n<p>\n    \u00ab\u00a0Tout est parti\u00a0\u00bb : pr\u00e8s de 10 ans apr\u00e8s son d\u00e9part de TPMP, cette ex-chroniqueuse star \u00e9voque sa situation financi\u00e8re\n<\/p>\n<\/p>\n<p>                    Enora Malagr\u00e9 parle de sa situation financi\u00e8re.<\/p>\n<p>La suite apr\u00e8s la publicit\u00e9<\/p>\n<p>Elle \u00e9tait l&rsquo;une des premi\u00e8res chroniqueuses de l&rsquo;\u00e9mission Touche pas \u00e0 mon poste lors de son lancement en 2010 et elle a particip\u00e9 \u00e0 son grand succ\u00e8s les ann\u00e9es suivantes. Mais en 2017, l&rsquo;aventure s&rsquo;est termin\u00e9e pour <a href=\"https:\/\/www.purepeople.com\/people\/enora-malagre_p2682\" rel=\"nofollow noopener\" target=\"_blank\">\u00c9nora Malagr\u00e9<\/a> lorsqu&rsquo;elle a annonc\u00e9 son d\u00e9part \u00e0 travers un message Twitter. \u00ab\u00a0\u00c7a a \u00e9t\u00e9 sept ans merveilleux o\u00f9 j&rsquo;ai c\u00f4toy\u00e9 des gens exceptionnels. O\u00f9 j&rsquo;ai appris beaucoup de choses, mais<strong> il est temps pour moi de partir<\/strong>\u00ab\u00a0, d\u00e9clarait-elle dans une vid\u00e9o.<\/p>\n<p>\u00c0 cette \u00e9poque, \u00c9nora Malagr\u00e9 ne cache pas avoir pourtant gagn\u00e9 beaucoup d&rsquo;argent. Probl\u00e8me, elle a tout d\u00e9pens\u00e9. \u00ab\u00a0Je suis un panier perc\u00e9 et \u00e7a m&rsquo;a mis beaucoup beaucoup dans la mouise quand j&rsquo;\u00e9tais plus jeune, maintenant \u00e7a va mieux. Mais j&rsquo;ai fait des \u00e9normes b\u00eatises. <strong>J&rsquo;ai tr\u00e8s bien gagn\u00e9 ma vie \u00e0 un moment et tout est parti<\/strong>\u00ab\u00a0, confie-t-elle lors de son passage dans le Buzz TV.<\/p>\n<blockquote>\n<p>Je partais \u00e0 New York pour<\/p>\n<\/blockquote>\n<p>Enora Malagr\u00e9 de confie sur sa situation financi\u00e8re actuelle\u00a0<\/p>\n<p>La com\u00e9dienne de 45 ans pr\u00e9cise avoir essentiellement dilapid\u00e9 ses finances dans \u00ab\u00a0les voyages et les souliers\u00a0\u00bb. \u00ab\u00a0Je me prenais pour Carrie Bradshaw (personnage principal de la s\u00e9rie Sex and the city, ndlr) sauf que je n&rsquo;ai pas le m\u00eame salaire. Mais j&rsquo;ai toutes les chaussures de la s\u00e9rie. Je les ai revendues au moment o\u00f9 \u00e7a n&rsquo;allait pas. <strong>Mais j&rsquo;ai fait des trucs fous. Je partais \u00e0 New York pour m&rsquo;acheter une paire de chaussures. <\/strong>N&rsquo;importe quoi ! La vie m&rsquo;a punie je peux vous dire\u00a0\u00bb.<\/p>\n<p>Des \u00e9pisodes de sa vie dont elle a tir\u00e9 de pr\u00e9cieuses le\u00e7ons. \u00ab\u00a0Je suis beaucoup plus prudente maintenant je fais attention, <strong>j&rsquo;ai conscience qu&rsquo;on ne peut pas faire n&rsquo;importe quoi<\/strong>\u00ab\u00a0, fait-elle savoir aujourd&rsquo;hui avec plus de maturit\u00e9. Un raisonnement d&rsquo;autant plus important que son m\u00e9tier la place constamment dans l&rsquo;incertitude. \u00ab\u00a0<strong>Au th\u00e9\u00e2tre, on peu avoir du travail puis plus du tout. En t\u00e9l\u00e9, c&rsquo;est pareil.<\/strong> Donc il faut \u00eatre un peu plus pr\u00e9voyant, mais \u00e7a reste des m\u00e9tiers pour des personnes extr\u00eamement privil\u00e9gi\u00e9s\u00a0\u00bb, a-t-elle soulign\u00e9.<\/p>\n","protected":false},"excerpt":{"rendered":"Par Liane Lazaar | R\u00e9dactrice Liane Lazaar est r\u00e9dactrice web rattach\u00e9e au p\u00f4le TV de Purepeople.com. Elle conna\u00eet&hellip;\n","protected":false},"author":2,"featured_media":520764,"comment_status":"","ping_status":"","sticky":false,"template":"","format":"standard","meta":{"footnotes":""},"categories":[1356],"tags":[58,59,1011,27,252,1364],"class_list":{"0":"post-520763","1":"post","2":"type-post","3":"status-publish","4":"format-standard","5":"has-post-thumbnail","7":"category-television","8":"tag-divertissement","9":"tag-entertainment","10":"tag-fr","11":"tag-france","12":"tag-television","13":"tag-tv"},"share_on_mastodon":{"url":"https:\/\/pubeurope.com\/@fr\/115514723239798243","error":""},"_links":{"self":[{"href":"https:\/\/www.europesays.com\/fr\/wp-json\/wp\/v2\/posts\/520763","targetHints":{"allow":["GET"]}}],"collection":[{"href":"https:\/\/www.europesays.com\/fr\/wp-json\/wp\/v2\/posts"}],"about":[{"href":"https:\/\/www.europesays.com\/fr\/wp-json\/wp\/v2\/types\/post"}],"author":[{"embeddable":true,"href":"https:\/\/www.europesays.com\/fr\/wp-json\/wp\/v2\/users\/2"}],"replies":[{"embeddable":true,"href":"https:\/\/www.europesays.com\/fr\/wp-json\/wp\/v2\/comments?post=520763"}],"version-history":[{"count":0,"href":"https:\/\/www.europesays.com\/fr\/wp-json\/wp\/v2\/posts\/520763\/revisions"}],"wp:featuredmedia":[{"embeddable":true,"href":"https:\/\/www.europesays.com\/fr\/wp-json\/wp\/v2\/media\/520764"}],"wp:attachment":[{"href":"https:\/\/www.europesays.com\/fr\/wp-json\/wp\/v2\/media?parent=520763"}],"wp:term":[{"taxonomy":"category","embeddable":true,"href":"https:\/\/www.europesays.com\/fr\/wp-json\/wp\/v2\/categories?post=520763"},{"taxonomy":"post_tag","embeddable":true,"href":"https:\/\/www.europesays.com\/fr\/wp-json\/wp\/v2\/tags?post=520763"}],"curies":[{"name":"wp","href":"https:\/\/api.w.org\/{rel}","templated":true}]}}