{"id":520788,"date":"2025-11-08T15:24:34","date_gmt":"2025-11-08T15:24:34","guid":{"rendered":"https:\/\/www.europesays.com\/fr\/520788\/"},"modified":"2025-11-08T15:24:34","modified_gmt":"2025-11-08T15:24:34","slug":"rencontre-avec-eric-anceau-specialiste-de-lempereur","status":"publish","type":"post","link":"https:\/\/www.europesays.com\/fr\/520788\/","title":{"rendered":"rencontre avec \u00c9ric Anceau, sp\u00e9cialiste de l&rsquo;Empereur"},"content":{"rendered":"<p>            Par<br \/>\n        <strong><br \/>\n            <a href=\"https:\/\/actu.fr\/auteur\/emil-vautrin\" title=\"Consulter tous les articles de Emil Vautrin\" target=\"_blank\" rel=\"noopener\">Emil Vautrin<\/a><br \/>\n        <\/strong><\/p>\n<p>        Publi\u00e9 le<\/p>\n<p>            7 nov. 2025 \u00e0 19h04        <\/p>\n<p>Napol\u00e9on III, le prix de l\u2019audace, une s\u00e9rie sur Louis Napol\u00e9on Bonaparte, alias Napol\u00e9on III, sera diffus\u00e9e<strong> \u00e0 partir du 26 novembre su Canal+ Docs et Plan\u00e8te+<\/strong>. \u00c9ric Anceau, historien <strong>sp\u00e9cialiste de cette p\u00e9riode<\/strong> ainsi que du personnage, a assist\u00e9 le r\u00e9alisateur \u00c9douard Jacques sur le projet.<\/p>\n<p class=\" wall-content\">Aujourd\u2019hui professeur \u00e0 l\u2019Universit\u00e9 de Lorraine \u00e0 <a href=\"https:\/\/actu.fr\/grand-est\/nancy_54395\" target=\"_blank\" rel=\"noopener\">Nancy<\/a> (entre autres), nous l\u2019avons rencontr\u00e9 pour revenir sur cette s\u00e9rie documentaire innovante, et plus globalement sur la figure de Napol\u00e9on III. Entretien.<\/p>\n<p>Une s\u00e9rie innovante renforc\u00e9e par l\u2019IA<\/p>\n<p class=\" wall-content\">Eric Anceau a eu plusieurs fonctions lors de mise en place de l\u2019\u0153uvre. D\u2019abord, aider au \u00ab\u00a0s\u00e9quen\u00e7age\u00a0\u00bb de la s\u00e9rie, c\u2019est-\u00e0-dire d\u00e9terminer les aspects les plus importants \u00e0 aborder durant les quatre \u00e9pisodes. Et bien s\u00fbr, <strong>un r\u00f4le de consultant historique<\/strong> : \u00ab\u00a0Sur ce point je n\u2019ai eu que quelques d\u00e9tails \u00e0 corriger, car l\u2019\u00e9quipe \u00e9tait tr\u00e8s au point historiquement\u00a0\u00bb.\u00a0<\/p>\n<p class=\" wall-content\">Lorsqu\u2019\u00c9ric Anceau explique pourquoi il a accept\u00e9 de donner de son temps pour la s\u00e9rie, il explique cela par deux raisons : \u00ab\u00a0Premi\u00e8rement, j\u2019ai tout de suite vu qu\u2019\u00c9douard Jacques avait <strong>un r\u00e9el int\u00e9r\u00eat pour Louis Napol\u00e9on Bonaparte<\/strong>, il avait \u00e9norm\u00e9ment lu sur le sujet.\u00a0\u00bb<\/p>\n<p class=\" wall-content\">La place de<a href=\"https:\/\/actu.fr\/tag\/intelligence-artificielle\" target=\"_blank\" rel=\"noopener\"> l\u2019intelligence artificielle<\/a> (IA) dans l\u2019\u0153uvre l\u2019a \u00e9galement s\u00e9duit. D\u2019apr\u00e8s ses explications, cette derni\u00e8re repr\u00e9sente quasiment \u00ab\u00a0les deux tiers de la s\u00e9rie\u00a0\u00bb (quatre \u00e9pisodes de 52 minutes), qui fait appel \u00e0 des acteurs professionnels ainsi qu\u2019\u00e0 des doubleurs de m\u00e9tier, mais s\u2019appuie quasi essentiellement sur l\u2019IA pour les illustrations.<\/p>\n<blockquote class=\"ac-article-quote wall-content\">\n<p>\u00ab\u00a0L&rsquo;IA donne un r\u00e9sultat vraiment impressionnant car cela permet d&rsquo;avoir un r\u00e9alisme quasi parfait en ce qui concerne le physique des personnages, en particulier celui de Napol\u00e9on III. Je ne doute pas du succ\u00e8s de la s\u00e9rie\u00a0\u00bb.<\/p>\n<p>    <strong>Eric Anceau<\/strong><br \/>\n        Historien, consultant pour la s\u00e9rie Napol\u00e9on III, le prix de l&rsquo;Audace    <\/p><\/blockquote>\n<p>La figure de Napol\u00e9on III<\/p>\n<p class=\" wall-content\">La rencontre avec \u00c9ric Anceau \u00e9tait \u00e9galement l\u2019occasion de revenir sur les grands aspects de Louis Napol\u00e9on Bonaparte, neveu de <a href=\"https:\/\/actu.fr\/tag\/napoleon\" target=\"_blank\" rel=\"noopener\">Napol\u00e9on 1er<\/a>, dont l\u2019impact est parfois <strong>assez m\u00e9connu<\/strong>.<\/p>\n<p>Votre r\u00e9gion, votre actu !<\/p>\n<p>Recevez chaque jour les infos qui comptent pour vous.<\/p>\n<p>\t<a href=\"https:\/\/actu.fr\/newsletter\" class=\"ac-btn ac-btn--corner ac-btn--medium ac-btn--blue800\" target=\"_blank\" rel=\"noopener\">S&rsquo;incrire<\/a><\/p>\n<p class=\" wall-content\">\u00ab\u00a0Si je devais d\u00e9finir Napol\u00e9on III en quelques lignes, je parlerais d\u2019un homme<strong> tr\u00e8s cultiv\u00e9<\/strong>, ayant beaucoup lu, qui a men\u00e9 un <strong>programme politique intellectuel et pragmatique<\/strong>, mais toujours articul\u00e9 autour de quelques principes fermes.\u00a0\u00bb<\/p>\n<p class=\" wall-content\">Parmi ces grands principes, Eric Anceau insiste notamment sur l\u2019importance de la <strong>politique sociale et le principe des nationalit\u00e9s<\/strong> (droit d\u2019un peuple \u00e0 son ind\u00e9pendance).<\/p>\n<p>Un impact positif souvent sous-estim\u00e9<\/p>\n<p class=\" wall-content\">Sur l\u2019impact de Napol\u00e9on III et sa <strong>popularit\u00e9 aupr\u00e8s du grand public, \u00c9ric Anceau se f\u00e9licite de son relatif<\/strong> retour au premier plan, en donnant un exemple pr\u00e9cis :<\/p>\n<p class=\" wall-content\">\u00ab\u00a0Je me souviens de la diffusion en 2005 d\u2019une \u00e9mission de t\u00e9l\u00e9vision dans laquelle on demandait aux Fran\u00e7ais de classer les 100 plus grands Fran\u00e7ais selon eux. \u00c0 l\u2019\u00e9poque, Louis Napol\u00e9on Bonaparte ne figurait <strong>m\u00eame pas dans les 100<\/strong>. Aujourd\u2019hui, il est bien plus mis en avant, notamment dans les <strong>programmes scolaires<\/strong> au lyc\u00e9e\u00a0\u00bb.<\/p>\n<p class=\" wall-content\">Et si le dernier Empereur des Fran\u00e7ais m\u00e9rite qu\u2019on l\u2019\u00e9tudie, c\u2019est notamment pour toutes les<strong> grandes avanc\u00e9es<\/strong> qui ont \u00e9t\u00e9 r\u00e9alis\u00e9es durant sa pr\u00e9sence au pouvoir, explique le sp\u00e9cialiste :<\/p>\n<p class=\" wall-content\">\u00ab\u00a0On l\u2019oublie souvent mais la politique de Napol\u00e9on III a amen\u00e9 des avanc\u00e9es primordiales sur beaucoup de points : l\u2019am\u00e9lioration voire la naissance des <strong>r\u00e9seaux ferroviaires<\/strong>; l\u2019arriv\u00e9e du<strong> droit de gr\u00e8ve<\/strong> en 1864 ; le d\u00e9veloppement du <strong>suffrage universel masculin<\/strong> ; la transformation de la ville de Paris par Haussmann.\u00a0\u00bb<\/p>\n<p class=\" wall-content\">\u00ab\u00a0M\u00eame sur le plan international, on peut \u00e9voquer son r\u00f4le dans l\u2019<strong>unification italienne<\/strong> ou celui encore plus majeur dans la cr\u00e9ation du Canal de Suez\u00a0\u00bb.<\/p>\n<p>Malgr\u00e9 quelques erreurs \u00e0 ne pas omettre<\/p>\n<p class=\" wall-content\">Toutefois, \u00c9ric Anceau n\u2019omet pas les erreurs commises par Napol\u00e9on III, comme sa \u00ab\u00a0mauvaise gestion de <strong>l\u2019exp\u00e9dition mexicaine<\/strong> d\u00e9but\u00e9e en 1861\u2033, pr\u00e9cisant qu\u2019il a vraisemblablement \u00e9t\u00e9 mal conseill\u00e9\u00a0\u00bb, ou le fait de s\u2019\u00eatre <strong>illusionn\u00e9 sur Bismarck<\/strong>\u00ab\u00a0, menant en partie \u00e0 la<a href=\"https:\/\/actu.fr\/centre-val-de-loire\/loigny-la-bataille_28212\/faire-le-zouave-a-la-guerre-une-plongee-dans-l-histoire-de-ces-combattants-de-la-guerre-de-1870_63350903.html\" target=\"_blank\" rel=\"noopener\"> guerre de 1870<\/a>, et donc \u00e0 la chute de l\u2019Empire.<\/p>\n<p class=\" wall-content\">En ce qui concerne les controverses et les critiques \u00e0 l\u2019encontre de Napol\u00e9on III, l\u2019historien ne nie pas le <strong>caract\u00e8re tr\u00e8s autoritaire du r\u00e9gime<\/strong>, qui d\u00e9marre sur un coup d\u2019\u00c9tat en 1851, mais rappelle que ce dernier s\u2019est grandement lib\u00e9ralis\u00e9 \u00e0 partir de 1860 :<\/p>\n<p class=\" wall-content\">\u00ab\u00a0On distingue nettement <strong>deux phases<\/strong> et il ne faut pas oublier que la seconde partie de l\u2019Empire a connu l\u2019arriv\u00e9e de plusieurs m\u00e9canismes comme le <strong>droit d\u2019interpellation<\/strong>, la <strong>responsabilit\u00e9 du gouvernement devant le Corps l\u00e9gislatif<\/strong> \u00e0 partir de janvier 1870, et m\u00eame l\u2019apparition de la <strong>d\u00e9claration de politique g\u00e9n\u00e9rale<\/strong> du chef du gouvernement, qui existe encore aujourd\u2019hui\u00a0\u00bb.<\/p>\n<p>Le succ\u00e8s de \u00ab\u00a0sa\u00a0\u00bb Nouvelle histoire de France<\/p>\n<p>Eric Anceau est \u00e9galement l&rsquo;auteur d&rsquo;un grand nombre d&rsquo;ouvrages. Depuis le 1er octobre dernier, \u00ab\u00a0Nouvelle Histoire de France, 100 historiens et historiennes racontent la France\u00a0\u00bb publi\u00e9 aux \u00e9ditions Pass\u00e9s\/compos\u00e9s, est disponible dans de nombreux points de vente. Dirig\u00e9 par le sp\u00e9cialiste de Napol\u00e9on III, ce dernier a souhait\u00e9 s&rsquo;entourer des meilleurs dans chacun des th\u00e8mes abord\u00e9s.<br \/>\u00ab\u00a0L&rsquo;objectif \u00e9tait de proposer une histoire encyclop\u00e9dique qui r\u00e9unisse les meilleurs, articul\u00e9e autour de quatre grandes parties, couvrant la plus large p\u00e9riode temporelle possible, de la Pr\u00e9histoire \u00e0 nos jours\u00a0\u00bb.<br \/>\u00ab\u00a0L&rsquo;ouvrage semble plaire au plus grand public puisqu&rsquo;un retirage de 10 000 exemplaires a d\u00e9j\u00e0 \u00e9t\u00e9 r\u00e9alis\u00e9\u00a0\u00bb, annonce \u00c9ric Anceau, satisfait.<\/p>\n<p>Le premier \u00e9pisode de Napol\u00e9on, le prix de l\u2019audace sera diffus\u00e9 mercredi 26 novembre \u00e0 20h55 sur Plan\u00e8te+.<\/p>\n<p class=\" wall-content\">Personnalisez votre actualit\u00e9 en ajoutant vos villes et m\u00e9dias en favori avec <a href=\"https:\/\/moncompte.actu.fr\" title=\"D\u00e9couvez Mon Actu\" rel=\"nofollow noopener\" data-trk=\"{&quot;cta&quot;:{&quot;action&quot;:&quot;https:\\\/\\\/moncompte.actu.fr&quot;,&quot;category&quot;:&quot;mon compte&quot;,&quot;from&quot;:&quot;article footer&quot;,&quot;name&quot;:&quot;Mon actu&quot;,&quot;type&quot;:&quot;cta&quot;}}\" target=\"_blank\">Mon Actu<\/a>.<\/p>\n","protected":false},"excerpt":{"rendered":"Par Emil Vautrin Publi\u00e9 le 7 nov. 2025 \u00e0 19h04 Napol\u00e9on III, le prix de l\u2019audace, une s\u00e9rie&hellip;\n","protected":false},"author":2,"featured_media":520789,"comment_status":"","ping_status":"","sticky":false,"template":"","format":"standard","meta":{"footnotes":""},"categories":[9635],"tags":[1111,11,1777,674,1011,27,775,58904,223,1702,12,2551,64164,25],"class_list":{"0":"post-520788","1":"post","2":"type-post","3":"status-publish","4":"format-standard","5":"has-post-thumbnail","7":"category-nancy","8":"tag-actu","9":"tag-actualites","10":"tag-eu","11":"tag-europe","12":"tag-fr","13":"tag-france","14":"tag-grand-est","15":"tag-histoire-patrimoine","16":"tag-intelligence-artificielle","17":"tag-nancy","18":"tag-news","19":"tag-patrimoine","20":"tag-personnages-historiques","21":"tag-republique-francaise"},"share_on_mastodon":{"url":"https:\/\/pubeurope.com\/@fr\/115514773568350252","error":""},"_links":{"self":[{"href":"https:\/\/www.europesays.com\/fr\/wp-json\/wp\/v2\/posts\/520788","targetHints":{"allow":["GET"]}}],"collection":[{"href":"https:\/\/www.europesays.com\/fr\/wp-json\/wp\/v2\/posts"}],"about":[{"href":"https:\/\/www.europesays.com\/fr\/wp-json\/wp\/v2\/types\/post"}],"author":[{"embeddable":true,"href":"https:\/\/www.europesays.com\/fr\/wp-json\/wp\/v2\/users\/2"}],"replies":[{"embeddable":true,"href":"https:\/\/www.europesays.com\/fr\/wp-json\/wp\/v2\/comments?post=520788"}],"version-history":[{"count":0,"href":"https:\/\/www.europesays.com\/fr\/wp-json\/wp\/v2\/posts\/520788\/revisions"}],"wp:featuredmedia":[{"embeddable":true,"href":"https:\/\/www.europesays.com\/fr\/wp-json\/wp\/v2\/media\/520789"}],"wp:attachment":[{"href":"https:\/\/www.europesays.com\/fr\/wp-json\/wp\/v2\/media?parent=520788"}],"wp:term":[{"taxonomy":"category","embeddable":true,"href":"https:\/\/www.europesays.com\/fr\/wp-json\/wp\/v2\/categories?post=520788"},{"taxonomy":"post_tag","embeddable":true,"href":"https:\/\/www.europesays.com\/fr\/wp-json\/wp\/v2\/tags?post=520788"}],"curies":[{"name":"wp","href":"https:\/\/api.w.org\/{rel}","templated":true}]}}