{"id":520806,"date":"2025-11-08T15:35:10","date_gmt":"2025-11-08T15:35:10","guid":{"rendered":"https:\/\/www.europesays.com\/fr\/520806\/"},"modified":"2025-11-08T15:35:10","modified_gmt":"2025-11-08T15:35:10","slug":"pierre-poulain-ouvre-une-nouvelle-cave-a-vin-au-pied-dun-immeuble-mythique-du-centre-ville","status":"publish","type":"post","link":"https:\/\/www.europesays.com\/fr\/520806\/","title":{"rendered":"Pierre Poulain ouvre une nouvelle cave \u00e0 vin, au pied d&rsquo;un immeuble mythique du centre-ville"},"content":{"rendered":"<p>            Par<br \/>\n        <strong><br \/>\n            <a href=\"https:\/\/actu.fr\/auteur\/clemence-pays02-actu-fr\" title=\"Consulter tous les articles de Cl\u00e9mence Pays\" target=\"_blank\" rel=\"noopener\">Cl\u00e9mence Pays<\/a><br \/>\n        <\/strong><\/p>\n<p>        Publi\u00e9 le<\/p>\n<p>            8 nov. 2025 \u00e0 15h39        <\/p>\n<p>Depuis quelques jours, les habitants du quartier Thabor \u00e0 Rennes ont pu observer quelques changements. Au pied de <strong>la barre Saint-Just (dit \u00ab\u00a0l\u2019immeuble paquebot\u00a0\u00bb),<\/strong> l\u2019une des cellules commerciales a fait peau neuve.<\/p>\n<p class=\" wall-content\">Apr\u00e8s plusieurs semaines de travaux, rue Jean-Gu\u00e9henno, le <strong>Cellier S\u00e9vign\u00e9<\/strong> a ouvert en lieu et place de la Cave des Tuileries, <strong>install\u00e9e depuis vingt ans<\/strong> dans le centre de <a href=\"https:\/\/actu.fr\/rennes\/\" target=\"_blank\" rel=\"noopener\">Rennes<\/a>.<\/p>\n<p>Une cave avec du potentiel<\/p>\n<p class=\" wall-content\">\u00c0 sa t\u00eate, <strong>Pierre Poulain.<\/strong> Un nom qui n\u2019est pas inconnu des amateurs de bon vin, puisque le Rennais est d\u00e9j\u00e0 \u00e0 la t\u00eate du <strong>Cellier des Lices<\/strong> et du <a href=\"https:\/\/actu.fr\/bretagne\/rennes_35238\/la-plus-vieille-cave-a-vin-de-rennes-et-l-une-des-meilleures-de-france-fete-ses-46-bouchons_61907972.html\" target=\"_blank\" rel=\"noopener\">Cellier Saint-Germain, la plus vieille cave de la capitale bretonne<\/a>.<\/p>\n<p class=\" wall-content\">Cette troisi\u00e8me cave n\u2019\u00e9tait pas forc\u00e9ment dans les projets \u00e0 court terme de Pierre Poulain. \u00ab\u2009Mais je n\u2019\u00e9tais pas ferm\u00e9 \u00e0 cette id\u00e9e. On est<strong> venu me voir<\/strong> pour me parler de cette cave. J\u2019ai fait une offre et elle a \u00e9t\u00e9 accept\u00e9e\u2009\u00bb, retrace l\u2019<strong>ancien sommelier<\/strong> pass\u00e9 par le Plaza Ath\u00e9n\u00e9e et les Caves Legrand \u00e0 Paris.<\/p>\n<blockquote class=\"ac-article-quote wall-content\">\n<p>M\u00eame si la cave n&rsquo;\u00e9tait pas tr\u00e8s sexy, j&rsquo;ai senti le potentiel qu&rsquo;il y avait ici.<\/p>\n<p>    <strong>Pierre Poulain<\/strong><br \/>\n        Propri\u00e9taire des Celliers Saint-Germain, des Lices et S\u00e9vign\u00e9    <\/p><\/blockquote>\n<p class=\" wall-content\">Apr\u00e8s avoir r\u00e9cup\u00e9r\u00e9 les cl\u00e9s du local en juin, le g\u00e9rant a d\u00e9cid\u00e9 de faire quelques<strong> travaux <\/strong>: les murs ont \u00e9t\u00e9 repeints et \u00e9claircis, la hauteur sous plafond rehauss\u00e9e sur une partie de la boutique et de nouvelles \u00e9tag\u00e8res ont \u00e9t\u00e9 install\u00e9es pour pr\u00e9senter les bouteilles. \u00ab\u2009Il y a encore <strong>quelques finitions<\/strong> en cours. On va rajouter de l\u2019\u00e9clairage et un peu de d\u00e9coration\u2009\u00bb, note Pierre Poulain.<\/p>\n<p>Votre r\u00e9gion, votre actu !<\/p>\n<p>Recevez chaque jour les infos qui comptent pour vous.<\/p>\n<p>\t<a href=\"https:\/\/actu.fr\/newsletter\" class=\"ac-btn ac-btn--corner ac-btn--medium ac-btn--blue800\" target=\"_blank\" rel=\"noopener\">S&rsquo;incrire<\/a><br \/>\nUne s\u00e9lection de vins \u00ab\u2009pl\u00e9biscit\u00e9s\u2009\u00bb<\/p>\n<p class=\" wall-content\">C\u00f4t\u00e9 produits, le Cellier S\u00e9vign\u00e9 propose une gamme de <strong>350 r\u00e9f\u00e9rences de vins, bi\u00e8res, boissons sans alcool et spiritueux.<\/strong><\/p>\n<p class=\" wall-content\">Ces breuvages viennent d\u2019une s\u00e9lection des <strong>vins \u00ab\u2009les plus pl\u00e9biscit\u00e9s\u2009\u00bb<\/strong> au Cellier des Lices et au Cellier Saint-Germain, avec des <strong>domaines phares<\/strong> comme la famille Mitjaville, le Domaine Leflaive, les cidres Kystin et le Domaine Hauvette.<\/p>\n<p>Le Cellier Saint-Germain f\u00eate ses 47 ans<\/p>\n<p>Fin novembre, le Cellier Saint-Germain va f\u00eater ses 47 ans. \u00c0 cette occasion, \u00ab\u00a0il y aura 10 jours de promotion\u00a0\u00bb. \u00ab\u00a0Cela va aussi marquer l&rsquo;arriv\u00e9e du Beaujolais nouveau\u00a0\u00bb, pr\u00e9cise Pierre-Poulain.<\/p>\n<p class=\" wall-content\">Pour compl\u00e9ter l\u2019offre, des <strong>produits ap\u00e9ritifs<\/strong> comme des chips et du saucisson sont \u00e0 vendre, pour r\u00e9pondre \u00e0 une demande importante.<\/p>\n<p>Une offre commune dans les trois caves<\/p>\n<p class=\" wall-content\">Les clients peuvent \u00e9galement demander leur <strong>\u00ab\u2009carte d\u2019infid\u00e9lit\u00e9\u2009\u00bb,<\/strong> programme de fid\u00e9lit\u00e9 imagin\u00e9 par Pierre Poulain, qui permet de se rendre dans les trois Celliers.<\/p>\n<p class=\" wall-content\">Le Cellier S\u00e9vign\u00e9 propose aussi <strong>la box du Cellier,<\/strong> un abonnement permettant de recevoir une s\u00e9lection de trois bouteilles par mois.<\/p>\n<p class=\" wall-content\">Concernant l\u2019offre<strong> d\u00e9p\u00f4t de colis,<\/strong> propos\u00e9e par les anciens propri\u00e9taires de la cave, \u00ab\u2009on ne le fait plus pour le moment, mais peut-\u00eatre qu\u2019on reprendra \u00e7a dans quelques mois\u2009\u00bb, le temps des derni\u00e8res mises en place.<\/p>\n<p><strong>Infos pratiques\u2009:<\/strong><br \/>Le Cellier S\u00e9vign\u00e9, 35 rue Jean-Gu\u00e9henno, \u00e0 Rennes. Ouvert du mardi au vendredi, de 10h30 \u00e0 13h15 et de 15h30 \u00e0 19h15\u2009; le samedi de 10h30 \u00e0 13h15 et de 14h15 \u00e0 19h15. Ferm\u00e9 dimanche et lundi.<\/p>\n<p class=\" wall-content\">Personnalisez votre actualit\u00e9 en ajoutant vos villes et m\u00e9dias en favori avec <a href=\"https:\/\/moncompte.actu.fr\" title=\"D\u00e9couvez Mon Actu\" rel=\"nofollow noopener\" data-trk=\"{&quot;cta&quot;:{&quot;action&quot;:&quot;https:\\\/\\\/moncompte.actu.fr&quot;,&quot;category&quot;:&quot;mon compte&quot;,&quot;from&quot;:&quot;article footer&quot;,&quot;name&quot;:&quot;Mon actu&quot;,&quot;type&quot;:&quot;cta&quot;}}\" target=\"_blank\">Mon Actu<\/a>.<\/p>\n","protected":false},"excerpt":{"rendered":"Par Cl\u00e9mence Pays Publi\u00e9 le 8 nov. 2025 \u00e0 15h39 Depuis quelques jours, les habitants du quartier Thabor&hellip;\n","protected":false},"author":2,"featured_media":520807,"comment_status":"","ping_status":"","sticky":false,"template":"","format":"standard","meta":{"footnotes":""},"categories":[2821],"tags":[1111,11,829,215,33,1777,674,1011,27,12,3147,584,25,1662],"class_list":{"0":"post-520806","1":"post","2":"type-post","3":"status-publish","4":"format-standard","5":"has-post-thumbnail","7":"category-rennes","8":"tag-actu","9":"tag-actualites","10":"tag-bretagne","11":"tag-commerce","12":"tag-economie","13":"tag-eu","14":"tag-europe","15":"tag-fr","16":"tag-france","17":"tag-news","18":"tag-nouveaux-commerces","19":"tag-rennes","20":"tag-republique-francaise","21":"tag-vin"},"share_on_mastodon":{"url":"https:\/\/pubeurope.com\/@fr\/115514816894410192","error":""},"_links":{"self":[{"href":"https:\/\/www.europesays.com\/fr\/wp-json\/wp\/v2\/posts\/520806","targetHints":{"allow":["GET"]}}],"collection":[{"href":"https:\/\/www.europesays.com\/fr\/wp-json\/wp\/v2\/posts"}],"about":[{"href":"https:\/\/www.europesays.com\/fr\/wp-json\/wp\/v2\/types\/post"}],"author":[{"embeddable":true,"href":"https:\/\/www.europesays.com\/fr\/wp-json\/wp\/v2\/users\/2"}],"replies":[{"embeddable":true,"href":"https:\/\/www.europesays.com\/fr\/wp-json\/wp\/v2\/comments?post=520806"}],"version-history":[{"count":0,"href":"https:\/\/www.europesays.com\/fr\/wp-json\/wp\/v2\/posts\/520806\/revisions"}],"wp:featuredmedia":[{"embeddable":true,"href":"https:\/\/www.europesays.com\/fr\/wp-json\/wp\/v2\/media\/520807"}],"wp:attachment":[{"href":"https:\/\/www.europesays.com\/fr\/wp-json\/wp\/v2\/media?parent=520806"}],"wp:term":[{"taxonomy":"category","embeddable":true,"href":"https:\/\/www.europesays.com\/fr\/wp-json\/wp\/v2\/categories?post=520806"},{"taxonomy":"post_tag","embeddable":true,"href":"https:\/\/www.europesays.com\/fr\/wp-json\/wp\/v2\/tags?post=520806"}],"curies":[{"name":"wp","href":"https:\/\/api.w.org\/{rel}","templated":true}]}}