{"id":520811,"date":"2025-11-08T15:38:26","date_gmt":"2025-11-08T15:38:26","guid":{"rendered":"https:\/\/www.europesays.com\/fr\/520811\/"},"modified":"2025-11-08T15:38:26","modified_gmt":"2025-11-08T15:38:26","slug":"ligue-1-la-tribune-nord-rouverte-les-joueurs-du-racing-club-de-strasbourg-excites-de-jouer-devant-un-stade-plein","status":"publish","type":"post","link":"https:\/\/www.europesays.com\/fr\/520811\/","title":{"rendered":"Ligue 1. La tribune nord rouverte, les joueurs du Racing club de Strasbourg \u00ab\u00a0excit\u00e9s\u00a0\u00bb de jouer \u00ab\u00a0devant un stade plein \u00bb"},"content":{"rendered":"<p>La Meinau au complet. Ou presque. Ce dimanche, le stade strasbourgeois ne sera plus amput\u00e9 d&rsquo;un quart de sa capacit\u00e9. Ferm\u00e9e depuis cet \u00e9t\u00e9, la tribune nord va rouvrir \u00e0 l&rsquo;occasion du match entre le <a href=\"https:\/\/www.dna.fr\/sport\/rcsa-racing-club-strasbourg\" target=\"_blank\" rel=\"noopener\">Racing<\/a> et <a href=\"https:\/\/www.dna.fr\/sport\/2025\/11\/07\/le-losc-va-s-entrainer-a-schiltigheim-avant-de-defier-le-racing-club-de-strasbourg\" target=\"_blank\" rel=\"noopener\">Lille<\/a> (17h15).<\/p>\n<p>Une premi\u00e8re depuis <a href=\"https:\/\/www.dna.fr\/sport\/2025\/09\/12\/nouvelle-meinau-l-audace-et-la-perseverance-recompensees\" target=\"_blank\" rel=\"noopener\">la construction de la tribune sud<\/a> ! L&rsquo;enceinte devrait ainsi pouvoir accueillir presque 31.000 spectateurs. Avant de passer \u00e0 sa jauge maximale de 32.000, quand le quart de virage anciennement occup\u00e9 par le kop sera lui aussi d\u00e9barrass\u00e9 de ses travaux.<\/p>\n<p>Ce contenu est bloqu\u00e9 car vous n&rsquo;avez pas accept\u00e9 les cookies et autres traceurs.<\/p>\n<p>En cliquant sur \u00ab J\u2019accepte \u00bb, les cookies et autres traceurs seront d\u00e9pos\u00e9s et vous pourrez visualiser les contenus  (<a href=\"\" class=\"consentModule_policy\" target=\"_blank\" title=\"Consulter la politique de protection des donn\u00e9es du fournisseur\">plus d&rsquo;informations<\/a>).<\/p>\n<p>En cliquant sur \u00ab J\u2019accepte tous les cookies \u00bb, vous autorisez des d\u00e9p\u00f4ts de cookies et autres traceurs pour le stockage de vos donn\u00e9es sur nos sites et applications \u00e0 des fins de personnalisation et de ciblage publicitaire.<\/p>\n<p class=\"consentModule_secondaryText\">Vous gardez la possibilit\u00e9 de retirer votre consentement \u00e0 tout moment en consultant notre <a href=\"https:\/\/www.dna.fr\/protection-des-donnees\" target=\"_blank\" title=\"Consulter notre politique de protection des donn\u00e9es\" rel=\"noopener\">politique de protection des donn\u00e9es<\/a>. <br \/>&#13;<br \/>\n            <a href=\"https:\/\/www.dna.fr\/sport\/2025\/11\/08\/javascript:Didomi.notice.show()\" class=\"consentModule_cmp\" target=\"_blank\" rel=\"noopener\">G\u00e9rer mes choix<\/a>&#13;\n        <\/p>\n<p>&#13;<br \/>\n                        J&rsquo;accepte&#13;<br \/>\n            J&rsquo;accepte tous les cookies&#13;\n        <\/p>\n<p>Mais le stade sera donc quasiment rempli contre le Losc. Forc\u00e9ment une bonne nouvelle pour les joueurs du Racing. \u00ab\u00a0Voir un stade plein, \u00e7a compte \u00e9norm\u00e9ment pour nous.\u00a0On l\u2019attendait \u00bb, lance l&rsquo;ailier Julio Enciso. \u00ab\u00a0Ca fait toujours la diff\u00e9rence. Quand nos supporters ne sont pas l\u00e0, on le sent. C\u2019est toujours mieux d\u2019avoir toute la famille du Racing derri\u00e8re nous. On le sentait quand le stade n\u2019\u00e9tait pas plein.\u00a0\u00bb<\/p>\n<p>\u00a0<br \/>\n  \u00a0\u00ab\u00a0J&rsquo;ai h\u00e2te\u00a0\u00bb<\/p>\n<p>Arriv\u00e9 au club \u00e0 l&rsquo;\u00e9t\u00e9 2024, <a href=\"https:\/\/www.dna.fr\/p\/liam-rosenior\" target=\"_blank\" rel=\"noopener\">Liam Rosenior<\/a> n&rsquo;a lui non plus jamais vu une Meinau compl\u00e8tement ouverte. \u00ab\u00a0J&rsquo;ai h\u00e2te et je suis excit\u00e9\u00a0\u00bb, sourit le coach anglais des Alsaciens. \u00ab\u00a0C\u2019est la premi\u00e8re fois que je vais avoir la chance d\u2019avoir un stade quasi plein. Si on joue notre foot et qu&rsquo;on met l\u2019intensit\u00e9 qui va avec, on risque d\u2019avoir une belle journ\u00e9e.\u00a0\u00bb<\/p>\n<p>Au soleil ? Comme ce samedi, la m\u00e9t\u00e9o s&rsquo;annonce couverte (et fra\u00eeche) dimanche en fin d&rsquo;apr\u00e8s-midi. Mais le spectacle sera dans le stade. Pas que sur le terrain.<\/p>\n","protected":false},"excerpt":{"rendered":"La Meinau au complet. Ou presque. Ce dimanche, le stade strasbourgeois ne sera plus amput\u00e9 d&rsquo;un quart de&hellip;\n","protected":false},"author":2,"featured_media":520812,"comment_status":"","ping_status":"","sticky":false,"template":"","format":"standard","meta":{"footnotes":""},"categories":[2820],"tags":[1111,11,2389,2649,1777,674,107,1701,63,1011,27,329,775,12,41281,25,517,640],"class_list":{"0":"post-520811","1":"post","2":"type-post","3":"status-publish","4":"format-standard","5":"has-post-thumbnail","7":"category-strasbourg","8":"tag-actu","9":"tag-actualites","10":"tag-alsace","11":"tag-bas-rhin","12":"tag-eu","13":"tag-europe","14":"tag-fil-info","15":"tag-fil-info-sport","16":"tag-football","17":"tag-fr","18":"tag-france","19":"tag-france-monde","20":"tag-grand-est","21":"tag-news","22":"tag-racing-club-strasbourg-masculin","23":"tag-republique-francaise","24":"tag-sport","25":"tag-strasbourg"},"share_on_mastodon":{"url":"https:\/\/pubeurope.com\/@fr\/115514828593022743","error":""},"_links":{"self":[{"href":"https:\/\/www.europesays.com\/fr\/wp-json\/wp\/v2\/posts\/520811","targetHints":{"allow":["GET"]}}],"collection":[{"href":"https:\/\/www.europesays.com\/fr\/wp-json\/wp\/v2\/posts"}],"about":[{"href":"https:\/\/www.europesays.com\/fr\/wp-json\/wp\/v2\/types\/post"}],"author":[{"embeddable":true,"href":"https:\/\/www.europesays.com\/fr\/wp-json\/wp\/v2\/users\/2"}],"replies":[{"embeddable":true,"href":"https:\/\/www.europesays.com\/fr\/wp-json\/wp\/v2\/comments?post=520811"}],"version-history":[{"count":0,"href":"https:\/\/www.europesays.com\/fr\/wp-json\/wp\/v2\/posts\/520811\/revisions"}],"wp:featuredmedia":[{"embeddable":true,"href":"https:\/\/www.europesays.com\/fr\/wp-json\/wp\/v2\/media\/520812"}],"wp:attachment":[{"href":"https:\/\/www.europesays.com\/fr\/wp-json\/wp\/v2\/media?parent=520811"}],"wp:term":[{"taxonomy":"category","embeddable":true,"href":"https:\/\/www.europesays.com\/fr\/wp-json\/wp\/v2\/categories?post=520811"},{"taxonomy":"post_tag","embeddable":true,"href":"https:\/\/www.europesays.com\/fr\/wp-json\/wp\/v2\/tags?post=520811"}],"curies":[{"name":"wp","href":"https:\/\/api.w.org\/{rel}","templated":true}]}}