{"id":520815,"date":"2025-11-08T15:41:19","date_gmt":"2025-11-08T15:41:19","guid":{"rendered":"https:\/\/www.europesays.com\/fr\/520815\/"},"modified":"2025-11-08T15:41:19","modified_gmt":"2025-11-08T15:41:19","slug":"drone-savon-ou-florentin-le-savoir-faire-local-sexpose-a-la-prefecture-de-loire-atlantique","status":"publish","type":"post","link":"https:\/\/www.europesays.com\/fr\/520815\/","title":{"rendered":"Dr\u00f4ne, savon ou florentin\u2026 Le savoir-faire local s\u2019expose \u00e0 la pr\u00e9fecture de Loire-Atlantique"},"content":{"rendered":"<p>Artisans, start-up innovantes ou fleuron industriel, seize entreprises du d\u00e9partement ont \u00e9t\u00e9 choisies pour pr\u00e9senter leurs savoir-faire au salon du Fabriqu\u00e9 en Loire-Atlantique. La deuxi\u00e8me \u00e9dition se tiendra mercredi 12\u00a0novembre, de 11\u00a0h\u00a030 \u00e0 15\u00a0h, \u00e0 la pr\u00e9fecture, \u00e0 Nantes. C\u2019est une initiative lanc\u00e9e par le pr\u00e9fet l\u2019an dernier, d\u00e9clinaison d\u00e9partementale de l\u2019op\u00e9ration Fabriqu\u00e9 en France, qui se tiendra les 15 et 16\u00a0novembre, \u00e0 l\u2019\u00c9lys\u00e9e, \u00e0 Paris.\u00a0L\u2019entreprise familiale Lambert Manufil, qui\u00a0fabrique du fil d\u2019acier depuis plus de 100\u00a0ans \u00e0 Cou\u00ebron, y repr\u00e9sentera la Loire-Atlantique.<\/p>\n<p>Des savons aux meubles design<\/p>\n<p>Les entreprises qui exposeront au salon du Fabriqu\u00e9 \u00e0 la pr\u00e9fecture de Nantes sont autant d\u2019illustrations d\u2019innovations industrielles, de cr\u00e9ations artisanales ou de sp\u00e9cialit\u00e9s locales. Quelques exemples\u00a0: Marie de Boissieu con\u00e7oit des robes de mari\u00e9e sur mesure dans son atelier, \u00e0 Ancenis. XSun fabrique des drones autonomes, dans les domaines civils et militaires. L\u2019entreprise cr\u00e9\u00e9e par Benjamin David, en 2016, \u00e0 Gu\u00e9rande, emploie vingt-cinq\u00a0salari\u00e9s. Instead Mobilier, start-up cofond\u00e9e par Christophe Pilcher et Franck Gossel, bas\u00e9e \u00e0 Nantes, fait du recyclage de dr\u00eaches issues du brassage de la bi\u00e8re pour en faire des meubles design. Compo Plume, start-up de Remouill\u00e9, cr\u00e9\u00e9e par Benjamin Moreau, r\u00e9cup\u00e8re des volants de badminton pour en faire des meubles. \u00c0 Rez\u00e9. La biscuiterie de la Chapelle, bas\u00e9e \u00e0 La Chapelle-sur-Erdre, reprise par Yann Ducarouge, fabrique des florentins depuis 1965.<\/p>\n<p><strong>Mercredi 12\u00a0novembre,<\/strong> de 11\u00a0h\u00a030 \u00e0 15\u00a0h, \u00e0 la pr\u00e9fecture, place Roger-Salengro, \u00e0 Nantes. Inscription obligatoire (<a href=\"https:\/\/my.weezevent.com\/grande-exposition-du-fabrique-en-loire-atlantique\" target=\"_blank\" rel=\"noopener\">my.weezevent.com\/grande-exposition-du-fabrique-en-loire-atlantique)<\/a><\/p>\n<p>\u00a0<\/p>\n","protected":false},"excerpt":{"rendered":"Artisans, start-up innovantes ou fleuron industriel, seize entreprises du d\u00e9partement ont \u00e9t\u00e9 choisies pour pr\u00e9senter leurs savoir-faire au&hellip;\n","protected":false},"author":2,"featured_media":520816,"comment_status":"","ping_status":"","sticky":false,"template":"","format":"standard","meta":{"footnotes":""},"categories":[2818],"tags":[1111,11,564,1777,674,8110,64165,1011,27,4555,3047,766,12,2636,8916,25,6939,16169],"class_list":{"0":"post-520815","1":"post","2":"type-post","3":"status-publish","4":"format-standard","5":"has-post-thumbnail","7":"category-nantes","8":"tag-actu","9":"tag-actualites","10":"tag-drone","11":"tag-eu","12":"tag-europe","13":"tag-expose","14":"tag-florentin","15":"tag-fr","16":"tag-france","17":"tag-local","18":"tag-loire-atlantique","19":"tag-nantes","20":"tag-news","21":"tag-pays-de-la-loire","22":"tag-prefecture","23":"tag-republique-francaise","24":"tag-savoir-faire","25":"tag-savon"},"share_on_mastodon":{"url":"https:\/\/pubeurope.com\/@fr\/115514840499275962","error":""},"_links":{"self":[{"href":"https:\/\/www.europesays.com\/fr\/wp-json\/wp\/v2\/posts\/520815","targetHints":{"allow":["GET"]}}],"collection":[{"href":"https:\/\/www.europesays.com\/fr\/wp-json\/wp\/v2\/posts"}],"about":[{"href":"https:\/\/www.europesays.com\/fr\/wp-json\/wp\/v2\/types\/post"}],"author":[{"embeddable":true,"href":"https:\/\/www.europesays.com\/fr\/wp-json\/wp\/v2\/users\/2"}],"replies":[{"embeddable":true,"href":"https:\/\/www.europesays.com\/fr\/wp-json\/wp\/v2\/comments?post=520815"}],"version-history":[{"count":0,"href":"https:\/\/www.europesays.com\/fr\/wp-json\/wp\/v2\/posts\/520815\/revisions"}],"wp:featuredmedia":[{"embeddable":true,"href":"https:\/\/www.europesays.com\/fr\/wp-json\/wp\/v2\/media\/520816"}],"wp:attachment":[{"href":"https:\/\/www.europesays.com\/fr\/wp-json\/wp\/v2\/media?parent=520815"}],"wp:term":[{"taxonomy":"category","embeddable":true,"href":"https:\/\/www.europesays.com\/fr\/wp-json\/wp\/v2\/categories?post=520815"},{"taxonomy":"post_tag","embeddable":true,"href":"https:\/\/www.europesays.com\/fr\/wp-json\/wp\/v2\/tags?post=520815"}],"curies":[{"name":"wp","href":"https:\/\/api.w.org\/{rel}","templated":true}]}}