{"id":520827,"date":"2025-11-08T15:47:33","date_gmt":"2025-11-08T15:47:33","guid":{"rendered":"https:\/\/www.europesays.com\/fr\/520827\/"},"modified":"2025-11-08T15:47:33","modified_gmt":"2025-11-08T15:47:33","slug":"apres-le-scandale-sur-les-poupees-sexuelles-la-marque-shein-exclue-dun-salon-bebe-a","status":"publish","type":"post","link":"https:\/\/www.europesays.com\/fr\/520827\/","title":{"rendered":"Apr\u00e8s le scandale sur les \u00ab\u00a0poup\u00e9es sexuelles\u00a0\u00bb, la marque Shein exclue d\u2019un salon b\u00e9b\u00e9 \u00e0"},"content":{"rendered":"<p>C\u2019est non. Alors que <a href=\"https:\/\/rennes.maville.com\/actu\/actudet_-le-geant-chinois-shein-ouvrira-son-magasin-au-bhv-a-paris-mercredi-_54135-7044507_actu.Htm\" target=\"_self\" rel=\"noopener\">la marque Shein<\/a>\u00a0devait participer ce week-end \u00e0 un salon de produits pour b\u00e9b\u00e9s \u00e0 Lille (<a href=\"https:\/\/www.ouest-france.fr\/hauts-de-france\/\" target=\"_self\" rel=\"noopener\">Hauts-de-France<\/a>), sa pr\u00e9sence a \u00e9t\u00e9 annul\u00e9e par l\u2019organisateur de l\u2019\u00e9v\u00e9nement.<\/p>\n<p>La soci\u00e9t\u00e9 Enjoy Family a d\u00e9cid\u00e9 d\u2019annuler la participation de l\u2019enseigne Shein au salon Baby apr\u00e8s l\u2019information de la vente de <strong>\u00ab\u00a0produits ill\u00e9gaux\u00a0\u00bb<\/strong> par ce g\u00e9ant chinois de l\u2019e-commerce, selon cette porte-parole. Une allusion aux <strong>\u00ab\u00a0poup\u00e9es sexuelles\u00a0\u00bb<\/strong> d\u2019apparence enfantine qui \u00e9taient vendues sur sa plateforme notamment, une affaire pour laquelle Shein est d\u00e9sormais vis\u00e9e par la justice fran\u00e7aise. Enjoy Family n\u2019a pas r\u00e9pondu dans l\u2019imm\u00e9diat aux sollicitations de l\u2019Agence France-Presse (AFP).<\/p>\n<p><strong>Lire aussi\u00a0: <\/strong> <a href=\"https:\/\/rennes.maville.com\/actu\/actudet_-recit.-arrivee-de-shein-au-bhv-retour-sur-un-mois-de-polemique-_54135-7049842_actu.Htm\" target=\"_self\" rel=\"noopener\">R\u00c9CIT. Arriv\u00e9e de Shein au BHV\u00a0: retour sur un mois de pol\u00e9mique<\/a><\/p>\n<p>Lancement pr\u00e9vu au BHV ce mercredi<\/p>\n<p>G\u00e9ant de la mode ultra-\u00e9ph\u00e9m\u00e8re r\u00e9guli\u00e8rement accus\u00e9 de concurrence d\u00e9loyale, de pollution environnementale et de conditions de travail indignes, Shein a assur\u00e9 avoir mis en place une interdiction totale des produits de type <strong>\u00ab\u00a0poup\u00e9es sexuelles\u00a0\u00bb<\/strong>, temporairement d\u00e9r\u00e9f\u00e9renc\u00e9 la cat\u00e9gorie <strong>\u00ab\u00a0produits pour adultes\u00a0\u00bb<\/strong>, et <strong>\u00ab\u00a0\u00e9galement \u00e9tendu sa liste noire de mots-cl\u00e9s\u00a0\u00bb<\/strong>.<\/p>\n<p>Malgr\u00e9 ce scandale, qui \u00e9clabousse aussi la plateforme AliExpress, Shein doit ouvrir comme pr\u00e9vu mercredi sa premi\u00e8re boutique physique p\u00e9renne au BHV, a confirm\u00e9 mardi le patron du grand magasin parisien Fr\u00e9d\u00e9ric Merlin.<\/p>\n<p>\u00a0<\/p>\n","protected":false},"excerpt":{"rendered":"C\u2019est non. Alors que la marque Shein\u00a0devait participer ce week-end \u00e0 un salon de produits pour b\u00e9b\u00e9s \u00e0&hellip;\n","protected":false},"author":2,"featured_media":520828,"comment_status":"","ping_status":"","sticky":false,"template":"","format":"standard","meta":{"footnotes":""},"categories":[2815],"tags":[1111,11,3493,1777,674,39265,1011,27,811,1307,12141,12,45345,25,6290,1747,19039,1104],"class_list":{"0":"post-520827","1":"post","2":"type-post","3":"status-publish","4":"format-standard","5":"has-post-thumbnail","7":"category-lille","8":"tag-actu","9":"tag-actualites","10":"tag-bebe","11":"tag-eu","12":"tag-europe","13":"tag-exclue","14":"tag-fr","15":"tag-france","16":"tag-hauts-de-france","17":"tag-lille","18":"tag-marque","19":"tag-news","20":"tag-poupees","21":"tag-republique-francaise","22":"tag-salon","23":"tag-scandale","24":"tag-sexuelles","25":"tag-shein"},"share_on_mastodon":{"url":"https:\/\/pubeurope.com\/@fr\/115514864101539595","error":""},"_links":{"self":[{"href":"https:\/\/www.europesays.com\/fr\/wp-json\/wp\/v2\/posts\/520827","targetHints":{"allow":["GET"]}}],"collection":[{"href":"https:\/\/www.europesays.com\/fr\/wp-json\/wp\/v2\/posts"}],"about":[{"href":"https:\/\/www.europesays.com\/fr\/wp-json\/wp\/v2\/types\/post"}],"author":[{"embeddable":true,"href":"https:\/\/www.europesays.com\/fr\/wp-json\/wp\/v2\/users\/2"}],"replies":[{"embeddable":true,"href":"https:\/\/www.europesays.com\/fr\/wp-json\/wp\/v2\/comments?post=520827"}],"version-history":[{"count":0,"href":"https:\/\/www.europesays.com\/fr\/wp-json\/wp\/v2\/posts\/520827\/revisions"}],"wp:featuredmedia":[{"embeddable":true,"href":"https:\/\/www.europesays.com\/fr\/wp-json\/wp\/v2\/media\/520828"}],"wp:attachment":[{"href":"https:\/\/www.europesays.com\/fr\/wp-json\/wp\/v2\/media?parent=520827"}],"wp:term":[{"taxonomy":"category","embeddable":true,"href":"https:\/\/www.europesays.com\/fr\/wp-json\/wp\/v2\/categories?post=520827"},{"taxonomy":"post_tag","embeddable":true,"href":"https:\/\/www.europesays.com\/fr\/wp-json\/wp\/v2\/tags?post=520827"}],"curies":[{"name":"wp","href":"https:\/\/api.w.org\/{rel}","templated":true}]}}