{"id":520829,"date":"2025-11-08T15:48:14","date_gmt":"2025-11-08T15:48:14","guid":{"rendered":"https:\/\/www.europesays.com\/fr\/520829\/"},"modified":"2025-11-08T15:48:14","modified_gmt":"2025-11-08T15:48:14","slug":"a-la-place-de-lancien-stade-de-lille-une-stele-en-hommage-a-felix-grimonprez-et-henri-jooris","status":"publish","type":"post","link":"https:\/\/www.europesays.com\/fr\/520829\/","title":{"rendered":"\u00c0 la place de l&rsquo;ancien stade de Lille, une st\u00e8le en hommage \u00e0 F\u00e9lix Grimonprez et Henri Jooris"},"content":{"rendered":"<p>            Par<br \/>\n        <strong><br \/>\n            <a href=\"https:\/\/actu.fr\/auteur\/margot-nicodeme\" title=\"Consulter tous les articles de Margot Nicod\u00e8me\" target=\"_blank\" rel=\"noopener\">Margot Nicod\u00e8me<\/a><br \/>\n        <\/strong><\/p>\n<p>        Publi\u00e9 le<\/p>\n<p>            8 nov. 2025 \u00e0 16h14        <\/p>\n<p>Il \u00e9tait inaugur\u00e9 il y a 50 ans jour pour jour, le 28 octobre 1975. <b>Le stade Grimonprez-Jooris<\/b> est dans les m\u00e9moires des plus fervents supporters du <a href=\"https:\/\/actu.fr\/tag\/losc\" target=\"_blank\" rel=\"noopener\">LOSC<\/a>, et il y a aujourd\u2019hui un symbole de son temps \u00e0 <a href=\"https:\/\/actu.fr\/hauts-de-france\/lille_59350\/\" target=\"_blank\" rel=\"noopener\">Lille<\/a> (Nord). Ce samedi 8 novembre a \u00e9t\u00e9 d\u00e9voil\u00e9e<b> une st\u00e8le<\/b> \u00e0 l\u2019ancien emplacement de l\u2019\u00e9quipement, au c\u0153ur du parc de <a href=\"https:\/\/actu.fr\/tag\/citadelle-de-lille\" target=\"_blank\" rel=\"noopener\">la Citadelle<\/a>. Elle est positionn\u00e9e devant la \u00ab\u00a0plaine F\u00e9lix Grimonprez \u2013 Henri Jooris\u00a0\u00bb. Le maire de Lille Arnaud Deslandes l\u2019a notamment pr\u00e9sent\u00e9e \u00e0 la famille de F\u00e9lix Grimonprez, pr\u00e9sente pour l\u2019occasion.\u00a0<\/p>\n<p>    <img   decoding=\"async\" loading=\"lazy\" class=\"size-large\" src=\"https:\/\/www.europesays.com\/fr\/wp-content\/uploads\/2025\/11\/eee2962b5f096f2f2962b5f09b6f29v-960x640.jpg\" alt=\"L'ancien stade lillois a \u00e9t\u00e9 fr\u00e9quent\u00e9 de 1975 \u00e0 2004, ann\u00e9e de sa d\u00e9molition.&#10;..\" width=\"960\" height=\"640\"\/><br \/>\n    L\u2019ancien stade lillois a \u00e9t\u00e9 fr\u00e9quent\u00e9 de 1975 \u00e0 2004, ann\u00e9e de sa d\u00e9molition. .. \u00a9Margot Nicod\u00e8meUne st\u00e8le qui rappelle la pr\u00e9sence de l\u2019ancien stade de foot de Lille \u00e0 la Citadelle\u00a0<\/p>\n<p class=\" wall-content\">600 matchs accueillis et pr\u00e8s de 900 buts marqu\u00e9s par le LOSC : le stade Grimonprez-Jooris a vu d\u00e9filer des g\u00e9n\u00e9rations de passionn\u00e9s de football, entre 1975 et 2004. Il pouvait contenir <b>25 000 spectateurs<\/b>, deux fois moins que l\u2019actuel QG du LOSC, le <a href=\"https:\/\/actu.fr\/tag\/stade-pierre-mauroy\" target=\"_blank\" rel=\"noopener\">stade Pierre-Mauroy<\/a> de Villeneuve-d\u2019Ascq.<\/p>\n<p class=\" wall-content\">La st\u00e8le comm\u00e9morative rappelle qu\u2019il fut l\u00e0, et surtout les parcours de vie de ceux qui lui ont donn\u00e9 son nom. Le Lillois F\u00e9lix Grimonprez a \u00e9t\u00e9 peut-\u00eatre<b> le meilleur joueur de hockey sur gazon de tous les temps<\/b>. Il a \u00e9t\u00e9 capitaine de l\u2019\u00e9quipe de France, et est d\u00e9c\u00e9d\u00e9 sur le front \u00e0 30 ans, en 1940, dans la d\u00e9fense de Calais. Sa fille, pr\u00e9sente \u00e0 l\u2019inauguration ce samedi, avait un an quand son p\u00e8re a disparu. \u00ab\u00a0J\u2019ai fini par comprendre en grandissant que c\u2019\u00e9tait un sportif exceptionnel. Il courait plus vite que les autres\u00a0\u00bb, a-t-elle d\u00e9clar\u00e9.<\/p>\n<p class=\" wall-content\">Henri Jooris est lui aussi mort en 1940. Il fut le pr\u00e9sident de l\u2019anc\u00eatre du LOSC,<b> l\u2019Olympique lillois<\/b>.<\/p>\n<p>    <img   decoding=\"async\" loading=\"lazy\" class=\"size-large\" src=\"https:\/\/www.europesays.com\/fr\/wp-content\/uploads\/2025\/11\/52e5b62b5f09666e5b62b5f096ae5bv-960x640.jpg\" alt=\"La st\u00e8le a \u00e9t\u00e9 \u00e9t\u00e9 plac\u00e9e sur la \" plaine=\"\" grimonprez-jooris=\"\" au=\"\" parc=\"\" de=\"\" la=\"\" citadelle=\"\" lille=\"\" width=\"960\" height=\"640\"\/><br \/>\n    La st\u00e8le a \u00e9t\u00e9 \u00e9t\u00e9 plac\u00e9e sur la \u00ab\u00a0plaine Grimonprez-Jooris\u00a0\u00bb au parc de la Citadelle de Lille (Nord). \u00a9Margot Nicod\u00e8me<\/p>\n<p class=\" wall-content\">Arnaud Deslandes \u00e9voque des rencontres qui ont marqu\u00e9 les esprits \u00e0 Grimonprez-Jooris : ceux qui y \u00e9taient n\u2019ont pas oubli\u00e9 l\u2019affiche LOSC-Bordeaux en 1985, avec une victoire du LOSC \u00e0 5-1. Un autre grand temps fort a \u00e9t\u00e9 la rencontre en 2001 entre le LOSC et Parme, qui s\u2019est sold\u00e9e par une d\u00e9faite, mais une m\u00e9morable qualification, tout de m\u00eame, pour la Ligue des champions.<\/p>\n<p class=\" wall-content\">Personnalisez votre actualit\u00e9 en ajoutant vos villes et m\u00e9dias en favori avec <a href=\"https:\/\/moncompte.actu.fr\" title=\"D\u00e9couvez Mon Actu\" rel=\"nofollow noopener\" data-trk=\"{&quot;cta&quot;:{&quot;action&quot;:&quot;https:\\\/\\\/moncompte.actu.fr&quot;,&quot;category&quot;:&quot;mon compte&quot;,&quot;from&quot;:&quot;article footer&quot;,&quot;name&quot;:&quot;Mon actu&quot;,&quot;type&quot;:&quot;cta&quot;}}\" target=\"_blank\">Mon Actu<\/a>.<\/p>\n","protected":false},"excerpt":{"rendered":"Par Margot Nicod\u00e8me Publi\u00e9 le 8 nov. 2025 \u00e0 16h14 Il \u00e9tait inaugur\u00e9 il y a 50 ans&hellip;\n","protected":false},"author":2,"featured_media":520830,"comment_status":"","ping_status":"","sticky":false,"template":"","format":"standard","meta":{"footnotes":""},"categories":[2815],"tags":[1111,11,19408,1777,674,1011,27,811,1307,2267,12,25,104],"class_list":{"0":"post-520829","1":"post","2":"type-post","3":"status-publish","4":"format-standard","5":"has-post-thumbnail","7":"category-lille","8":"tag-actu","9":"tag-actualites","10":"tag-citadelle-de-lille","11":"tag-eu","12":"tag-europe","13":"tag-fr","14":"tag-france","15":"tag-hauts-de-france","16":"tag-lille","17":"tag-losc","18":"tag-news","19":"tag-republique-francaise","20":"tag-societe"},"share_on_mastodon":{"url":"https:\/\/pubeurope.com\/@fr\/115514869707685105","error":""},"_links":{"self":[{"href":"https:\/\/www.europesays.com\/fr\/wp-json\/wp\/v2\/posts\/520829","targetHints":{"allow":["GET"]}}],"collection":[{"href":"https:\/\/www.europesays.com\/fr\/wp-json\/wp\/v2\/posts"}],"about":[{"href":"https:\/\/www.europesays.com\/fr\/wp-json\/wp\/v2\/types\/post"}],"author":[{"embeddable":true,"href":"https:\/\/www.europesays.com\/fr\/wp-json\/wp\/v2\/users\/2"}],"replies":[{"embeddable":true,"href":"https:\/\/www.europesays.com\/fr\/wp-json\/wp\/v2\/comments?post=520829"}],"version-history":[{"count":0,"href":"https:\/\/www.europesays.com\/fr\/wp-json\/wp\/v2\/posts\/520829\/revisions"}],"wp:featuredmedia":[{"embeddable":true,"href":"https:\/\/www.europesays.com\/fr\/wp-json\/wp\/v2\/media\/520830"}],"wp:attachment":[{"href":"https:\/\/www.europesays.com\/fr\/wp-json\/wp\/v2\/media?parent=520829"}],"wp:term":[{"taxonomy":"category","embeddable":true,"href":"https:\/\/www.europesays.com\/fr\/wp-json\/wp\/v2\/categories?post=520829"},{"taxonomy":"post_tag","embeddable":true,"href":"https:\/\/www.europesays.com\/fr\/wp-json\/wp\/v2\/tags?post=520829"}],"curies":[{"name":"wp","href":"https:\/\/api.w.org\/{rel}","templated":true}]}}