{"id":520835,"date":"2025-11-08T15:51:15","date_gmt":"2025-11-08T15:51:15","guid":{"rendered":"https:\/\/www.europesays.com\/fr\/520835\/"},"modified":"2025-11-08T15:51:15","modified_gmt":"2025-11-08T15:51:15","slug":"les-deux-maires-disent-non-a-la-chaufferie-au-bois","status":"publish","type":"post","link":"https:\/\/www.europesays.com\/fr\/520835\/","title":{"rendered":"les deux maires disent non \u00e0 la chaufferie au bois"},"content":{"rendered":"<p>Merci, mais non merci. C\u2019est la r\u00e9ponse &#8211; polie, mais ferme &#8211; donn\u00e9e, en substance, \u00e0 <a href=\"https:\/\/www.leprogres.fr\/p\/bruno-bernard\" target=\"_blank\" rel=\"noopener\">Bruno Bernard<\/a>, le pr\u00e9sident \u00e9cologiste de la M\u00e9tropole de Lyon, par Claire Pouzin et V\u00e9ronique Sarselli, les maires (LR) de Francheville et de Sainte-Foy-l\u00e8s-Lyon. Si les deux \u00e9lues ne se disent pas oppos\u00e9es \u00e0 la cr\u00e9ation d\u2019un r\u00e9seau de chaleur urbain qui engloberait leur commune, elles ne souhaitent, ni l\u2019une, ni l\u2019autre, que l\u2019\u00e9nergie fournie provienne de la combustion du bois, alors que la M\u00e9tropole propose d\u00e9sormais une centrale biomasse de plus petite taille que <a href=\"https:\/\/www.leprogres.fr\/politique\/2025\/01\/08\/reseau-de-chaleur-la-metropole-abandonne-l-idee-d-une-grande-chaufferie-bois-a-sainte-foy-les-lyon-et-propose-un-plan-b\" target=\"_blank\" rel=\"noopener\"> celle imagin\u00e9e initialement<\/a>.<\/p>\n<p>Pour Claire Pouzin, \u00e9lue en f\u00e9vrier\u00a02025, c\u2019\u00e9tait une promesse de campagne. \u00ab\u00a0Il y a un probl\u00e8me de s\u00e9curit\u00e9&#8230;<\/p>\n","protected":false},"excerpt":{"rendered":"Merci, mais non merci. C\u2019est la r\u00e9ponse &#8211; polie, mais ferme &#8211; donn\u00e9e, en substance, \u00e0 Bruno Bernard,&hellip;\n","protected":false},"author":2,"featured_media":520836,"comment_status":"","ping_status":"","sticky":false,"template":"","format":"standard","meta":{"footnotes":""},"categories":[1889],"tags":[1111,11,2430,2757,3153,3154,1777,674,1011,27,25241,2428,2756,12,25,2429,15673,104],"class_list":{"0":"post-520835","1":"post","2":"type-post","3":"status-publish","4":"format-standard","5":"has-post-thumbnail","7":"category-lyon","8":"tag-actu","9":"tag-actualites","10":"tag-auvergne-rhone-alpes","11":"tag-edition-lyon-villeurbanne","12":"tag-edition-ouest-lyonnais","13":"tag-edition-sud-lyonnais","14":"tag-eu","15":"tag-europe","16":"tag-fr","17":"tag-france","18":"tag-francheville","19":"tag-lyon","20":"tag-lyon-bassin","21":"tag-news","22":"tag-republique-francaise","23":"tag-rhone","24":"tag-sainte-foy-les-lyon","25":"tag-societe"},"share_on_mastodon":{"url":"https:\/\/pubeurope.com\/@fr\/115514879830140804","error":""},"_links":{"self":[{"href":"https:\/\/www.europesays.com\/fr\/wp-json\/wp\/v2\/posts\/520835","targetHints":{"allow":["GET"]}}],"collection":[{"href":"https:\/\/www.europesays.com\/fr\/wp-json\/wp\/v2\/posts"}],"about":[{"href":"https:\/\/www.europesays.com\/fr\/wp-json\/wp\/v2\/types\/post"}],"author":[{"embeddable":true,"href":"https:\/\/www.europesays.com\/fr\/wp-json\/wp\/v2\/users\/2"}],"replies":[{"embeddable":true,"href":"https:\/\/www.europesays.com\/fr\/wp-json\/wp\/v2\/comments?post=520835"}],"version-history":[{"count":0,"href":"https:\/\/www.europesays.com\/fr\/wp-json\/wp\/v2\/posts\/520835\/revisions"}],"wp:featuredmedia":[{"embeddable":true,"href":"https:\/\/www.europesays.com\/fr\/wp-json\/wp\/v2\/media\/520836"}],"wp:attachment":[{"href":"https:\/\/www.europesays.com\/fr\/wp-json\/wp\/v2\/media?parent=520835"}],"wp:term":[{"taxonomy":"category","embeddable":true,"href":"https:\/\/www.europesays.com\/fr\/wp-json\/wp\/v2\/categories?post=520835"},{"taxonomy":"post_tag","embeddable":true,"href":"https:\/\/www.europesays.com\/fr\/wp-json\/wp\/v2\/tags?post=520835"}],"curies":[{"name":"wp","href":"https:\/\/api.w.org\/{rel}","templated":true}]}}