{"id":520843,"date":"2025-11-08T15:56:12","date_gmt":"2025-11-08T15:56:12","guid":{"rendered":"https:\/\/www.europesays.com\/fr\/520843\/"},"modified":"2025-11-08T15:56:12","modified_gmt":"2025-11-08T15:56:12","slug":"a-paris-le-feu-dartifice-sauvage-des-ultras-winners-2005-a-illumine-la-seine-et-le-ciel-en-rouge","status":"publish","type":"post","link":"https:\/\/www.europesays.com\/fr\/520843\/","title":{"rendered":"\u00c0 Paris, le feu d\u2019artifice sauvage des Ultras Winners 2005 a illumin\u00e9 la Seine et le ciel en rouge"},"content":{"rendered":"<p class=\"mb-4 text-lg md:leading-8 break-words\">FRANCE &#8211; Ils ont port\u00e9 les couleurs de leur club jusque dans le ciel de Paris. Les Ultras Winners 2005, <a href=\"https:\/\/fr.news.yahoo.com\/dissolution-d-groupe-supporters-paris-135134904.html\" data-ylk=\"slk:groupe de supporters;elm:context_link;itc:0;sec:content-canvas;outcm:mb_qualified_link;_E:mb_qualified_link;ct:story;\" class=\"link  yahoo-link\" target=\"_blank\" rel=\"noopener\">groupe de supporters<\/a> du Wydad Athletic Club, ont tir\u00e9 un feu d\u2019artifice sauvage dans le XVI arrondissement vendredi 7\u00a0novembre au soir. Le groupe d\u2019Ultras f\u00eatait ses 20\u00a0ans de soutien au club de foot marocain.<\/p>\n<p class=\"mb-4 text-lg md:leading-8 break-words\">Au <a href=\"https:\/\/fr.news.yahoo.com\/au-maroc-jeunes-collectif-gen-161014904.html\" data-ylk=\"slk:Maroc;elm:context_link;itc:0;sec:content-canvas;outcm:mb_qualified_link;_E:mb_qualified_link;ct:story;\" class=\"link  yahoo-link\" target=\"_blank\" rel=\"noopener\">Maroc<\/a>, ils ont \u00e9galement c\u00e9l\u00e9br\u00e9 cet anniversaire en grande pompe \u00e0 Casablanca. La section parisienne des Winners 2005\u00a0n\u2019a pas fait les choses \u00e0 moiti\u00e9 en France. Les supporters se sont donn\u00e9 rendez-vous sur les ponts de Grenelle et de Mirabeau avec des fumig\u00e8nes rouges. D\u2019autres \u00e9taient en poste sur les quais de Seine pour \u00e9clairer le fleuve et tirer les <a href=\"https:\/\/fr.news.yahoo.com\/centre-pompidou-dynamit%C3%A9-feu-d-200401992.html\" data-ylk=\"slk:feux d\u2019artifice;elm:context_link;itc:0;sec:content-canvas;outcm:mb_qualified_link;_E:mb_qualified_link;ct:story;\" class=\"link  yahoo-link\" target=\"_blank\" rel=\"noopener\">feux d\u2019artifice<\/a>, <strong>comme on le voit dans la vid\u00e9o en t\u00eate d\u2019article.<\/strong><\/p>\n<p class=\"mb-4 text-lg md:leading-8 break-words\"><a href=\"https:\/\/fr.news.yahoo.com\/huffpost-lance-plateforme-dons-soutenez-160007276.html\" data-ylk=\"slk:Le HuffPost lance sa plateforme de dons, soutenez-nous\u00a0!;elm:context_link;itc:0;sec:content-canvas;outcm:mb_qualified_link;_E:mb_qualified_link;ct:story;\" class=\"link  yahoo-link\" target=\"_blank\" rel=\"noopener\"> Le HuffPost lance sa plateforme de dons, soutenez-nous\u00a0! <\/a><\/p>\n<p class=\"mb-4 text-lg md:leading-8 break-words\">Ce spectacle pyrotechnique sauvage a surpris beaucoup de passants, qui se sont arr\u00eat\u00e9s pour admirer le ciel teint\u00e9 de rouge. En passant en voiture devant une haie de <a href=\"https:\/\/fr.news.yahoo.com\/philharmonie-paris-l-sait-militants-191506822.html\" data-ylk=\"slk:fumig\u00e8nes;elm:context_link;itc:0;sec:content-canvas;outcm:mb_qualified_link;_E:mb_qualified_link;ct:story;\" class=\"link  yahoo-link\" target=\"_blank\" rel=\"noopener\">fumig\u00e8nes<\/a>, certains ont film\u00e9 la sc\u00e8ne \u00e0 travers la vitre, sans savoir de quoi il s\u2019agissait.<\/p>\n<p class=\"mb-4 text-lg md:leading-8 break-words\">Sur le r\u00e9seau social X, le groupe d\u2019Ultras a partag\u00e9 les images a\u00e9riennes de cette c\u00e9l\u00e9bration. \u00ab\u00a0Comme Casa, comme Paris\u2026 partout o\u00f9 on est, on est chez nous\u00a0\u00bb, a \u00e9crit en l\u00e9gende le compte Wydad Red Castle.<\/p>\n<p class=\"mb-4 text-lg md:leading-8 break-words\">Ce n\u2019est pas la premi\u00e8re fois que les supporteurs du Wydad AC bas\u00e9 \u00e0 Casablanca enflamment la France. Pour leurs 15\u00a0ans, les Winners 2005\u00a0avaient d\u00e9j\u00e0 tir\u00e9 des feux d\u2019artifice similaires \u00e0 Lyon. Preuve que leur passion ne faiblit pas.<\/p>\n<p class=\"mb-4 text-lg md:leading-8 break-words\"><a href=\"https:\/\/fr.news.yahoo.com\/booba-m%C3%AAle-au-clash-entre-095415770.html\" data-ylk=\"slk:Booba se m\u00eale au clash entre Orelsan et Mbapp\u00e9 (et s\u2019en prend une fois de plus au footballeur);elm:context_link;itc:0;sec:content-canvas;outcm:mb_qualified_link;_E:mb_qualified_link;ct:story;\" class=\"link  yahoo-link\" target=\"_blank\" rel=\"noopener\"> Booba se m\u00eale au clash entre Orelsan et Mbapp\u00e9 (et s\u2019en prend une fois de plus au footballeur) <\/a><\/p>\n<p class=\"mb-4 text-lg md:leading-8 break-words\"><a href=\"https:\/\/fr.news.yahoo.com\/ligue-1-accus%C3%A9-d-geste-064349008.html\" data-ylk=\"slk:Ligue 1\u00a0: accus\u00e9 d\u2019un geste raciste par l\u2019entra\u00eeneur du\u00a0Havre, ce joueur du Toulouse FC se d\u00e9fend;elm:context_link;itc:0;sec:content-canvas;outcm:mb_qualified_link;_E:mb_qualified_link;ct:story;\" class=\"link  yahoo-link\" target=\"_blank\" rel=\"noopener\"> Ligue 1\u00a0: accus\u00e9 d\u2019un geste raciste par l\u2019entra\u00eeneur du\u00a0Havre, ce joueur du Toulouse FC se d\u00e9fend <\/a><\/p>\n","protected":false},"excerpt":{"rendered":"FRANCE &#8211; Ils ont port\u00e9 les couleurs de leur club jusque dans le ciel de Paris. Les Ultras&hellip;\n","protected":false},"author":2,"featured_media":520844,"comment_status":"","ping_status":"","sticky":false,"template":"","format":"standard","meta":{"footnotes":""},"categories":[1888],"tags":[1111,1928,11,1927,14519,1777,674,38268,1011,27,29508,2428,12,1926,626,1925,25,22415,64168],"class_list":{"0":"post-520843","1":"post","2":"type-post","3":"status-publish","4":"format-standard","5":"has-post-thumbnail","7":"category-paris","8":"tag-actu","9":"tag-actu-paris","10":"tag-actualites","11":"tag-actualites-paris","12":"tag-ce-nest-pas-la-premiere","13":"tag-eu","14":"tag-europe","15":"tag-feux-dartifice","16":"tag-fr","17":"tag-france","18":"tag-le-ciel","19":"tag-lyon","20":"tag-news","21":"tag-news-paris","22":"tag-paris","23":"tag-paris-news","24":"tag-republique-francaise","25":"tag-winners","26":"tag-wydad-athletic-club"},"share_on_mastodon":{"url":"","error":""},"_links":{"self":[{"href":"https:\/\/www.europesays.com\/fr\/wp-json\/wp\/v2\/posts\/520843","targetHints":{"allow":["GET"]}}],"collection":[{"href":"https:\/\/www.europesays.com\/fr\/wp-json\/wp\/v2\/posts"}],"about":[{"href":"https:\/\/www.europesays.com\/fr\/wp-json\/wp\/v2\/types\/post"}],"author":[{"embeddable":true,"href":"https:\/\/www.europesays.com\/fr\/wp-json\/wp\/v2\/users\/2"}],"replies":[{"embeddable":true,"href":"https:\/\/www.europesays.com\/fr\/wp-json\/wp\/v2\/comments?post=520843"}],"version-history":[{"count":0,"href":"https:\/\/www.europesays.com\/fr\/wp-json\/wp\/v2\/posts\/520843\/revisions"}],"wp:featuredmedia":[{"embeddable":true,"href":"https:\/\/www.europesays.com\/fr\/wp-json\/wp\/v2\/media\/520844"}],"wp:attachment":[{"href":"https:\/\/www.europesays.com\/fr\/wp-json\/wp\/v2\/media?parent=520843"}],"wp:term":[{"taxonomy":"category","embeddable":true,"href":"https:\/\/www.europesays.com\/fr\/wp-json\/wp\/v2\/categories?post=520843"},{"taxonomy":"post_tag","embeddable":true,"href":"https:\/\/www.europesays.com\/fr\/wp-json\/wp\/v2\/tags?post=520843"}],"curies":[{"name":"wp","href":"https:\/\/api.w.org\/{rel}","templated":true}]}}