{"id":520849,"date":"2025-11-08T15:59:11","date_gmt":"2025-11-08T15:59:11","guid":{"rendered":"https:\/\/www.europesays.com\/fr\/520849\/"},"modified":"2025-11-08T15:59:11","modified_gmt":"2025-11-08T15:59:11","slug":"serguei-lavrov-ministre-des-affaires-etrangeres-russe-en-disgrace-avec-vladimir-poutine","status":"publish","type":"post","link":"https:\/\/www.europesays.com\/fr\/520849\/","title":{"rendered":"Sergue\u00ef Lavrov, ministre des Affaires \u00e9trang\u00e8res russe, en disgr\u00e2ce avec Vladimir Poutine\u00a0?"},"content":{"rendered":"<p>\n                                                                    l&rsquo;essentiel<br \/>\n                                                                Le ministre des Affaires \u00e9trang\u00e8res russe, Sergue\u00ef Lavrov, semble \u00eatre tomb\u00e9\u00a0en disgr\u00e2ce avec le pr\u00e9sident russe, Vladimir Poutine, notamment apr\u00e8s une conversation avec Marco Rubio, secr\u00e9taire d\u2019\u00c9tat am\u00e9ricain, qui a provoqu\u00e9 l\u2019annulation de la rencontre russo-am\u00e9ricaine. Explications.\n                            <\/p>\n<p>Le ministre russe des Affaires \u00e9trang\u00e8res, Sergue\u00ef Lavrov, ferait l\u2019objet de sp\u00e9culations concernant une possible disgr\u00e2ce au Kremlin, rapporte le <a href=\"https:\/\/www.moscowtimes.ru\/2025\/11\/06\/putin-otpravil-lavrova-vopalu-posle-sriva-sammita-strampom-a179332\" target=\"_self\" rel=\"nofollow noopener\">Moscow Times<\/a>. Ces rumeurs surviennent apr\u00e8s qu\u2019une conversation entre le diplomate et le secr\u00e9taire d\u2019\u00c9tat am\u00e9ricain, Marco Rubio, aurait conduit \u00e0 l\u2019annulation d\u2019un sommet entre le pr\u00e9sident russe Vladimir Poutine et le pr\u00e9sident am\u00e9ricain Donald Trump.<\/p>\n<p class=\"std-elt__inline\">\n        <strong>\u00c0 lire aussi :<\/strong><br \/>\n        <a href=\"https:\/\/www.ladepeche.fr\/2025\/10\/30\/donald-trump-veut-relancer-les-essais-nucleaires-americains-une-declaration-de-force-face-a-vladimir-poutine-et-xi-jinping-13023073.php\" rel=\"nofollow noopener\" target=\"_blank\">Donald Trump ordonne la relance des essais nucl\u00e9aires\u00a0am\u00e9ricains\u00a0: une d\u00e9claration de force face \u00e0 Vladimir Poutine et Xi Jinping\u00a0?<\/a>\n    <\/p>\n<p>Sergue\u00ef Lavrov, qui dirige le minist\u00e8re des Affaires \u00e9trang\u00e8res russe depuis plus de 20 ans, \u00e9tait absent de la r\u00e9union du Conseil de s\u00e9curit\u00e9 russe tenue le 5\u00a0novembre dernier. Il \u00e9tait le seul ministre \u00e0 manquer cette session, au cours de laquelle Vladimir Poutine a notamment \u00e9voqu\u00e9 la reprise des essais nucl\u00e9aires.<\/p>\n<p>Un autre signe de ce changement d\u2019attitude concerne la composition de la d\u00e9l\u00e9gation russe. Le pr\u00e9sident Vladimir Poutine a modifi\u00e9 pour la premi\u00e8re fois les repr\u00e9sentants de son pays. Ce ne sera pas Sergue\u00ef Lavrov qui se rendra au prochain sommet du G20, pr\u00e9vu en Afrique du Sud, mais Maxime Orechkine, le chef de cabinet adjoint.<\/p>\n<p class=\"std-elt__inline\">\n        <strong>\u00c0 lire aussi :<\/strong><br \/>\n        <a href=\"https:\/\/www.ladepeche.fr\/2025\/10\/20\/direct-guerre-en-ukraine-pres-de-30-000-foyers-prives-delectricite-apres-un-bombardement-russe-trump-ne-veut-pas-descalade-13003419.php\" rel=\"nofollow noopener\" target=\"_blank\">REPLAY. Guerre en Ukraine\u00a0: Zelensky assure \u00eatre pr\u00eat \u00e0 se joindre \u00e0 Trump et Poutine \u00e0 Budapest, vers une rencontre dans les prochains jours\u00a0?<\/a>\n    <\/p>\n<p>Les tensions remonteraient au 21\u00a0octobre 2025. Ce jour-l\u00e0, Sergue\u00ef Lavrov a eu un entretien t\u00e9l\u00e9phonique avec Marco Rubio, le secr\u00e9taire d\u2019\u00c9tat am\u00e9ricain, afin de discuter des conditions d\u2019un prochain sommet entre les deux chefs d\u2019\u00c9tat.<\/p>\n<p>\u00c0 la suite de cet appel, Marco Rubio aurait conseill\u00e9 \u00e0 Donald Trump d\u2019annuler sa rencontre avec Vladimir Poutine. Cette annulation a \u00e9t\u00e9 suivie par des sanctions am\u00e9ricaines visant les entreprises Rosneft et Lukoil. Il s\u2019agit des premi\u00e8res sanctions prises depuis le retour de Donald Trump \u00e0 la Maison-Blanche. Pour sa part, le Kremlin a rejet\u00e9 les all\u00e9gations portant sur une quelconque disgr\u00e2ce.<\/p>\n","protected":false},"excerpt":{"rendered":"l&rsquo;essentiel Le ministre des Affaires \u00e9trang\u00e8res russe, Sergue\u00ef Lavrov, semble \u00eatre tomb\u00e9\u00a0en disgr\u00e2ce avec le pr\u00e9sident russe, Vladimir&hellip;\n","protected":false},"author":2,"featured_media":520850,"comment_status":"","ping_status":"","sticky":false,"template":"","format":"standard","meta":{"footnotes":""},"categories":[1591],"tags":[11,1887,12,1885,1886,132],"class_list":{"0":"post-520849","1":"post","2":"type-post","3":"status-publish","4":"format-standard","5":"has-post-thumbnail","7":"category-russie","8":"tag-actualites","9":"tag-federation-de-russie","10":"tag-news","11":"tag-russia","12":"tag-russian-federation","13":"tag-russie"},"share_on_mastodon":{"url":"https:\/\/pubeurope.com\/@fr\/115514911270853578","error":""},"_links":{"self":[{"href":"https:\/\/www.europesays.com\/fr\/wp-json\/wp\/v2\/posts\/520849","targetHints":{"allow":["GET"]}}],"collection":[{"href":"https:\/\/www.europesays.com\/fr\/wp-json\/wp\/v2\/posts"}],"about":[{"href":"https:\/\/www.europesays.com\/fr\/wp-json\/wp\/v2\/types\/post"}],"author":[{"embeddable":true,"href":"https:\/\/www.europesays.com\/fr\/wp-json\/wp\/v2\/users\/2"}],"replies":[{"embeddable":true,"href":"https:\/\/www.europesays.com\/fr\/wp-json\/wp\/v2\/comments?post=520849"}],"version-history":[{"count":0,"href":"https:\/\/www.europesays.com\/fr\/wp-json\/wp\/v2\/posts\/520849\/revisions"}],"wp:featuredmedia":[{"embeddable":true,"href":"https:\/\/www.europesays.com\/fr\/wp-json\/wp\/v2\/media\/520850"}],"wp:attachment":[{"href":"https:\/\/www.europesays.com\/fr\/wp-json\/wp\/v2\/media?parent=520849"}],"wp:term":[{"taxonomy":"category","embeddable":true,"href":"https:\/\/www.europesays.com\/fr\/wp-json\/wp\/v2\/categories?post=520849"},{"taxonomy":"post_tag","embeddable":true,"href":"https:\/\/www.europesays.com\/fr\/wp-json\/wp\/v2\/tags?post=520849"}],"curies":[{"name":"wp","href":"https:\/\/api.w.org\/{rel}","templated":true}]}}