{"id":520857,"date":"2025-11-08T16:03:15","date_gmt":"2025-11-08T16:03:15","guid":{"rendered":"https:\/\/www.europesays.com\/fr\/520857\/"},"modified":"2025-11-08T16:03:15","modified_gmt":"2025-11-08T16:03:15","slug":"lallemagne-sapprete-a-approuver-un-contrat-de-defense-de-347-milliards-de-dollars-avec-airbus-selon-bloomberg-news","status":"publish","type":"post","link":"https:\/\/www.europesays.com\/fr\/520857\/","title":{"rendered":"L&rsquo;Allemagne s&rsquo;appr\u00eate \u00e0 approuver un contrat de d\u00e9fense de 3,47 milliards de dollars avec Airbus, selon Bloomberg News"},"content":{"rendered":"<p>L&rsquo;Allemagne devrait donner son feu vert \u00e0 des achats d&rsquo;\u00e9quipements de d\u00e9fense d&rsquo;une valeur de plus de 3,47 milliards de dollars, comprenant notamment 20 h\u00e9licopt\u00e8res l\u00e9gers de combat fournis par Airbus SE, rapporte Bloomberg News samedi, citant un document gouvernemental.<\/p>\n<p>Selon le m\u00eame rapport, les parlementaires allemands devraient approuver ce vaste programme de d\u00e9penses militaires lors d&rsquo;une r\u00e9union \u00e0 huis clos pr\u00e9vue mercredi. Ce paquet inclurait \u00e9galement un contrat d&rsquo;environ 1 milliard d&rsquo;euros avec Hensoldt AG et Theon International pour la fourniture de 100 000 dispositifs de vision nocturne.<\/p>\n<p>Reuters n&rsquo;a pas \u00e9t\u00e9 en mesure de v\u00e9rifier imm\u00e9diatement ces informations.<\/p>\n","protected":false},"excerpt":{"rendered":"L&rsquo;Allemagne devrait donner son feu vert \u00e0 des achats d&rsquo;\u00e9quipements de d\u00e9fense d&rsquo;une valeur de plus de 3,47&hellip;\n","protected":false},"author":2,"featured_media":520858,"comment_status":"","ping_status":"","sticky":false,"template":"","format":"standard","meta":{"footnotes":""},"categories":[1587],"tags":[11,672,340,1804,1805,1803,1777,674,1801,12,1802],"class_list":{"0":"post-520857","1":"post","2":"type-post","3":"status-publish","4":"format-standard","5":"has-post-thumbnail","7":"category-allemagne","8":"tag-actualites","9":"tag-allemagne","10":"tag-bourse","11":"tag-bundesrepublik-deutschland","12":"tag-de","13":"tag-deutschland","14":"tag-eu","15":"tag-europe","16":"tag-germany","17":"tag-news","18":"tag-republique-federale-dallemagne"},"share_on_mastodon":{"url":"https:\/\/pubeurope.com\/@fr\/115514926938949633","error":""},"_links":{"self":[{"href":"https:\/\/www.europesays.com\/fr\/wp-json\/wp\/v2\/posts\/520857","targetHints":{"allow":["GET"]}}],"collection":[{"href":"https:\/\/www.europesays.com\/fr\/wp-json\/wp\/v2\/posts"}],"about":[{"href":"https:\/\/www.europesays.com\/fr\/wp-json\/wp\/v2\/types\/post"}],"author":[{"embeddable":true,"href":"https:\/\/www.europesays.com\/fr\/wp-json\/wp\/v2\/users\/2"}],"replies":[{"embeddable":true,"href":"https:\/\/www.europesays.com\/fr\/wp-json\/wp\/v2\/comments?post=520857"}],"version-history":[{"count":0,"href":"https:\/\/www.europesays.com\/fr\/wp-json\/wp\/v2\/posts\/520857\/revisions"}],"wp:featuredmedia":[{"embeddable":true,"href":"https:\/\/www.europesays.com\/fr\/wp-json\/wp\/v2\/media\/520858"}],"wp:attachment":[{"href":"https:\/\/www.europesays.com\/fr\/wp-json\/wp\/v2\/media?parent=520857"}],"wp:term":[{"taxonomy":"category","embeddable":true,"href":"https:\/\/www.europesays.com\/fr\/wp-json\/wp\/v2\/categories?post=520857"},{"taxonomy":"post_tag","embeddable":true,"href":"https:\/\/www.europesays.com\/fr\/wp-json\/wp\/v2\/tags?post=520857"}],"curies":[{"name":"wp","href":"https:\/\/api.w.org\/{rel}","templated":true}]}}