{"id":520859,"date":"2025-11-08T16:04:11","date_gmt":"2025-11-08T16:04:11","guid":{"rendered":"https:\/\/www.europesays.com\/fr\/520859\/"},"modified":"2025-11-08T16:04:11","modified_gmt":"2025-11-08T16:04:11","slug":"amandine-fouquenet-aux-portes-du-podium-sur-les-championnats-deurope-de-cyclo-cross","status":"publish","type":"post","link":"https:\/\/www.europesays.com\/fr\/520859\/","title":{"rendered":"Amandine Fouquenet aux portes du podium sur les championnats d\u2019Europe de cyclo-cross"},"content":{"rendered":"<p>Championnats d\u2019Europe de cyclo-cross \u00e0 Middelkerke (Belgique)<\/p>\n<p>Comme en 2024 en Espagne, Amandine Fouquenet s\u2019est rapproch\u00e9e du podium sur les championnats d\u2019Europe de cyclo-cross, disput\u00e9s \u00e0 Middelkerke, en Belgique. Ce samedi, la Bretillienne de 24 ans a ainsi pris la 5e place de l\u2019\u00e9preuve \u00c9lites, remport\u00e9e par la surprise n\u00e9erlandaise Inge van der Heijden.<\/p>\n<p>L\u2019autre Fran\u00e7aise s\u00e9lectionn\u00e9e, H\u00e9l\u00e8ne Clauzel, a pris de son c\u00f4t\u00e9 la 6e place.<\/p>\n","protected":false},"excerpt":{"rendered":"Championnats d\u2019Europe de cyclo-cross \u00e0 Middelkerke (Belgique) Comme en 2024 en Espagne, Amandine Fouquenet s\u2019est rapproch\u00e9e du podium&hellip;\n","protected":false},"author":2,"featured_media":520860,"comment_status":"","ping_status":"","sticky":false,"template":"","format":"standard","meta":{"footnotes":""},"categories":[1586],"tags":[11,34378,207,11097,59294,3166,1777,674,1011,27,12,25,60],"class_list":{"0":"post-520859","1":"post","2":"type-post","3":"status-publish","4":"format-standard","5":"has-post-thumbnail","7":"category-europe","8":"tag-actualites","9":"tag-arkea-bb-hotels","10":"tag-cyclisme","11":"tag-cyclisme-feminin","12":"tag-cyclo-cross","13":"tag-en-continu-sports","14":"tag-eu","15":"tag-europe","16":"tag-fr","17":"tag-france","18":"tag-news","19":"tag-republique-francaise","20":"tag-sports"},"share_on_mastodon":{"url":"https:\/\/pubeurope.com\/@fr\/115514931086327135","error":""},"_links":{"self":[{"href":"https:\/\/www.europesays.com\/fr\/wp-json\/wp\/v2\/posts\/520859","targetHints":{"allow":["GET"]}}],"collection":[{"href":"https:\/\/www.europesays.com\/fr\/wp-json\/wp\/v2\/posts"}],"about":[{"href":"https:\/\/www.europesays.com\/fr\/wp-json\/wp\/v2\/types\/post"}],"author":[{"embeddable":true,"href":"https:\/\/www.europesays.com\/fr\/wp-json\/wp\/v2\/users\/2"}],"replies":[{"embeddable":true,"href":"https:\/\/www.europesays.com\/fr\/wp-json\/wp\/v2\/comments?post=520859"}],"version-history":[{"count":0,"href":"https:\/\/www.europesays.com\/fr\/wp-json\/wp\/v2\/posts\/520859\/revisions"}],"wp:featuredmedia":[{"embeddable":true,"href":"https:\/\/www.europesays.com\/fr\/wp-json\/wp\/v2\/media\/520860"}],"wp:attachment":[{"href":"https:\/\/www.europesays.com\/fr\/wp-json\/wp\/v2\/media?parent=520859"}],"wp:term":[{"taxonomy":"category","embeddable":true,"href":"https:\/\/www.europesays.com\/fr\/wp-json\/wp\/v2\/categories?post=520859"},{"taxonomy":"post_tag","embeddable":true,"href":"https:\/\/www.europesays.com\/fr\/wp-json\/wp\/v2\/tags?post=520859"}],"curies":[{"name":"wp","href":"https:\/\/api.w.org\/{rel}","templated":true}]}}