{"id":520861,"date":"2025-11-08T16:05:11","date_gmt":"2025-11-08T16:05:11","guid":{"rendered":"https:\/\/www.europesays.com\/fr\/520861\/"},"modified":"2025-11-08T16:05:11","modified_gmt":"2025-11-08T16:05:11","slug":"lunion-europeenne-condamne-les-frappes-israeliennes-au-liban-exige-le-respect-du-cessez-le-feu-lexpress","status":"publish","type":"post","link":"https:\/\/www.europesays.com\/fr\/520861\/","title":{"rendered":"L&rsquo;Union europ\u00e9enne condamne les frappes isra\u00e9liennes au Liban, exige le respect du cessez-le-feu \u2013 L&rsquo;Express"},"content":{"rendered":"<p class=\"paragraph article-body-paragraph article__item   article-body-paragraph--first \">\u00ab\u00a0L&rsquo;UE appelle <a href=\"https:\/\/www.lexpress.fr\/monde\/israel-menace-dintensifier-les-attaques-contre-le-hezbollah-dans-le-sud-du-liban-N6G3QZBJWVDCRHMDAYLNYJB3R4\/\" target=\"_self\" rel=\"nofollow noopener\" title=\"https:\/\/www.lexpress.fr\/monde\/israel-menace-dintensifier-les-attaques-contre-le-hezbollah-dans-le-sud-du-liban-N6G3QZBJWVDCRHMDAYLNYJB3R4\/\">Isra\u00ebl<\/a> \u00e0 mettre fin \u00e0 toutes les actions qui violent la r\u00e9solution 1701 et l&rsquo;accord de cessez-le-feu conclu il y a un an, en novembre 2024&Prime;, souligne Anouar El Anouni, porte-parole de l&rsquo;UE pour les Affaires \u00e9trang\u00e8res, dans un communiqu\u00e9 publi\u00e9 samedi 8 novembre. \u00ab\u00a0Dans le m\u00eame temps, nous exhortons tous les acteurs libanais, et en particulier le <a href=\"https:\/\/www.lexpress.fr\/monde\/proche-moyen-orient\/liban-un-an-apres-la-guerre-contre-israel-ou-en-est-le-desarmement-du-hezbollah-GGBOAFBT3BHF5O422S7RM3K7KY\/\" target=\"_self\" rel=\"nofollow noopener\" title=\"https:\/\/www.lexpress.fr\/monde\/proche-moyen-orient\/liban-un-an-apres-la-guerre-contre-israel-ou-en-est-le-desarmement-du-hezbollah-GGBOAFBT3BHF5O422S7RM3K7KY\/\">Hezbollah<\/a>, \u00e0 s&rsquo;abstenir de toute mesure ou r\u00e9action susceptible d&rsquo;aggraver encore la situation. Toutes les parties doivent s&rsquo;attacher \u00e0 pr\u00e9server le cessez-le-feu et les progr\u00e8s accomplis jusqu&rsquo;\u00e0 pr\u00e9sent\u00a0\u00bb, insiste le porte-parole.<\/p>\n<p class=\"paragraph article-body-paragraph article__item   \">De nouvelles frappes ont \u00e9t\u00e9 men\u00e9es jeudi sur le sud du Liban par Isra\u00ebl, qui a dit viser des cibles du mouvement <a href=\"https:\/\/www.lexpress.fr\/idees-et-debats\/christophe-ayad-le-hezbollah-est-un-hamas-puissance-100-3C5QWY7U4ZAYNBNOXBQVTP6HTI\/\" target=\"_self\" rel=\"nofollow noopener\" title=\"https:\/\/www.lexpress.fr\/idees-et-debats\/christophe-ayad-le-hezbollah-est-un-hamas-puissance-100-3C5QWY7U4ZAYNBNOXBQVTP6HTI\/\">pro-iranien Hezbollah<\/a>, accus\u00e9 de vouloir se r\u00e9armer. L&rsquo;arm\u00e9e isra\u00e9lienne avait appel\u00e9 auparavant des habitants de quatre villages \u00e0 \u00e9vacuer des b\u00e2timents en pr\u00e9venant qu&rsquo;elle allait frapper des infrastructures militaires du mouvement libanais.<\/p>\n<p><strong class=\"article-body-link-list__item text-gray-800 article-body-link-list__item--one-item\">LIRE AUSSI : <a class=\"article-body-link-list__item-link\" href=\"https:\/\/www.lexpress.fr\/culture\/le-liban-eternel-decor-de-science-fiction-catastrophe-par-christophe-donner-IVVV6FMIYNGHROEZI4X2VIRIFU\/\" rel=\"nofollow noopener\" target=\"_blank\">Le Liban, \u00e9ternel d\u00e9cor de science-fiction catastrophe, par Christophe Donner<\/a><\/strong><\/p>\n<p class=\"paragraph article-body-paragraph article__item    article__text__endpicto\">L&rsquo;arm\u00e9e libanaise a elle estim\u00e9 que les raids isra\u00e9liens visaient \u00e0 \u00ab\u00a0emp\u00eacher l&rsquo;ach\u00e8vement\u00a0\u00bb de son d\u00e9ploiement dans cette r\u00e9gion, conform\u00e9ment \u00e0 l&rsquo;accord de cessez-le-feu qui avait mis fin il y a pr\u00e8s d&rsquo;un an \u00e0 la guerre entre le Hezbollah et Isra\u00ebl. Ces frappes isra\u00e9liennes ont d\u00e9j\u00e0 \u00e9t\u00e9 condamn\u00e9es par le <a href=\"https:\/\/www.lexpress.fr\/monde\/le-president-libanais-condamne-de-nouvelles-frappes-israeliennes-A7TUGMCM7RDH3EST74J22EWK4M\/\" target=\"_self\" rel=\"nofollow noopener\" title=\"https:\/\/www.lexpress.fr\/monde\/le-president-libanais-condamne-de-nouvelles-frappes-israeliennes-A7TUGMCM7RDH3EST74J22EWK4M\/\">pr\u00e9sident libanais Joseph Aoun<\/a> et par l&rsquo;Iran, qui a d\u00e9nonc\u00e9 vendredi des \u00ab\u00a0attaques sauvages\u00a0\u00bb et appel\u00e9 la communaut\u00e9 internationale \u00e0 r\u00e9agir.<\/p>\n","protected":false},"excerpt":{"rendered":"\u00ab\u00a0L&rsquo;UE appelle Isra\u00ebl \u00e0 mettre fin \u00e0 toutes les actions qui violent la r\u00e9solution 1701 et l&rsquo;accord de&hellip;\n","protected":false},"author":2,"featured_media":520862,"comment_status":"","ping_status":"","sticky":false,"template":"","format":"standard","meta":{"footnotes":""},"categories":[1586],"tags":[11,1777,674,1779,1011,27,74,12,31,25,1778,364],"class_list":{"0":"post-520861","1":"post","2":"type-post","3":"status-publish","4":"format-standard","5":"has-post-thumbnail","7":"category-europe","8":"tag-actualites","9":"tag-eu","10":"tag-europe","11":"tag-european-union","12":"tag-fr","13":"tag-france","14":"tag-monde","15":"tag-news","16":"tag-proche-et-moyen-orient","17":"tag-republique-francaise","18":"tag-ue","19":"tag-union-europeenne"},"share_on_mastodon":{"url":"https:\/\/pubeurope.com\/@fr\/115514935532983185","error":""},"_links":{"self":[{"href":"https:\/\/www.europesays.com\/fr\/wp-json\/wp\/v2\/posts\/520861","targetHints":{"allow":["GET"]}}],"collection":[{"href":"https:\/\/www.europesays.com\/fr\/wp-json\/wp\/v2\/posts"}],"about":[{"href":"https:\/\/www.europesays.com\/fr\/wp-json\/wp\/v2\/types\/post"}],"author":[{"embeddable":true,"href":"https:\/\/www.europesays.com\/fr\/wp-json\/wp\/v2\/users\/2"}],"replies":[{"embeddable":true,"href":"https:\/\/www.europesays.com\/fr\/wp-json\/wp\/v2\/comments?post=520861"}],"version-history":[{"count":0,"href":"https:\/\/www.europesays.com\/fr\/wp-json\/wp\/v2\/posts\/520861\/revisions"}],"wp:featuredmedia":[{"embeddable":true,"href":"https:\/\/www.europesays.com\/fr\/wp-json\/wp\/v2\/media\/520862"}],"wp:attachment":[{"href":"https:\/\/www.europesays.com\/fr\/wp-json\/wp\/v2\/media?parent=520861"}],"wp:term":[{"taxonomy":"category","embeddable":true,"href":"https:\/\/www.europesays.com\/fr\/wp-json\/wp\/v2\/categories?post=520861"},{"taxonomy":"post_tag","embeddable":true,"href":"https:\/\/www.europesays.com\/fr\/wp-json\/wp\/v2\/tags?post=520861"}],"curies":[{"name":"wp","href":"https:\/\/api.w.org\/{rel}","templated":true}]}}