{"id":520863,"date":"2025-11-08T16:06:13","date_gmt":"2025-11-08T16:06:13","guid":{"rendered":"https:\/\/www.europesays.com\/fr\/520863\/"},"modified":"2025-11-08T16:06:13","modified_gmt":"2025-11-08T16:06:13","slug":"nicolas-sarkozy-refuserait-de-manger-les-plats-de-la-sante-et-de-cuisiner","status":"publish","type":"post","link":"https:\/\/www.europesays.com\/fr\/520863\/","title":{"rendered":"Nicolas Sarkozy refuserait de manger les plats de la Sant\u00e9 et de cuisiner"},"content":{"rendered":"<p><a href=\"https:\/\/www.laprovence.com\/article\/france-monde\/19783377019427\/les-portes-de-la-sante-vont-se-refermer-derriere-sarkozy\" target=\"_blank\" rel=\"noopener\">Nicolas Sarkozy<\/a> ne se nourrirait plus que de yaourts, rapporte<a href=\"https:\/\/rmc.bfmtv.com\/actualites\/politique\/nicolas-sarkozy-refuse-de-manger-les-plats-de-la-prison-et-de-cuisiner-il-rencontre-le-monde-reel_AV-202511070680.html\" target=\"_blank\" rel=\"noopener\"> Le Point.<\/a> L&rsquo;ancien Pr\u00e9sident refuse, selon nos confr\u00e8res, de manger les plats pr\u00e9par\u00e9s par <a href=\"https:\/\/www.laprovence.com\/article\/faits-divers-justice\/2251345600993214\/nicolas-sarkozy-incarcere-a-la-sante-quartier-vip-surpopulation-5-choses-a-savoir-sur-cette-prison\" target=\"_blank\" rel=\"noopener\">la prison de la Sant\u00e9<\/a> par \u00ab\u00a0peur que quelqu&rsquo;un ait pu cracher dans sa pitance, si ce n&rsquo;est pire\u00a0\u00bb, \u00e9crit l&rsquo;hebdomadaire.<\/p>\n<p>L&rsquo;ancien chef d&rsquo;\u00c9tat a la possibilit\u00e9, <a href=\"https:\/\/www.laprovence.com\/article\/politique\/231829603866214\/nicolas-sarkozy-incarcere-le-ministre-de-la-justice-peut-aller-voir-nimporte-quel-detenu-soutient-darmanin\" target=\"_blank\" rel=\"noopener\">comme les autres d\u00e9tenus,<\/a> de cuisiner lui-m\u00eame, en achetant des produits au sein du centre p\u00e9nitentiaire mais il a rejet\u00e9 cette possibilit\u00e9.\u00a0\u00ab\u00a0Il ne sait pas se faire cuire un \u0153uf. Et puis par principe, il s&rsquo;y refuse\u00a0\u00bb, indique un de ses proches, toujours dans Le Point.<\/p>\n<p>La cour d&rsquo;appel de Paris examinera <a href=\"https:\/\/www.laprovence.com\/article\/faits-divers-justice\/810514040221214\/nicolas-sarkozy-la-cour-dappel-de-paris-examinera-le-10-novembre-la-demande-de-mise-en-liberte-de-lancien-president\" target=\"_blank\" rel=\"noopener\">lundi 10\u00a0novembre<\/a> la demande de l&rsquo;ex-pr\u00e9sident, dont <a href=\"https:\/\/www.laprovence.com\/article\/faits-divers-justice\/12644484560468\/nicolas-sarkozy-incarcere-ce-mardi-a-la-prison-de-la-sante-une-premiere-pour-un-ex-president-francais\" target=\"_blank\" rel=\"noopener\">l&rsquo;incarc\u00e9ration dans le proc\u00e8s libyen<\/a> a suscit\u00e9 de vifs d\u00e9bats.\u00a0L&rsquo;ancien champion de la droite est incarc\u00e9r\u00e9 \u00e0 la prison de la Sant\u00e9 \u00e0 Paris en raison de<a href=\"https:\/\/www.laprovence.com\/article\/politique\/1576984122828614\/nicolas-sarkozy-en-prison-je-garderai-la-tete-haute-declare-lancien-president\" target=\"_blank\" rel=\"noopener\"> sa condamnation<\/a> avec mandat de d\u00e9p\u00f4t assorti d&rsquo;une ex\u00e9cution provisoire pour association de malfaiteurs dans le proc\u00e8s libyen, une d\u00e9tention in\u00e9dite pour un ex-pr\u00e9sident dans l&rsquo;histoire de la R\u00e9publique fran\u00e7aise.<\/p>\n<p>Le 25\u00a0septembre, le tribunal correctionnel de Paris l&rsquo;a condamn\u00e9\u00a0\u00e0 <a href=\"https:\/\/www.laprovence.com\/article\/faits-divers-justice\/95175097626572\/nicolas-sarkozy-en-prison-ce-traitement-reserve-exclusivement-a-lancien-president\" target=\"_blank\" rel=\"noopener\">cinq ans de prison ferme<\/a>, reconnu coupable d&rsquo;avoir sciemment laiss\u00e9 ses collaborateurs d\u00e9marcher la Libye de Mouammar Kadhafi pour solliciter un financement occulte de sa campagne pr\u00e9sidentielle victorieuse de 2007.<\/p>\n","protected":false},"excerpt":{"rendered":"Nicolas Sarkozy ne se nourrirait plus que de yaourts, rapporte Le Point. L&rsquo;ancien Pr\u00e9sident refuse, selon nos confr\u00e8res,&hellip;\n","protected":false},"author":2,"featured_media":520864,"comment_status":"","ping_status":"","sticky":false,"template":"","format":"standard","meta":{"footnotes":""},"categories":[2],"tags":[17,11,1011,27,151,26653,12,3957,35359,316,64170,25,71,22022],"class_list":{"0":"post-520863","1":"post","2":"type-post","3":"status-publish","4":"format-standard","5":"has-post-thumbnail","7":"category-actualites","8":"tag-17","9":"tag-actualites","10":"tag-fr","11":"tag-france","12":"tag-les","13":"tag-manger","14":"tag-news","15":"tag-nicolas","16":"tag-plats","17":"tag-politique","18":"tag-refuserait","19":"tag-republique-francaise","20":"tag-sante","21":"tag-sarkozy"},"share_on_mastodon":{"url":"https:\/\/pubeurope.com\/@fr\/115514938926208752","error":""},"_links":{"self":[{"href":"https:\/\/www.europesays.com\/fr\/wp-json\/wp\/v2\/posts\/520863","targetHints":{"allow":["GET"]}}],"collection":[{"href":"https:\/\/www.europesays.com\/fr\/wp-json\/wp\/v2\/posts"}],"about":[{"href":"https:\/\/www.europesays.com\/fr\/wp-json\/wp\/v2\/types\/post"}],"author":[{"embeddable":true,"href":"https:\/\/www.europesays.com\/fr\/wp-json\/wp\/v2\/users\/2"}],"replies":[{"embeddable":true,"href":"https:\/\/www.europesays.com\/fr\/wp-json\/wp\/v2\/comments?post=520863"}],"version-history":[{"count":0,"href":"https:\/\/www.europesays.com\/fr\/wp-json\/wp\/v2\/posts\/520863\/revisions"}],"wp:featuredmedia":[{"embeddable":true,"href":"https:\/\/www.europesays.com\/fr\/wp-json\/wp\/v2\/media\/520864"}],"wp:attachment":[{"href":"https:\/\/www.europesays.com\/fr\/wp-json\/wp\/v2\/media?parent=520863"}],"wp:term":[{"taxonomy":"category","embeddable":true,"href":"https:\/\/www.europesays.com\/fr\/wp-json\/wp\/v2\/categories?post=520863"},{"taxonomy":"post_tag","embeddable":true,"href":"https:\/\/www.europesays.com\/fr\/wp-json\/wp\/v2\/tags?post=520863"}],"curies":[{"name":"wp","href":"https:\/\/api.w.org\/{rel}","templated":true}]}}