{"id":520869,"date":"2025-11-08T16:09:15","date_gmt":"2025-11-08T16:09:15","guid":{"rendered":"https:\/\/www.europesays.com\/fr\/520869\/"},"modified":"2025-11-08T16:09:15","modified_gmt":"2025-11-08T16:09:15","slug":"aaron-rai-seul-leader-mais-sous-la-menace-directe-de-fleetwood-et-n-hojgaard","status":"publish","type":"post","link":"https:\/\/www.europesays.com\/fr\/520869\/","title":{"rendered":"Aaron Rai seul leader mais sous la menace directe de Fleetwood et N. H\u00f8jgaard"},"content":{"rendered":"<p>\t\t\t\t\t\t<img width=\"770\" height=\"557\" src=\"https:\/\/www.europesays.com\/fr\/wp-content\/uploads\/2025\/11\/raifleet-770x557.jpg\" class=\"img-responsive wp-post-image\" alt=\"\" decoding=\"async\" fetchpriority=\"high\"  \/>\t\t\t\t\t\t\t<\/p>\n<p>\n\t\t\t\t\t\t\t\tD\u00e9j\u00e0 associ\u00e9s dans ce 3e tour, Tommy Fleetwood et Aaron Rai (\u00e0 droite) le seront de nouveau ce dimanche \u00e0 Abu Dhabi\t\t\t\t\t\t\t<\/p>\n<p>\t\t\t\t\t\t Partager cet article <\/p>\n<p class=\"screen-reader-text juiz_sps_maybe_hidden_text\">Partager la publication \u00ab\u00a0Aaron Rai seul leader mais sous la menace directe de Fleetwood et N. H\u00f8jgaard\u00a0\u00bb<\/p>\n<p><strong>Le dernier tour de l\u2019Abu Dhabi HSBC Championship s\u2019annonce chaud bouillant, \u00e0 l\u2019image du local thermom\u00e8tre qui reste bloqu\u00e9 au-del\u00e0 des 30 degr\u00e9s. L\u2019Anglais Aaron Rai assure les commandes \u00e0 -20 (196) mais ne poss\u00e8de qu\u2019un coup d\u2019avance sur son compatriote Tommy Fleetwood et le Danois Nicolai H\u00f8jgaard. Rory McIlroy, 12e \u00e0 -14, est \u00e0 six longueurs. Meilleur fran\u00e7ais dans ce leaderboard, Martin Couvra est 18e \u00e0 -13.<\/strong><\/p>\n<p>\t\t\t\t<img loading=\"lazy\" decoding=\"async\" src=\"data:image\/svg+xml,%3Csvg%20xmlns=\" http:=\"\" attributionsrc=\"\" border=\"0\" height=\"1\" width=\"1\" alt=\"Advertisement\" data-lazy-src=\"https:\/\/www.europesays.com\/fr\/wp-content\/uploads\/2025\/10\/B33047934.424844132;dc_trk_aid=615928068;dc_trk_cid=236605808;ord=[timestamp];dc_lat=;dc_rdid=;tag_f.gif\"\/><\/p>\n<p>\t\t\t\t\t<a id=\"179415\" href=\"https:\/\/ad.doubleclick.net\/ddm\/trackclk\/N1153799.3770024GOLFPLANATE\/B33047934.424844132;dc_trk_aid=615928068;dc_trk_cid=236605808;dc_lat=;dc_rdid=;tag_for_child_directed_treatment=;tfua=;gdpr=${GDPR};gdpr_consent=${GDPR_CONSENT_755};ltd=;dc_tdv=1\" target=\"_blank\" rel=\"sponsorised nofollow noopener\"><img decoding=\"async\" src=\"data:image\/svg+xml,%3Csvg%20xmlns=\" http:=\"\" class=\"img-responsive\" alt=\"\" data-lazy-src=\"https:\/\/www.europesays.com\/fr\/wp-content\/uploads\/2025\/07\/callaway-e01-apex-v1-770x385-1.jpg\"\/><\/a><\/p>\n<p><strong>L.V.<\/strong><\/p>\n<p><strong>Aaron Rai<\/strong>, 30 ans, aura deux tr\u00e8s s\u00e9rieux objectifs ce dimanche sur le <strong>Yas Links Golf Club<\/strong> d\u2019Abu Dhabi. Accrocher \u00e0 son palmar\u00e8s un second <strong>Rolex Series<\/strong> apr\u00e8s le <strong>Scottish Open 2020<\/strong>. Et battre le record du plus bas score dans un <strong>Abu Dhabi HSBC Championship<\/strong>, \u00e0 savoir ce stratosph\u00e9rique -24, d\u00e9tenu pour l\u2019instant par son compatriote <strong>Paul Waring<\/strong> l\u2019an pass\u00e9 et par l\u2019Allemand <strong>Martin Kaymer<\/strong> en 2011, sur le parcours de l\u2019<strong>Abu Dhabi Golf Club<\/strong>.<\/p>\n<p><a href=\"https:\/\/www.europeantour.com\/dpworld-tour\/abu-dhabi-hsbc-championship-2025\/leaderboard?round=4\" target=\"_blank\" rel=\"noopener nofollow\">Retrouvez le classement complet et les tee times du 4e tour<\/a><\/p>\n<p>Leader \u00e0 -20 (196) avec une nouvelle carte splendide de 66 (-6) \u2013 comme jeudi en ouverture \u2013 Rai, impressionnant en termes de stats (14 fairways touch\u00e9s sur 14, 18 greens pris en r\u00e9gulation), devra aussi se m\u00e9fier de ce qui se passe juste derri\u00e8re lui puisque le Danois <strong>Nicolai H\u00f8jgaard<\/strong> et <strong>Tommy Fleetwood<\/strong> sont deuxi\u00e8mes ex aequo \u00e0 -19 (197) avec respectivement un 65 (-7) et un 67 (-5) sans bogey sign\u00e9s dans ce Moving Day o\u00f9, finalement, le vent, qui devait souffler bien plus fort que lors des deux premiers trous, a une fois encore \u00e9t\u00e9 aux abonn\u00e9s absents. Du moins jusqu\u2019\u00e0 une heure de la fin de ce 3e tour\u2026<br \/>&#13;<br \/>\n\u00a0<\/p>\n<blockquote data-service=\"twitter\" data-category=\"marketing\" data-placeholder-image=\"https:\/\/www.golfplanete.com\/wp-content\/plugins\/complianz-gdpr-premium\/assets\/images\/placeholders\/twitter-minimal.jpg\" class=\"cmplz-placeholder-element twitter-tweet\"><p>&#13;<\/p>\n<p dir=\"ltr\" lang=\"en\">Aaron Rai extends his lead to two \ud83d\udcaa<a href=\"https:\/\/twitter.com\/hashtag\/ADGolfChamps?src=hash&amp;ref_src=twsrc%5Etfw\" rel=\"nofollow noopener\" target=\"_blank\">#ADGolfChamps<\/a> | <a href=\"https:\/\/twitter.com\/hashtag\/RolexSeries?src=hash&amp;ref_src=twsrc%5Etfw\" rel=\"nofollow noopener\" target=\"_blank\">#RolexSeries<\/a> <a href=\"https:\/\/t.co\/0LMJKGwuvp\" rel=\"nofollow\">pic.twitter.com\/0LMJKGwuvp<\/a><\/p>\n<p>&#13;<br \/>\n&#13;<br \/>\n\u2014 DP World Tour (@DPWorldTour) <a href=\"https:\/\/twitter.com\/DPWorldTour\/status\/1987124315050156061?ref_src=twsrc%5Etfw\" rel=\"nofollow noopener\" target=\"_blank\">November 8, 2025<\/a><\/p><\/blockquote>\n<p>&#13;<br \/>\nDommage car ce trac\u00e9 du Yas Links Golf Club dessin\u00e9 par <strong>Kyle Phillips<\/strong> sait aussi tr\u00e8s bien se d\u00e9fendre quand le Dieu Eole entre en action. Vainqueur ici m\u00eame en janvier 2022 avec un score de -10 total et notamment deux cartes de 72 (par), le Belge <strong>Thomas Pieters<\/strong>, pass\u00e9 depuis sur le <strong>LIV Golf<\/strong>, peut t\u00e9moigner de la rudesse des lieux quand les \u00e9l\u00e9ments contraires s\u2019emm\u00ealent.<\/p>\n<blockquote><p>&#13;<br \/>\nC\u2019est l\u2019un des plus tournois les plus importants du DP World Tour. Gagner cette semaine et avoir une chance de se qualifier pour le week-end prochain, c\u2019est g\u00e9nial.&#13;<br \/>\n&#13;<br \/>\nAaron Rai<\/p><\/blockquote>\n<p>\u00ab\u00a0Le vent s\u2019est quand m\u00eame lev\u00e9 pour nous sur le retour, souligne Aaron Rai, qui est projet\u00e9 d\u00e9sormais 8e de la Race avant Duba\u00ef, soit 47 places de mieux que jeudi matin. C\u2019\u00e9tait difficile, mais cela reste une fois encore un bon tour dans l\u2019ensemble. J\u2019ai tr\u00e8s bien driv\u00e9. Mon jeu de fers a \u00e9t\u00e9 excellent. Je me suis cr\u00e9\u00e9 beaucoup d\u2019occasions. J\u2019ai eu l\u2019impression d\u2019avoir tr\u00e8s bien fait rouler la balle sur les greens. J\u2019ai eu beaucoup de chances de rentrer mes putts.\u00a0\u00bb<\/p>\n<p>\u00ab\u00a0C\u2019est l\u2019un des plus tournois les plus importants du DP World Tour, enchaine-t-il alors qu\u2019il est en position id\u00e9ale pour s\u2019offrir un 3e succ\u00e8s sur le Tour. Gagner cette semaine et avoir une chance de se qualifier pour le week-end prochain, c\u2019est g\u00e9nial. Mais il reste encore beaucoup de coups \u00e0 jouer face \u00e0 de tr\u00e8s bons joueurs. Je vais donner le meilleur de moi-m\u00eame et on verra bien.\u00a0\u00bb<\/p>\n<blockquote data-service=\"twitter\" data-category=\"marketing\" data-placeholder-image=\"https:\/\/www.golfplanete.com\/wp-content\/plugins\/complianz-gdpr-premium\/assets\/images\/placeholders\/twitter-minimal.jpg\" class=\"cmplz-placeholder-element twitter-tweet\"><p>&#13;<\/p>\n<p dir=\"ltr\" lang=\"en\">First eagle of the week for <a href=\"https:\/\/twitter.com\/TommyFleetwood1?ref_src=twsrc%5Etfw\" rel=\"nofollow noopener\" target=\"_blank\">@TommyFleetwood1<\/a> who joins the lead \ud83e\udd29 <a href=\"https:\/\/twitter.com\/hashtag\/ADGolfChamps?src=hash&amp;ref_src=twsrc%5Etfw\" rel=\"nofollow noopener\" target=\"_blank\">#ADGolfChamps<\/a> | <a href=\"https:\/\/twitter.com\/hashtag\/RolexSeries?src=hash&amp;ref_src=twsrc%5Etfw\" rel=\"nofollow noopener\" target=\"_blank\">#RolexSeries<\/a> <a href=\"https:\/\/t.co\/UqL8bb4j2b\" rel=\"nofollow\">pic.twitter.com\/UqL8bb4j2b<\/a><\/p>\n<p>&#13;<br \/>\n&#13;<br \/>\n\u2014 DP World Tour (@DPWorldTour) <a href=\"https:\/\/twitter.com\/DPWorldTour\/status\/1987095929489666377?ref_src=twsrc%5Etfw\" rel=\"nofollow noopener\" target=\"_blank\">November 8, 2025<\/a><\/p><\/blockquote>\n<p>&#13;<br \/>\nLes trois hommes de t\u00eate partiront \u00e0 11h25 locale (8h25 en France) dans le dernier groupe et il ne serait pas impossible du tout que le vainqueur de cette \u00e9dition 2025 se trouve parmi eux. On pense ici bien s\u00fbr \u00e0 Tommy Fleetwood, deux fois victorieux dans ce tournoi (c\u2019\u00e9tait sur l\u2019Abu Dhabi Golf Club en 2017 puis en 2018). L\u2019Anglais r\u00e9cent vainqueur de la <strong>FedEx Cup<\/strong> sur le <strong>PGA Tour<\/strong> est pourtant conscient de ne pas avoir d\u00e9livr\u00e9 son meilleur golf ce samedi dans les Emirats. Mais sa carte immacul\u00e9e prouve qu\u2019il est actuellement l\u2019un des meilleurs golfeurs de la plan\u00e8te. Quelques semaines seulement apr\u00e8s avoir triomph\u00e9 en <strong>Ryder Cup<\/strong> avec Team Europe<\/p>\n<blockquote><p>&#13;<br \/>\nJe joue tr\u00e8s bien en ce moment, et je me suis souvent retrouv\u00e9 dans cette situation cet \u00e9t\u00e9, mais je ne tiens rien pour acquis.&#13;<br \/>\n&#13;<br \/>\nTommy Fleetwood<\/p><\/blockquote>\n<p>\u00ab Je n\u2019arr\u00eate pas de le dire, je joue tr\u00e8s bien en ce moment, et je me suis souvent retrouv\u00e9 dans cette situation cet \u00e9t\u00e9, mais je ne tiens rien pour acquis, temp\u00e8re-t-il quelque peu. C\u2019est pour \u00e7a qu\u2019on s\u2019entra\u00eene. Ce sont des moments uniques, et j\u2019en profite pleinement. \u00bb<\/p>\n<p>\u00ab Je suis simplement reconnaissant d\u2019avoir une nouvelle occasion de jouer et de me concentrer sur ce que je peux contr\u00f4ler, poursuit-il. Sinon, je me ressaisirai et je retenterai ma chance. Sur le dernier trou, j\u2019ai regard\u00e9 le leaderboard et j\u2019ai vu que Nacho (Ndlr, <strong>Elvira<\/strong>, seul 4e \u00e0 -18) avait fait un birdie. Je me suis dit qu\u2019il fallait que j\u2019en fasse un aussi pour int\u00e9grer le dernier groupe, ce qui serait super. C\u2019est l\u00e0 o\u00f9 on veut tous \u00eatre, et j\u2019ai la chance d\u2019y \u00eatre demain (dimanche). J\u2019esp\u00e8re continuer sur ma lanc\u00e9e et voir o\u00f9 on finira \u00e0 la fin de la journ\u00e9e. \u00bb<\/p>\n<blockquote data-service=\"twitter\" data-category=\"marketing\" data-placeholder-image=\"https:\/\/www.golfplanete.com\/wp-content\/plugins\/complianz-gdpr-premium\/assets\/images\/placeholders\/twitter-minimal.jpg\" class=\"cmplz-placeholder-element twitter-tweet\"><p>&#13;<\/p>\n<p dir=\"ltr\" lang=\"en\">Every shot of Rory McIroy\u2019s final hole of the day \ud83c\udfa5<a href=\"https:\/\/twitter.com\/hashtag\/ADGolfChamps?src=hash&amp;ref_src=twsrc%5Etfw\" rel=\"nofollow noopener\" target=\"_blank\">#ADGolfChamps<\/a> | <a href=\"https:\/\/twitter.com\/hashtag\/RolexSeries?src=hash&amp;ref_src=twsrc%5Etfw\" rel=\"nofollow noopener\" target=\"_blank\">#RolexSeries<\/a> <a href=\"https:\/\/t.co\/0Fj3KJiQLS\" rel=\"nofollow\">pic.twitter.com\/0Fj3KJiQLS<\/a><\/p>\n<p>&#13;<br \/>\n&#13;<br \/>\n\u2014 DP World Tour (@DPWorldTour) <a href=\"https:\/\/twitter.com\/DPWorldTour\/status\/1987119893691703535?ref_src=twsrc%5Etfw\" rel=\"nofollow noopener\" target=\"_blank\">November 8, 2025<\/a><\/p><\/blockquote>\n<p>&#13;<br \/>\nAuteur lui aussi d\u2019un solide 66, <strong>Rory McIlroy<\/strong> est 12e \u00e0 -14, \u00e0 six coups de Rai, \u00e0 cinq des deux premiers poursuivants. Sans \u00eatre transcendant dans son jeu, le Nord-Irlandais est encore en position de revenir sur les leaders. Et ainsi assoir un peu plus encore son h\u00e9g\u00e9monie sur cette Race dont il vise une septi\u00e8me victoire, la quatri\u00e8me de rang\u2026<\/p>\n<p>\u00ab\u00a0J\u2019ai bien commenc\u00e9, r\u00e9sume-t-il. J\u2019\u00e9tais \u00e0 -6 apr\u00e8s 11 trous, mais les sept derniers trous ne m\u2019ont pas vraiment \u00e9t\u00e9 favorables cette semaine. J\u2019ai fait un bogey au 14 en tentant d\u2019atteindre le green, mais j\u2019ai bien termin\u00e9. Je me suis donn\u00e9 quelques occasions. Mais j\u2019ai l\u2019impression d\u2019avoir laiss\u00e9 passer quelques opportunit\u00e9s chaque jour pendant toute la semaine. M\u00eame aujourd\u2019hui, j\u2019ai le sentiment d\u2019avoir fait mon meilleur tour. Apr\u00e8s 11 trous, j\u2019aurais pu faire une tr\u00e8s bonne manche, mais j\u2019ai un peu cal\u00e9, et c\u2019est pour \u00e7a que j\u2019ai six coups de retard sur Aaron. Ici, on le sait, il faut absolument faire de bons scores pour avoir une chance. J\u2019ai jou\u00e9 correctement, mais pas assez bien pour \u00eatre vraiment dans la course cette semaine.\u00a0A moi de faire du mieux possible dans ce dernier tour pour remonter au classement, et bien s\u00fbr accumuler le plus de points possibles avant la semaine prochaine.\u00a0\u00bb<\/p>\n<p>Martin Couvra r\u00e9siste plut\u00f4t bien<\/p>\n<p>En parlant du <strong>DP World Tour Championship<\/strong>, 5e Rolex Series et dernier rendez-vous de la saison 2024-25 (13-16 novembre) ne regroupant que les 50 meilleurs \u00e0 la Race, on se dirige vers la pr\u00e9sence d\u2019un des plus petits contingents tricolores depuis 2009 et la cr\u00e9ation de cette finale au <strong>Jumeirah Golf Estates<\/strong>.<\/p>\n<p>Seuls <strong>Adrien Saddier<\/strong> (projet\u00e9 6e de la Race) et <strong>Martin Couvra<\/strong> (projet\u00e9 16e) sont en effet pour l\u2019instant assur\u00e9s d\u2019\u00eatre au d\u00e9part. Pour <strong>Romain Langasque<\/strong>, <strong>Ugo Coussaud<\/strong> et <strong>Jeong weon Ko<\/strong>,<a href=\"https:\/\/www.golfplanete.com\/actualites\/langasque-coussaud-ko-quelles-sont-leurs-chances-dintegrer-le-top-50-pour-dubai\/\" target=\"_blank\" rel=\"noopener nofollow\"> la mission parait d\u00e9sormais impossible<\/a>, h\u00e9las. Le premier cit\u00e9 est 41e \u00e0 -9 (projet\u00e9 61e de la Race) suivi par le joueur de la <strong>Team St Laurent<\/strong>, 43e \u00e0 -8 (projet\u00e9 63e) alors que le golfeur de Bussy (77) ne parvient pas \u00e0 d\u00e9coller. 68e \u00e0 +2 apr\u00e8s trois tours, il pointe \u00e0 la 73e place de la Race.\u00a0<\/p>\n<p>&#13;<br \/>\nLe leaderboard<\/p>\n<p><img loading=\"lazy\" decoding=\"async\" class=\"alignnone wp-image-191118 size-large\" src=\"data:image\/svg+xml,%3Csvg%20xmlns=\" http:=\"\" alt=\"\" width=\"770\" height=\"461\" data-lazy- data-lazy- data-lazy-src=\"https:\/\/www.europesays.com\/fr\/wp-content\/uploads\/2025\/11\/capture1dp-1-770x461.png\"\/><\/p>\n<p><img loading=\"lazy\" decoding=\"async\" class=\"alignnone wp-image-191119 size-large\" src=\"data:image\/svg+xml,%3Csvg%20xmlns=\" http:=\"\" alt=\"\" width=\"770\" height=\"41\" data-lazy- data-lazy- data-lazy-src=\"https:\/\/www.europesays.com\/fr\/wp-content\/uploads\/2025\/11\/capture2dp-1-770x41.png\"\/><\/p>\n<p>&#13;<br \/>\nLe leaderboard des Fran\u00e7ais<\/p>\n<p><img loading=\"lazy\" decoding=\"async\" class=\"alignnone wp-image-191120 size-large\" src=\"data:image\/svg+xml,%3Csvg%20xmlns=\" http:=\"\" alt=\"\" width=\"770\" height=\"232\" data-lazy- data-lazy- data-lazy-src=\"https:\/\/www.europesays.com\/fr\/wp-content\/uploads\/2025\/11\/capture3dpfrench-1-770x232.png\"\/><\/p>\n<p>&#13;<br \/>\nPhoto : ROSS KINNAIRD \/ GETTY IMAGES EUROPE \/ Getty Images via AFP<\/p>\n<p>\u00a0<\/p>\n<p>\u00a0<\/p>\n<p>\u00a0<\/p>\n<p>\t\t\t<script async src=\"https:\/\/platform.twitter.com\/widgets.js\" charset=\"utf-8\"><\/script><\/p>\n","protected":false},"excerpt":{"rendered":"D\u00e9j\u00e0 associ\u00e9s dans ce 3e tour, Tommy Fleetwood et Aaron Rai (\u00e0 droite) le seront de nouveau ce&hellip;\n","protected":false},"author":2,"featured_media":520870,"comment_status":"","ping_status":"","sticky":false,"template":"","format":"standard","meta":{"footnotes":""},"categories":[1418],"tags":[1011,27,1472,60],"class_list":{"0":"post-520869","1":"post","2":"type-post","3":"status-publish","4":"format-standard","5":"has-post-thumbnail","7":"category-golf","8":"tag-fr","9":"tag-france","10":"tag-golf","11":"tag-sports"},"share_on_mastodon":{"url":"https:\/\/pubeurope.com\/@fr\/115514951025227675","error":""},"_links":{"self":[{"href":"https:\/\/www.europesays.com\/fr\/wp-json\/wp\/v2\/posts\/520869","targetHints":{"allow":["GET"]}}],"collection":[{"href":"https:\/\/www.europesays.com\/fr\/wp-json\/wp\/v2\/posts"}],"about":[{"href":"https:\/\/www.europesays.com\/fr\/wp-json\/wp\/v2\/types\/post"}],"author":[{"embeddable":true,"href":"https:\/\/www.europesays.com\/fr\/wp-json\/wp\/v2\/users\/2"}],"replies":[{"embeddable":true,"href":"https:\/\/www.europesays.com\/fr\/wp-json\/wp\/v2\/comments?post=520869"}],"version-history":[{"count":0,"href":"https:\/\/www.europesays.com\/fr\/wp-json\/wp\/v2\/posts\/520869\/revisions"}],"wp:featuredmedia":[{"embeddable":true,"href":"https:\/\/www.europesays.com\/fr\/wp-json\/wp\/v2\/media\/520870"}],"wp:attachment":[{"href":"https:\/\/www.europesays.com\/fr\/wp-json\/wp\/v2\/media?parent=520869"}],"wp:term":[{"taxonomy":"category","embeddable":true,"href":"https:\/\/www.europesays.com\/fr\/wp-json\/wp\/v2\/categories?post=520869"},{"taxonomy":"post_tag","embeddable":true,"href":"https:\/\/www.europesays.com\/fr\/wp-json\/wp\/v2\/tags?post=520869"}],"curies":[{"name":"wp","href":"https:\/\/api.w.org\/{rel}","templated":true}]}}