{"id":520871,"date":"2025-11-08T16:11:12","date_gmt":"2025-11-08T16:11:12","guid":{"rendered":"https:\/\/www.europesays.com\/fr\/520871\/"},"modified":"2025-11-08T16:11:12","modified_gmt":"2025-11-08T16:11:12","slug":"xv-de-france-le-pari-a-15-me-sports-fr","status":"publish","type":"post","link":"https:\/\/www.europesays.com\/fr\/520871\/","title":{"rendered":"XV de France, le pari \u00e0 15 M\u20ac &#8211; Sports.fr"},"content":{"rendered":"<ol>\n<li><a href=\"https:\/\/news.google.com\/rss\/articles\/CBMiiAFBVV95cUxNM184azlNNmxaaDVsUmg5UTVBQ2t3ZHRyN0hrT21YWm1EVG9MMjgwQ2hfaDllYUZpQ1hvaDNRcUZOSXZNM3V0UjhGbGZKRzRuVk5iLVBtM0h5NmxLUi01SEJSamttVElSV0tGWUFpdGItWEtXRExHN1N3aW9ZdzF5cDl6MmVZLUVI?oc=5\" target=\"_blank\" rel=\"nofollow noopener\">XV de France, le pari \u00e0 15 M\u20ac<\/a>&nbsp;&nbsp;Sports.fr<\/li>\n<li><a href=\"https:\/\/news.google.com\/rss\/articles\/CBMifEFVX3lxTE9oTVdlbEQzbkJZMExNN2RWdlZGZTdmTUc1a0p2RTdKQ2ZfMjFVRExaR2lwTG9FN1FFOGhuRlk3MGZXOTl4NHBhT25kWmZ2SXVCWGFqRzFOSFhKLUQ5LV9JSGRUVUd0U0xuaEloOHB3bGFWVWRXeXNRUzJxRWo?oc=5\" target=\"_blank\" rel=\"nofollow noopener\">Tourn\u00e9es, Coupe des Nations : la bonne affaire de TF1 sur les droits t\u00e9l\u00e9 de l&rsquo;\u00e9quipe de France<\/a>&nbsp;&nbsp;L&rsquo;\u00c9quipe<\/li>\n<li><a href=\"https:\/\/news.google.com\/rss\/articles\/CBMipwJBVV95cUxPZHFuR2VCYVhEQjdVaUhsUlNIdndOQldmMXhvaV9wRWtfQVFhZUk0Mm9nOE9ja2JfT09BNlhmcWNXUTdlNXV1aEdNRFpFS0JORWs0N09uX2tFM0F0M2ozVkdVWHVNUXB4NmlCSHlkNGVfb0N0aDhrRDFudWRtTlZOdVJkMXUwRW1ydl9hYkVzdzE3UGM0U1VZZi1INmI2aWJBZllNQmczU1ZMV0gzVDZBQzQxbG5OaDR3YkNIc250ck9EYmZfdTJMc2FHelkyWkJHeEVBRmpFWWk3YlpsZk1hdEhmVE5xbG04UVlWZU1CNERyYkxFTzNEQ0t1UmsxQV9YQmpKWDBzQ3EtQlBJRDNCbGhFWk9RLWZucGVsaUhWdXNFOUF4N0g4?oc=5\" target=\"_blank\" rel=\"nofollow noopener\">\u00ab Le rugby me relie aux gens \u00bb : les confidences d\u2019Isabelle Ithurburu avant de retrouver le XV de France sur TF 1<\/a>&nbsp;&nbsp;Le Parisien<\/li>\n<li><a href=\"https:\/\/news.google.com\/rss\/articles\/CBMiiwJBVV95cUxPM0EtOWsxdENXdzQ2RWo1TUtmVTRac2hzYi1xQWFPUmdRZHJLQTViaWlaV0phSzFLYV9zUGhjV1Q4akd1azRmZ29tUEx1Ukp4MUUyMkt6QkRUN3hLWHJGWHROc3BwWkRXeXZNMzIyUTVnUENjQkRPNnVNTEE5bTVHX2JqRGttQUF5cEZReE9lUzlteGdheGVFcHFPYzA1dWVYbGJrdFlkVnlIY2FmU0RqVGxQRlhlUmdPQjJ1c3RsZl8yV1YzMWhlV3l4cG53QXVwaDZJaC0ydXNkM2l1bjVIUWNpMnVaWWoyM1RqbG5scnBpN1lWeW1JRUhPT0d5OG9sSE9ueHhyRTJuMXM?oc=5\" target=\"_blank\" rel=\"nofollow noopener\">\u00a0\u00bbIl n\u2019y a pas que des papas de joueurs qui viennent assister au match\u00a0\u00bb, Isabelle Ithurburu d\u00e9fend l&rsquo;approche de TF1 face aux critiques<\/a>&nbsp;&nbsp;Le Rugbynist\u00e8re<\/li>\n<li><a href=\"https:\/\/news.google.com\/rss\/articles\/CBMifkFVX3lxTE9YTkduUmZhay1nQ2Ryc3ZQZ2FOQmJKVVNnQmJ0QTQyaVNCWVFfWDFPUUIyLTdkMzFKMWFBcVd0WUhrSWVqLXk4SlRHRkd4Y3M2N0NSSjllcG96TWtHZnd1UnY1MFlzQ28yR09EckpycDkyRUwzNnFadFpwb2ZVQQ?oc=5\" target=\"_blank\" rel=\"nofollow noopener\">Antoine Dupont sur TF1, c\u2019est le jackpot !<\/a>&nbsp;&nbsp;Le10Sport<\/li>\n<\/ol>\n","protected":false},"excerpt":{"rendered":"XV de France, le pari \u00e0 15 M\u20ac&nbsp;&nbsp;Sports.fr Tourn\u00e9es, Coupe des Nations : la bonne affaire de TF1&hellip;\n","protected":false},"author":2,"featured_media":520872,"comment_status":"","ping_status":"","sticky":false,"template":"","format":"standard","meta":{"footnotes":""},"categories":[1416],"tags":[1011,27,479,1468,60],"class_list":{"0":"post-520871","1":"post","2":"type-post","3":"status-publish","4":"format-standard","5":"has-post-thumbnail","7":"category-rugby","8":"tag-fr","9":"tag-france","10":"tag-rugby","11":"tag-rugby-football","12":"tag-sports"},"share_on_mastodon":{"url":"https:\/\/pubeurope.com\/@fr\/115514958460747569","error":""},"_links":{"self":[{"href":"https:\/\/www.europesays.com\/fr\/wp-json\/wp\/v2\/posts\/520871","targetHints":{"allow":["GET"]}}],"collection":[{"href":"https:\/\/www.europesays.com\/fr\/wp-json\/wp\/v2\/posts"}],"about":[{"href":"https:\/\/www.europesays.com\/fr\/wp-json\/wp\/v2\/types\/post"}],"author":[{"embeddable":true,"href":"https:\/\/www.europesays.com\/fr\/wp-json\/wp\/v2\/users\/2"}],"replies":[{"embeddable":true,"href":"https:\/\/www.europesays.com\/fr\/wp-json\/wp\/v2\/comments?post=520871"}],"version-history":[{"count":0,"href":"https:\/\/www.europesays.com\/fr\/wp-json\/wp\/v2\/posts\/520871\/revisions"}],"wp:featuredmedia":[{"embeddable":true,"href":"https:\/\/www.europesays.com\/fr\/wp-json\/wp\/v2\/media\/520872"}],"wp:attachment":[{"href":"https:\/\/www.europesays.com\/fr\/wp-json\/wp\/v2\/media?parent=520871"}],"wp:term":[{"taxonomy":"category","embeddable":true,"href":"https:\/\/www.europesays.com\/fr\/wp-json\/wp\/v2\/categories?post=520871"},{"taxonomy":"post_tag","embeddable":true,"href":"https:\/\/www.europesays.com\/fr\/wp-json\/wp\/v2\/tags?post=520871"}],"curies":[{"name":"wp","href":"https:\/\/api.w.org\/{rel}","templated":true}]}}