{"id":520873,"date":"2025-11-08T16:12:22","date_gmt":"2025-11-08T16:12:22","guid":{"rendered":"https:\/\/www.europesays.com\/fr\/520873\/"},"modified":"2025-11-08T16:12:22","modified_gmt":"2025-11-08T16:12:22","slug":"un-chiffre-hallucinant-avant-sa-finale-contre-sabalenka","status":"publish","type":"post","link":"https:\/\/www.europesays.com\/fr\/520873\/","title":{"rendered":"un chiffre hallucinant avant sa finale contre Sabalenka"},"content":{"rendered":"<p>                <img decoding=\"async\" src=\"https:\/\/www.europesays.com\/fr\/wp-content\/uploads\/2025\/11\/aZPI.jpg\" fetchpriority=\"high\" alt=\"Rybakina, v\u00e9ritable machine \u00e0 aces : un chiffre hallucinant avant sa finale contre Sabalenka\"\/><\/p>\n<p>500 aces cette saison : Rybakina a d\u00e9j\u00e0 frapp\u00e9 plus fort que quiconque sur le circuit. Si elle ne menacera pas le record de Pliskova, elle s\u2019en rapprochera sans aucun doute lors de sa finale contre Aryna Sabalenka \u00e0 Riyad.<\/p>\n<p>Connue pour son service redoutable, Rybakina s\u2019est impos\u00e9e comme la reine des aces cette ann\u00e9e. Hier, lors de sa demi-finale au Masters f\u00e9minin contre Jessica Pegula, la 6e mondiale a claqu\u00e9 15 aces, lui permettant d\u2019atteindre la barre symbolique des 500 aces sur une saison.<\/p>\n<p>Un total qui n\u2019avait plus \u00e9t\u00e9 atteint depuis neuf ans, \u00e0 l\u2019\u00e9poque par Karolina Pliskova. L\u2019ancienne n\u00b01 mondiale avait frapp\u00e9 517 aces en 2015 avant d\u2019\u00e9tablir un nouveau record personnel l\u2019ann\u00e9e suivante avec 530.<\/p>\n<p><strong>Entre 2015 et 2021, elle avait d\u2019ailleurs termin\u00e9 en t\u00eate du classement des aces \u00e0 cinq reprises.<\/strong><\/p>\n<p>Lors de sa finale contre Aryna Sabalenka ce samedi, Rybakina devra compter sur cette arme pour faire la diff\u00e9rence. 15 aces lui permettraient de d\u00e9passer la premi\u00e8re marque \u00e9tablie par Pliskova en 2015.<\/p>\n","protected":false},"excerpt":{"rendered":"500 aces cette saison : Rybakina a d\u00e9j\u00e0 frapp\u00e9 plus fort que quiconque sur le circuit. Si elle&hellip;\n","protected":false},"author":2,"featured_media":520874,"comment_status":"","ping_status":"","sticky":false,"template":"","format":"standard","meta":{"footnotes":""},"categories":[1415],"tags":[1011,27,60,1467],"class_list":{"0":"post-520873","1":"post","2":"type-post","3":"status-publish","4":"format-standard","5":"has-post-thumbnail","7":"category-tennis","8":"tag-fr","9":"tag-france","10":"tag-sports","11":"tag-tennis"},"share_on_mastodon":{"url":"https:\/\/pubeurope.com\/@fr\/115514962857112995","error":""},"_links":{"self":[{"href":"https:\/\/www.europesays.com\/fr\/wp-json\/wp\/v2\/posts\/520873","targetHints":{"allow":["GET"]}}],"collection":[{"href":"https:\/\/www.europesays.com\/fr\/wp-json\/wp\/v2\/posts"}],"about":[{"href":"https:\/\/www.europesays.com\/fr\/wp-json\/wp\/v2\/types\/post"}],"author":[{"embeddable":true,"href":"https:\/\/www.europesays.com\/fr\/wp-json\/wp\/v2\/users\/2"}],"replies":[{"embeddable":true,"href":"https:\/\/www.europesays.com\/fr\/wp-json\/wp\/v2\/comments?post=520873"}],"version-history":[{"count":0,"href":"https:\/\/www.europesays.com\/fr\/wp-json\/wp\/v2\/posts\/520873\/revisions"}],"wp:featuredmedia":[{"embeddable":true,"href":"https:\/\/www.europesays.com\/fr\/wp-json\/wp\/v2\/media\/520874"}],"wp:attachment":[{"href":"https:\/\/www.europesays.com\/fr\/wp-json\/wp\/v2\/media?parent=520873"}],"wp:term":[{"taxonomy":"category","embeddable":true,"href":"https:\/\/www.europesays.com\/fr\/wp-json\/wp\/v2\/categories?post=520873"},{"taxonomy":"post_tag","embeddable":true,"href":"https:\/\/www.europesays.com\/fr\/wp-json\/wp\/v2\/tags?post=520873"}],"curies":[{"name":"wp","href":"https:\/\/api.w.org\/{rel}","templated":true}]}}