{"id":520897,"date":"2025-11-08T16:29:11","date_gmt":"2025-11-08T16:29:11","guid":{"rendered":"https:\/\/www.europesays.com\/fr\/520897\/"},"modified":"2025-11-08T16:29:11","modified_gmt":"2025-11-08T16:29:11","slug":"pourquoi-les-francais-ne-gagnent-plus-en-niveau-de-vie","status":"publish","type":"post","link":"https:\/\/www.europesays.com\/fr\/520897\/","title":{"rendered":"Pourquoi les Fran\u00e7ais ne gagnent plus en niveau de vie"},"content":{"rendered":"<p itemprop=\"description\">Vous avez la sensation de ne plus gagner<br \/>\nen niveau de vie depuis plusieurs ann\u00e9es ? Ce sentiment est normal,<br \/>\net c\u2019est une \u00e9tude qui l\u2019explique.<\/p>\n<p>Si vous avez l\u2019\u00e9trange sensation que vous ne parvenez plus \u00e0<br \/>\ngagner en niveau de vie, rassurez-vous. Comme en t\u00e9moigne un r\u00e9cent<br \/>\narticle de TF1 Info et une enqu\u00eate men\u00e9e par le pr\u00e9sident<br \/>\ndu cabinet de conseil Quintet : Antoine Fouquet, et relay\u00e9e sur<br \/>\nLCI, ce sentiment est en fait une r\u00e9alit\u00e9. Mais, comment<br \/>\nl\u2019expliquer ?<\/p>\n<p>Le niveau de vie n\u2019augmente pas depuis 15 ans<\/p>\n<p>\u201cOn ne s\u00a0\u00bbappauvrit pas. Mais pour la premi\u00e8re fois depuis<br \/>\n1945, en 15 ans, le <a href=\"https:\/\/www.maison-travaux.fr\/renovation-par-piece\/cuisine-renovation-par-piece\/faites-ca-cuisine-trahit-niveau-vie-experts-riches-jamais-596728.html\" target=\"_blank\" rel=\"noopener\">niveau de vie<\/a> des Fran\u00e7ais n&rsquo;a<br \/>\npas augment\u00e9. D&rsquo;o\u00f9 <strong>le sentiment<br \/>\nd&rsquo;appauvrissement<\/strong>\u00ab\u00a0, partage Antoine Fouquet au micro<br \/>\nde LCI. Une d\u00e9claration choc, qui pointe du doigt un<br \/>\nconstat sans appel : en 2025, <strong>nous ne vivons pas mieux<br \/>\nqu\u2019au d\u00e9but des ann\u00e9es 2000.<\/strong><\/p>\n<p><a href=\"https:\/\/www.maison-travaux.fr\/actualites\/budget\/aliment-frigo-plus-riche-que-la-moyenne-etude-542023.html\" target=\"_blank\" rel=\"noopener\">Selon l\u2019INSEE<\/a>, \u00ab\u00a0Chaque<br \/>\ng\u00e9n\u00e9ration a v\u00e9cu mieux que la pr\u00e9c\u00e9dente gr\u00e2ce \u00e0 son travail,<br \/>\n<strong>sauf celle-l\u00e0<\/strong>\u201c. Antoine Fouquet ajoute m\u00eame<br \/>\nque \u00ab\u00a0Pour la premi\u00e8re fois depuis 1945, travailler ne permet<br \/>\nplus d&rsquo;am\u00e9liorer son niveau de vie\u00a0\u00bb. Mais comment expliquer ce<br \/>\nph\u00e9nom\u00e8ne alors que nos soci\u00e9t\u00e9s continuent <strong>de progresser,<br \/>\nde cr\u00e9er de la valeur et de se moderniser ?<\/strong><\/p>\n<p>L\u2019inflation explique la stagnation du niveau de vie<\/p>\n<p>\u00c9videmment, la premi\u00e8re explication li\u00e9e \u00e0 <strong>la stagnation<br \/>\ndu niveau de vie<\/strong> concerne <a href=\"https:\/\/www.maison-travaux.fr\/actualites\/cause-linflation-vous-pourrez-plus-permettre-choses-582926.html\" target=\"_blank\" rel=\"noopener\">la hausse des prix<\/a>. Avant les<br \/>\nann\u00e9es 2000, le prix de notre quotidien \u00e9tait plus abordable. Nous<br \/>\navions aussi <strong>moins de besoins technologiques<\/strong> ou<br \/>\nacc\u00e8s \u00e0 autant de produits. Aujourd\u2019hui, et particuli\u00e8rement depuis<br \/>\n15 ans, <strong>notre vie n\u2019a jamais co\u00fbt\u00e9 aussi cher<\/strong>.<\/p>\n<p>Les prix des denr\u00e9es alimentaires, dans les supermarch\u00e9s, de<br \/>\nl\u2019\u00e9nergie, <a href=\"https:\/\/www.maison-travaux.fr\/sequiper\/conseils-pratiques\/pieces-maison-font-flamber-consommation-denergie-572003.html\" target=\"_blank\" rel=\"noopener\">de l\u2019\u00e9lectricit\u00e9 et du gaz<\/a>, mais<br \/>\naussi de l\u2019essence ou des loyers, font que <strong>nous ne<br \/>\nr\u00e9ussissons plus \u00e0 nous enrichir.<\/strong> L\u2019acc\u00e8s \u00e0 la propri\u00e9t\u00e9<br \/>\nest <strong>de plus en plus difficile<\/strong> et les \u00e9volutions de<br \/>\ncarri\u00e8re ne concernent <strong>pas toutes les professions ni tous<br \/>\nles salari\u00e9s.<\/strong><\/p>\n<p><img decoding=\"async\" src=\"data:image\/svg+xml,%3Csvg%20xmlns=\" http:=\"\" width=\"100%\" height=\"auto\" data-lazy-src=\"https:\/\/www.europesays.com\/fr\/wp-content\/uploads\/2025\/11\/1762619351_973_maxresdefault.jpg\"\/><br \/>\n<video width=\"100%\" height=\"360px\" controls=\"\" id=\"player_5b749724b73dc3d43e4581638eea0051\" preload=\"auto\" class=\"video-js vjs-default-skin vjs-big-play-centered\" style=\"display:none; text-align: center; margin-bottom: 4px;\" poster=\"https:\/\/www.europesays.com\/fr\/wp-content\/uploads\/2025\/11\/1762619351_973_maxresdefault.jpg\"\/><\/p>\n<p>Les salaires sont aussi li\u00e9s au niveau<br \/>\nde vie<\/p>\n<p>Justement, le second point qui explique cette <strong>stagnation<br \/>\ndu niveau de vie<\/strong> et le montant de la r\u00e9mun\u00e9ration accord\u00e9e<br \/>\naux travailleurs. En effet, <a href=\"https:\/\/www.maison-travaux.fr\/actualites\/budget\/mauvaise-nouvelle-pourquoi-vous-naurez-sans-doute-pas-daugmentation-de-salaire-ces-prochaines-annees-598669.html\" target=\"_blank\" rel=\"noopener\">les salaires<\/a> suivent une<br \/>\n<strong>lente courbe croissante<\/strong>, mais celle-ci n\u2019est pas<br \/>\nassez rapide. L\u2019inflation est telle qu\u2019elle <strong>prive les<br \/>\nsalari\u00e9s d\u2019une v\u00e9ritable am\u00e9lioration de leur niveau de<br \/>\nvie.<\/strong><\/p>\n<p>De plus, Antoine Fouquet explique que la <strong>diff\u00e9rence<br \/>\nentre salaire brut et salaire net<\/strong> se creuse de plus en<br \/>\nplus. \u201cAujourd&rsquo;hui, vous gardez 54 euros quand vous en gagnez<br \/>\n100. Il y a 30 ans, vous en gardiez 60. Il y a 50 ans, vous en<br \/>\ngardiez 69\u201d. Les charges et <a href=\"https:\/\/www.maison-travaux.fr\/actualites\/budget\/taxe-fonciere-2025-ce-document-peut-vous-faire-gagner-des-centaines-deuros-avant-le-31-decembre-601763.html\" target=\"_blank\" rel=\"noopener\">les taxes<\/a> <strong>p\u00e8sent de plus<br \/>\nen plus sur les salaires.<\/strong><\/p>\n","protected":false},"excerpt":{"rendered":"Vous avez la sensation de ne plus gagner en niveau de vie depuis plusieurs ann\u00e9es ? Ce sentiment&hellip;\n","protected":false},"author":2,"featured_media":520898,"comment_status":"","ping_status":"","sticky":false,"template":"","format":"standard","meta":{"footnotes":""},"categories":[6],"tags":[35,33,34,1011,27,729],"class_list":{"0":"post-520897","1":"post","2":"type-post","3":"status-publish","4":"format-standard","5":"has-post-thumbnail","7":"category-economie","8":"tag-business","9":"tag-economie","10":"tag-economy","11":"tag-fr","12":"tag-france","13":"tag-yout_video"},"share_on_mastodon":{"url":"https:\/\/pubeurope.com\/@fr\/115515029284859622","error":""},"_links":{"self":[{"href":"https:\/\/www.europesays.com\/fr\/wp-json\/wp\/v2\/posts\/520897","targetHints":{"allow":["GET"]}}],"collection":[{"href":"https:\/\/www.europesays.com\/fr\/wp-json\/wp\/v2\/posts"}],"about":[{"href":"https:\/\/www.europesays.com\/fr\/wp-json\/wp\/v2\/types\/post"}],"author":[{"embeddable":true,"href":"https:\/\/www.europesays.com\/fr\/wp-json\/wp\/v2\/users\/2"}],"replies":[{"embeddable":true,"href":"https:\/\/www.europesays.com\/fr\/wp-json\/wp\/v2\/comments?post=520897"}],"version-history":[{"count":0,"href":"https:\/\/www.europesays.com\/fr\/wp-json\/wp\/v2\/posts\/520897\/revisions"}],"wp:featuredmedia":[{"embeddable":true,"href":"https:\/\/www.europesays.com\/fr\/wp-json\/wp\/v2\/media\/520898"}],"wp:attachment":[{"href":"https:\/\/www.europesays.com\/fr\/wp-json\/wp\/v2\/media?parent=520897"}],"wp:term":[{"taxonomy":"category","embeddable":true,"href":"https:\/\/www.europesays.com\/fr\/wp-json\/wp\/v2\/categories?post=520897"},{"taxonomy":"post_tag","embeddable":true,"href":"https:\/\/www.europesays.com\/fr\/wp-json\/wp\/v2\/tags?post=520897"}],"curies":[{"name":"wp","href":"https:\/\/api.w.org\/{rel}","templated":true}]}}