{"id":520908,"date":"2025-11-08T16:36:13","date_gmt":"2025-11-08T16:36:13","guid":{"rendered":"https:\/\/www.europesays.com\/fr\/520908\/"},"modified":"2025-11-08T16:36:13","modified_gmt":"2025-11-08T16:36:13","slug":"grand-nancy-les-radiologues-en-greve-ce-lundi-pour-protester-contre-la-baisse-des-forfaits-techniques","status":"publish","type":"post","link":"https:\/\/www.europesays.com\/fr\/520908\/","title":{"rendered":"Grand Nancy. Les radiologues en gr\u00e8ve ce lundi pour protester contre la baisse des forfaits techniques"},"content":{"rendered":"<p>Prendre un rendez-vous pour une IRM ou un scanner sera tr\u00e8s compliqu\u00e9 ce lundi. Et pour cause, les radiologues seront en gr\u00e8ve dans toute la France \u00e0 l\u2019appel de la FNMR (f\u00e9d\u00e9ration nationale des m\u00e9decins radiologues) pour protester contre la baisse de 12,6\u00a0% des forfaits techniques pr\u00e9vue dans le projet de loi de financement de la S\u00e9curit\u00e9 sociale pour l\u2019ann\u00e9e 2026.<\/p>\n<p>  Quatre centres de Radiolor concern\u00e9s sur le Grand Nancy<\/p>\n<p>\u00ab\u00a0Diminuer ces forfaits techniques, c\u2019est ralentir le renouvellement des machines, freiner l\u2019acc\u00e8s \u00e0 l\u2019innovation, fragiliser l\u2019imagerie en zones rurales, d\u00e9courager les jeunes m\u00e9decins et \u00e0 terme, d\u00e9grader la prise en charge de millions de patients\u00a0\u00bb, alerte Jean-Baptiste Meyer, radiologue et cog\u00e9rant chez Radiolor, qui poss\u00e8de une quinzaine de centres en Lorraine dont quatre dans le Grand Nancy (imagerie m\u00e9dicale Kleber et clinique Louis-Pasteur \u00e0 Essey-l\u00e8s-Nancy, h\u00f4pital d\u2019enfants &#8211; Brabois \u00e0 Vandoeuvre et maternit\u00e9 r\u00e9gionale \u00e0 Nancy).<\/p>\n<p>Ce lundi, les diff\u00e9rents centres de Radiolor seront ferm\u00e9s et n\u2019assureront que la prise en charge des urgences.<\/p>\n","protected":false},"excerpt":{"rendered":"Prendre un rendez-vous pour une IRM ou un scanner sera tr\u00e8s compliqu\u00e9 ce lundi. Et pour cause, les&hellip;\n","protected":false},"author":2,"featured_media":520909,"comment_status":"","ping_status":"","sticky":false,"template":"","format":"standard","meta":{"footnotes":""},"categories":[9635],"tags":[1111,11,9671,1704,1777,674,1011,27,775,3457,1702,1703,12,25,71,801],"class_list":{"0":"post-520908","1":"post","2":"type-post","3":"status-publish","4":"format-standard","5":"has-post-thumbnail","7":"category-nancy","8":"tag-actu","9":"tag-actualites","10":"tag-conflit-social","11":"tag-edition-nancy-et-agglomeration","12":"tag-eu","13":"tag-europe","14":"tag-fr","15":"tag-france","16":"tag-grand-est","17":"tag-meurthe-et-moselle","18":"tag-nancy","19":"tag-nancy-ville-54b","20":"tag-news","21":"tag-republique-francaise","22":"tag-sante","23":"tag-social"},"share_on_mastodon":{"url":"https:\/\/pubeurope.com\/@fr\/115515056724170321","error":""},"_links":{"self":[{"href":"https:\/\/www.europesays.com\/fr\/wp-json\/wp\/v2\/posts\/520908","targetHints":{"allow":["GET"]}}],"collection":[{"href":"https:\/\/www.europesays.com\/fr\/wp-json\/wp\/v2\/posts"}],"about":[{"href":"https:\/\/www.europesays.com\/fr\/wp-json\/wp\/v2\/types\/post"}],"author":[{"embeddable":true,"href":"https:\/\/www.europesays.com\/fr\/wp-json\/wp\/v2\/users\/2"}],"replies":[{"embeddable":true,"href":"https:\/\/www.europesays.com\/fr\/wp-json\/wp\/v2\/comments?post=520908"}],"version-history":[{"count":0,"href":"https:\/\/www.europesays.com\/fr\/wp-json\/wp\/v2\/posts\/520908\/revisions"}],"wp:featuredmedia":[{"embeddable":true,"href":"https:\/\/www.europesays.com\/fr\/wp-json\/wp\/v2\/media\/520909"}],"wp:attachment":[{"href":"https:\/\/www.europesays.com\/fr\/wp-json\/wp\/v2\/media?parent=520908"}],"wp:term":[{"taxonomy":"category","embeddable":true,"href":"https:\/\/www.europesays.com\/fr\/wp-json\/wp\/v2\/categories?post=520908"},{"taxonomy":"post_tag","embeddable":true,"href":"https:\/\/www.europesays.com\/fr\/wp-json\/wp\/v2\/tags?post=520908"}],"curies":[{"name":"wp","href":"https:\/\/api.w.org\/{rel}","templated":true}]}}