{"id":520912,"date":"2025-11-08T16:38:10","date_gmt":"2025-11-08T16:38:10","guid":{"rendered":"https:\/\/www.europesays.com\/fr\/520912\/"},"modified":"2025-11-08T16:38:10","modified_gmt":"2025-11-08T16:38:10","slug":"entretien-avec-la-directrice-de-lassociation-daide-aux-victimes-dinfractions-penales-du-var","status":"publish","type":"post","link":"https:\/\/www.europesays.com\/fr\/520912\/","title":{"rendered":"entretien avec la directrice de l\u2019association d\u2019aide aux victimes d\u2019infractions p\u00e9nales du Var"},"content":{"rendered":"<p class=\"fs-5 \">\u00c9c\u0153ur\u00e9s par un certain laxisme judiciaire (1). En col\u00e8re contre des remises de peine incompr\u00e9hensibles. D\u00e9go\u00fbt\u00e9s par les discours sur le \u00ab sentiment d\u2019ins\u00e9curit\u00e9 \u00bb qui nie une souffrance bien r\u00e9elle. Depuis quelque temps, les familles de victimes ne veulent plus baisser les yeux.<\/p>\n<p class=\"fs-5 \">Les mots d&rsquo;Harmonie Comyn, la veuve du gendarme \u00c9ric Comyn \u2013 \u00ab La France a tu\u00e9 mon mari \u00bb \u2013 <a href=\"https:\/\/www.nicematin.com\/faits-divers\/puisse-son-deces-reveiller-les-consciences-un-an-apres-la-mort-du-gendarme-eric-comyn-lors-d-un-refus-d-obtemperer-sa-veuve-renouvelle-ses-critiques-face-au-laxisme-de-l-etat-999447\" target=\"_blank\" rel=\"noopener\">fauch\u00e9 par un chauffard multir\u00e9cidiviste le 26 ao\u00fbt 2024 \u00e0 Mougins<\/a>, ont d\u00e9clench\u00e9 une onde de choc.<\/p>\n<p class=\"fs-5 \">De la <a href=\"https:\/\/www.nicematin.com\/societe\/justice\/le-proces-mazan-est-fini-pas-de-pourvoi-en-cassation-pour-husamettin-dogan-condamne-en-appel-a-10-ans-de-prison-pour-viols-aggraves-sur-gisele-pelicot-10651901\" target=\"_blank\" rel=\"noopener\">combativit\u00e9 de Gis\u00e8le Pelicot lors du proc\u00e8s des viols de Mazan<\/a>, \u00e0 la demande de la m\u00e8re de Lola, sauvagement assassin\u00e9e, de lever le huis clos. Ou derni\u00e8rement, le t\u00e9moignage \u00ab pour la m\u00e9moire \u00bb de son fils de la m\u00e8re du jeune Mathis, tu\u00e9 par un chauffard \u00e0 Lille.<\/p>\n<p class=\"fs-5 \">Les victimes veulent se faire entendre et ne se cachent plus. Un changement qui fait r\u00e9agir certains magistrats (2). Jusqu\u2019au ministre de la Justice.<\/p>\n<p class=\"fs-5 \"><strong>Le ministre de la Justice G\u00e9rald Darmanin a annonc\u00e9 dans sa circulaire du 13 octobre (3) vouloir \u00ab recentrer la politique sur les victimes \u00bb, c\u2019est un signal fort selon vous ?<\/strong><\/p>\n<p class=\"fs-5 \">Oui, il y a une volont\u00e9 de recentrer la victime au sein de la proc\u00e9dure judiciaire. Dans le d\u00e9partement du Var, il y a d\u00e9j\u00e0 une politique tr\u00e8s offensive pour l&rsquo;aide aux victimes. Donc je ne vois pas de changement de cap du minist\u00e8re de la Justice, plut\u00f4t l&rsquo;affirmation de ce qui se fait d\u00e9j\u00e0 ici et une harmonisation des pratiques au niveau national.<\/p>\n<p class=\"fs-5 \"><strong>Le tribunal de Toulon est en avance sur ces questions-l\u00e0 ?<\/strong><\/p>\n<p class=\"fs-5 \">Dans le Var, bien avant la circulaire Darmanin, on a pris en compte la parole de la victime. Je le vois, au niveau des parquets, on communique beaucoup. Par exemple, on informe les victimes des classements sans suite. Il y a cinq ou six ans, les gens se voyaient notifier un classement sans suite avec une lettre, et puis \u00e7a s&rsquo;arr\u00eatait l\u00e0. Maintenant, le parquet notifie. Et on nous demande de recevoir les victimes pour leur expliquer la signification de cette notification, leur proposer une aide psychologique, un accompagnement dans la proc\u00e9dure, si n\u00e9cessaire. Cela signifie que les magistrats se sont saisis de la place de la victime, et ont bien conscience qu&rsquo;on ne peut pas juste envoyer un courrier en disant que votre proc\u00e9dure est class\u00e9e et que \u00e7a s&rsquo;arr\u00eate l\u00e0.<\/p>\n<p class=\"fs-5 \"><strong>Les victimes ont \u00e9t\u00e9 trop longtemps d\u00e9laiss\u00e9es ?<\/strong><\/p>\n<p class=\"fs-5 \">Je ne suis pas s\u00fbre qu&rsquo;on puisse parler de d\u00e9laissement. La proc\u00e9dure p\u00e9nale telle qu&rsquo;elle est pens\u00e9e en France, c&rsquo;est effectivement la mise \u00e0 l&rsquo;\u00e9cart de l&rsquo;auteur pour le bien de la soci\u00e9t\u00e9, et pour qu&rsquo;il n&rsquo;y ait pas de r\u00e9it\u00e9ration des faits ou de nouvelles infractions. Mais effectivement, on mettait en avant le fait que l&rsquo;auteur \u00e9tait \u00e9cart\u00e9, sans pour autant mettre en parall\u00e8le la souffrance des victimes, la difficult\u00e9 \u00e0 reprendre pied apr\u00e8s des faits graves, suite \u00e0 des proc\u00e8s compliqu\u00e9s.<\/p>\n<p class=\"fs-5 \"><strong>Comment expliquez-vous cette \u00e9volution ?<\/strong><\/p>\n<p class=\"fs-5 \">On se rend compte que les victimes ont besoin d&rsquo;\u00eatre accompagn\u00e9es, inform\u00e9es, et consid\u00e9r\u00e9es. Il y a aussi le fait que maintenant les victimes parlent beaucoup plus. Ce qui ne se faisait pas avant. Les victimes \u00e9taient assez muettes. Peut-\u00eatre qu&rsquo;on ne leur donnait pas beaucoup la parole, peut-\u00eatre qu&rsquo;on ne les \u00e9coutait pas assez non plus, mais maintenant, on est dans une p\u00e9riode et dans une soci\u00e9t\u00e9 o\u00f9 les gens parlent. Les victimes (70 % de femmes) ont de plus en plus la reconnaissance de ce statut, avec un acc\u00e8s aux m\u00e9dias o\u00f9 elles peuvent s\u2019exprimer.<\/p>\n<p class=\"fs-5 \"><strong>La honte a chang\u00e9 de camp ?<\/strong><\/p>\n<p class=\"fs-5 \">On le voit avec MeToo, on l&rsquo;a vu avec les infractions \u00e0 caract\u00e8re sexuel et sexiste, dans beaucoup de milieux\u2026 Les gens ne se taisent plus. La parole s&rsquo;est lib\u00e9r\u00e9e du c\u00f4t\u00e9 des victimes. On a moins un sentiment de honte, de culpabilit\u00e9, quand on a fait l&rsquo;objet d&rsquo;une infraction grave. Si on reprend le proc\u00e8s du meurtre de Lola par exemple, la maman n&rsquo;a pas demand\u00e9 le huis clos. Il y a encore quelques ann\u00e9es, je pense qu\u2019il aurait \u00e9t\u00e9 demand\u00e9.<\/p>\n<p class=\"fs-5 \"><strong>Est-ce que derri\u00e8re cette affirmation des victimes, il n&rsquo;y a pas aussi la demande d&rsquo;une justice p\u00e9nale plus forte, de condamnations plus s\u00e9v\u00e8res envers les auteurs de crimes ?<\/strong><\/p>\n<p class=\"fs-5 \">Les personnes qu&rsquo;on accueille veulent une justice, qu&rsquo;elle soit rapide et s\u00e9v\u00e8re, mais \u00e0 hauteur de ce qui est possible. On a rarement accueilli des gens qui nous parlaient de peine de mort. Ou des personnes qui avaient un esprit de vengeance. En revanche, les victimes veulent que la loi soit appliqu\u00e9e dans son enti\u00e8ret\u00e9. \u00c7a, pour elles, c&rsquo;est tr\u00e8s important.<\/p>\n<p class=\"fs-5 \"><strong>Quels sont les points d\u2019am\u00e9lioration dans la prise en charge des victimes ?<\/strong><\/p>\n<p class=\"fs-5 \">Ce qui est compliqu\u00e9 pour une victime, c&rsquo;est le temps judiciaire. Aux assises par exemple, vous pouvez attendre trois, quatre ans\u2026 Les victimes ont du mal \u00e0 comprendre que ce soit si long. Le temps judiciaire est mal compris.<\/p>\n<p class=\"fs-5 \"><strong>Les victimes d&rsquo;infraction p\u00e9nale sont d\u00e9sormais notifi\u00e9es de la lib\u00e9ration de leur agresseur ?<\/strong><\/p>\n<p class=\"fs-5 \">Oui. \u00c7a, c&rsquo;est une v\u00e9ritable \u00e9volution. C&rsquo;\u00e9tait une demande forte. Et elle me semble l\u00e9gitime. On veut savoir o\u00f9 est son agresseur. Justement parce qu\u2019on ne veut pas le croiser dans la rue, ou se retrouver nez \u00e0 nez avec lui au supermarch\u00e9. Je n&rsquo;ai pas d&rsquo;avis \u00e0 donner sur la lib\u00e9ration, qu&rsquo;elle soit anticip\u00e9e ou pas anticip\u00e9e. Ce sont des mesures p\u00e9nales. En revanche, que les victimes soient au courant que l&rsquo;auteur est lib\u00e9r\u00e9, \u00e7a me semble quand m\u00eame fondamental.<\/p>\n<p class=\"fs-5 \">1. Pour 80 % des Fran\u00e7ais, la Justice est trop laxiste, selon un sondage CSA du 15 mai 2025.<\/p>\n<p class=\"fs-5 \">2. Notamment B\u00e9atrice Brug\u00e8re, magistrate, secr\u00e9taire g\u00e9n\u00e9rale Unit\u00e9 magistrat et auteure de \u00ab Justice : la col\u00e8re qui monte. Plaidoyer pour une refondation compl\u00e8te \u00bb aux \u00e9ditions de l\u2019Observatoire.<\/p>\n<p class=\"fs-5 \">3. Le Syndicat de la magistrature a introduit un recours contre la circulaire du garde de sceaux. Pour rappel, l\u2019ex-pr\u00e9sidente de ce syndicat (class\u00e9 \u00e0 gauche) Fran\u00e7oise Martre a \u00e9t\u00e9 condamn\u00e9e pour injure publique dans l\u2019affaire du \u00ab mur des cons \u00bb. La photo de Philippe Schmitt, ce p\u00e8re meurtri par la mort de sa fille tu\u00e9e de trente-quatre coups de couteau par un r\u00e9cidiviste dans le RER D en 2007, avait \u00e9t\u00e9 punais\u00e9e sur le panneau.<\/p>\n","protected":false},"excerpt":{"rendered":"\u00c9c\u0153ur\u00e9s par un certain laxisme judiciaire (1). En col\u00e8re contre des remises de peine incompr\u00e9hensibles. D\u00e9go\u00fbt\u00e9s par les&hellip;\n","protected":false},"author":2,"featured_media":520913,"comment_status":"","ping_status":"","sticky":false,"template":"","format":"standard","meta":{"footnotes":""},"categories":[9619],"tags":[1111,11,1777,674,1011,27,12,882,25,2310,57187],"class_list":{"0":"post-520912","1":"post","2":"type-post","3":"status-publish","4":"format-standard","5":"has-post-thumbnail","7":"category-toulon","8":"tag-actu","9":"tag-actualites","10":"tag-eu","11":"tag-europe","12":"tag-fr","13":"tag-france","14":"tag-news","15":"tag-provence-alpes-cote-dazur","16":"tag-republique-francaise","17":"tag-toulon","18":"tag-violencessexuelles"},"share_on_mastodon":{"url":"https:\/\/pubeurope.com\/@fr\/115515064753906618","error":""},"_links":{"self":[{"href":"https:\/\/www.europesays.com\/fr\/wp-json\/wp\/v2\/posts\/520912","targetHints":{"allow":["GET"]}}],"collection":[{"href":"https:\/\/www.europesays.com\/fr\/wp-json\/wp\/v2\/posts"}],"about":[{"href":"https:\/\/www.europesays.com\/fr\/wp-json\/wp\/v2\/types\/post"}],"author":[{"embeddable":true,"href":"https:\/\/www.europesays.com\/fr\/wp-json\/wp\/v2\/users\/2"}],"replies":[{"embeddable":true,"href":"https:\/\/www.europesays.com\/fr\/wp-json\/wp\/v2\/comments?post=520912"}],"version-history":[{"count":0,"href":"https:\/\/www.europesays.com\/fr\/wp-json\/wp\/v2\/posts\/520912\/revisions"}],"wp:featuredmedia":[{"embeddable":true,"href":"https:\/\/www.europesays.com\/fr\/wp-json\/wp\/v2\/media\/520913"}],"wp:attachment":[{"href":"https:\/\/www.europesays.com\/fr\/wp-json\/wp\/v2\/media?parent=520912"}],"wp:term":[{"taxonomy":"category","embeddable":true,"href":"https:\/\/www.europesays.com\/fr\/wp-json\/wp\/v2\/categories?post=520912"},{"taxonomy":"post_tag","embeddable":true,"href":"https:\/\/www.europesays.com\/fr\/wp-json\/wp\/v2\/tags?post=520912"}],"curies":[{"name":"wp","href":"https:\/\/api.w.org\/{rel}","templated":true}]}}