{"id":520920,"date":"2025-11-08T16:42:11","date_gmt":"2025-11-08T16:42:11","guid":{"rendered":"https:\/\/www.europesays.com\/fr\/520920\/"},"modified":"2025-11-08T16:42:11","modified_gmt":"2025-11-08T16:42:11","slug":"pres-de-rouen-ils-ont-repasse-le-certificat-detudes-de-1930","status":"publish","type":"post","link":"https:\/\/www.europesays.com\/fr\/520920\/","title":{"rendered":"Pr\u00e8s de Rouen, ils ont repass\u00e9 le certificat d&rsquo;\u00e9tudes de 1930\u00a0!"},"content":{"rendered":"<p>            Par<br \/>\n        <strong><br \/>\n            <a href=\"https:\/\/actu.fr\/auteur\/laredaction\" title=\"Consulter tous les articles de R\u00e9daction Normandie\" rel=\"nofollow noopener\" target=\"_blank\">R\u00e9daction Normandie<\/a><br \/>\n        <\/strong><\/p>\n<p>        Publi\u00e9 le<\/p>\n<p>            8 nov. 2025 \u00e0 17h34        <\/p>\n<p>La Semaine Bleue a propos\u00e9 aux retrait\u00e9s de <a href=\"https:\/\/actu.fr\/normandie\/franqueville-saint-pierre_76475\" rel=\"nofollow noopener\" target=\"_blank\">Franqueville-Saint-Pierre<\/a>, pr\u00e8s de Rouen, <strong>de d\u00e9couvrir toutes sortes d\u2019activit\u00e9s<\/strong>. Pr\u00e8s de 330 personnes s\u2019\u00e9taient inscrites pour y participer. \u00ab Cette ann\u00e9e, nous avons encore propos\u00e9 de nouveaux ateliers comme l\u2019art floral, un atelier interactif pour pr\u00e9venir les chutes, le basket sant\u00e9.<br \/>Il y en avait pour toutes les tranches d\u2019\u00e2ge \u00bb, pr\u00e9cise Val\u00e9rie Fisset, adjointe aux Affaires sociales. On pouvait aussi d\u00e9couvrir le Dien Chian, m\u00e9thode chinoise pour g\u00e9rer les douleurs physiques et les maux du quotidien par stimulation des zones nerveuses du visage. Le truck Soliha \u00e9tait aussi \u00e0 disposition pour informer sur les am\u00e9nagements possibles dans les logements, afin d\u2019y vivre longtemps, en s\u00e9curit\u00e9 et dans le confort.<\/p>\n<p>Un challenge !<\/p>\n<p class=\" wall-content\">Certains ont pr\u00e9f\u00e9r\u00e9 un challenge :<strong> repasser le certificat d\u2019\u00e9tudes de 1930.<\/strong> Une activit\u00e9 propos\u00e9e en partenariat avec les b\u00e9n\u00e9voles de la biblioth\u00e8que qui ont proc\u00e9d\u00e9 aux corrections. Seize personnes ont planch\u00e9 pendant une heure sur les \u00e9preuves de l\u2019examen.<\/p>\n<p class=\" wall-content\">Rappelons qu\u2019\u00e0 l\u2019\u00e9poque, apr\u00e8s sept ans d\u2019\u00e9cole primaire, ce dipl\u00f4me marquait pour beaucoup l\u2019entr\u00e9e dans la vie active. Les candidats, \u00e2g\u00e9s de 11 \u00e0 13\u00a0ans, se rendaient au chef-lieu de canton pour les \u00e9preuves. La premi\u00e8re ou le premier du canton avait son heure de gloire. Les deux \u00e9preuves les plus redout\u00e9es \u00e9taient <strong>la dict\u00e9e et les probl\u00e8mes d\u2019arithm\u00e9tique.<\/strong> \u00ab \u00c7a s\u2019est bien pass\u00e9 \u00bb, affirment les candidats du jour \u00e0 la sortie.<\/p>\n<p class=\" wall-content\">Les hommes ont \u00e9t\u00e9 plus g\u00ean\u00e9s par les \u00e9preuves de couture, mais elles ne valaient que trois points. \u00ab Par contre, ils \u00e9taient vraiment favoris\u00e9s par une question sur la hi\u00e9rarchie militaire, qui valait 20 points \u00bb, s\u2019exclament les femmes. Tout s\u2019est pass\u00e9 dans la bonne humeur et c\u2019est Michel Laurent qui est sorti premier <strong>avec 138 points sur 180.<\/strong> Il a remport\u00e9 un an d\u2019abonnement \u00e0 la biblioth\u00e8que.<\/p>\n<p>Trente inscrits \u00e0 Chantons ensemble<\/p>\n<p class=\" wall-content\">L\u2019atelier Chantons ensemble a, lui aussi, tr\u00e8s bien march\u00e9. \u00ab On \u00e9tait 20 l\u2019ann\u00e9e derni\u00e8re, cette ann\u00e9e, on compte 30 inscrits \u00bb, se r\u00e9jouit Philippe Merlev\u00e8de, qui a pr\u00e9par\u00e9 l\u2019activit\u00e9 et a dirig\u00e9 le ch\u0153ur avec Dominique Hue et Bertrand Rioult.<\/p>\n<p>    <img   decoding=\"async\" loading=\"lazy\" class=\"size-large\" src=\"https:\/\/www.europesays.com\/fr\/wp-content\/uploads\/2025\/11\/fe8e2e3770096949e2e377009889e2v-960x640.jpg\" alt=\"On a aussi chant\u00e9 ensemble.\" width=\"960\" height=\"640\"\/><br \/>\n    On a aussi chant\u00e9 ensemble. \u00a9Jocelyne Fr\u00e9ville-Vion<\/p>\n<p class=\" wall-content\">Vingt-trois titres parmi les plus connus de la chanson fran\u00e7aise, Le P\u2019tit vin blanc, Le P\u2019tit Quiquin, Les Champs \u00c9lys\u00e9es, Les Corons\u2026 sans oublier ceux de Hugues Auffray, \u00c9dith Piaf et Aznavour. Pas besoin d\u2019\u00eatre un bon chanteur, le plus important, c\u2019\u00e9tait de partager un moment convivial. \u00ab Notre but, c\u2019est de cr\u00e9er du lien \u00bb, a conclu Val\u00e9rie Fisset.<\/p>\n<p>Votre r\u00e9gion, votre actu !<\/p>\n<p>Recevez chaque jour les infos qui comptent pour vous.<\/p>\n<p>\t<a href=\"https:\/\/actu.fr\/newsletter\" class=\"ac-btn ac-btn--corner ac-btn--medium ac-btn--blue800\" rel=\"nofollow noopener\" target=\"_blank\">S&rsquo;incrire<\/a><br \/>\nSuivez l\u2019actualit\u00e9 de Rouen <a href=\"https:\/\/www.whatsapp.com\/channel\/0029VaKfnf99hXF2ddApFB1D\" rel=\"nofollow noopener\" target=\"_blank\">sur notre cha\u00eene WhatsApp<\/a> et <a href=\"https:\/\/www.tiktok.com\/@76actu.fr?lang=fr\" rel=\"nofollow noopener\" target=\"_blank\">sur notre compte TikTok<\/a><\/p>\n<p class=\" wall-content\">Personnalisez votre actualit\u00e9 en ajoutant vos villes et m\u00e9dias en favori avec <a href=\"https:\/\/moncompte.actu.fr\" title=\"D\u00e9couvez Mon Actu\" rel=\"nofollow noopener\" data-trk=\"{&quot;cta&quot;:{&quot;action&quot;:&quot;https:\\\/\\\/moncompte.actu.fr&quot;,&quot;category&quot;:&quot;mon compte&quot;,&quot;from&quot;:&quot;article footer&quot;,&quot;name&quot;:&quot;Mon actu&quot;,&quot;type&quot;:&quot;cta&quot;}}\" target=\"_blank\">Mon Actu<\/a>.<\/p>\n<p>                    <script async src=\"\/\/www.tiktok.com\/embed.js\"><\/script><\/p>\n","protected":false},"excerpt":{"rendered":"Par R\u00e9daction Normandie Publi\u00e9 le 8 nov. 2025 \u00e0 17h34 La Semaine Bleue a propos\u00e9 aux retrait\u00e9s de&hellip;\n","protected":false},"author":2,"featured_media":520921,"comment_status":"","ping_status":"","sticky":false,"template":"","format":"standard","meta":{"footnotes":""},"categories":[9587],"tags":[1111,11,1777,674,1011,27,1757,12,5161,25,137,9590],"class_list":{"0":"post-520920","1":"post","2":"type-post","3":"status-publish","4":"format-standard","5":"has-post-thumbnail","7":"category-rouen","8":"tag-actu","9":"tag-actualites","10":"tag-eu","11":"tag-europe","12":"tag-fr","13":"tag-france","14":"tag-insolite","15":"tag-news","16":"tag-normandie","17":"tag-republique-francaise","18":"tag-retraite","19":"tag-rouen"},"share_on_mastodon":{"url":"https:\/\/pubeurope.com\/@fr\/115515080946639600","error":""},"_links":{"self":[{"href":"https:\/\/www.europesays.com\/fr\/wp-json\/wp\/v2\/posts\/520920","targetHints":{"allow":["GET"]}}],"collection":[{"href":"https:\/\/www.europesays.com\/fr\/wp-json\/wp\/v2\/posts"}],"about":[{"href":"https:\/\/www.europesays.com\/fr\/wp-json\/wp\/v2\/types\/post"}],"author":[{"embeddable":true,"href":"https:\/\/www.europesays.com\/fr\/wp-json\/wp\/v2\/users\/2"}],"replies":[{"embeddable":true,"href":"https:\/\/www.europesays.com\/fr\/wp-json\/wp\/v2\/comments?post=520920"}],"version-history":[{"count":0,"href":"https:\/\/www.europesays.com\/fr\/wp-json\/wp\/v2\/posts\/520920\/revisions"}],"wp:featuredmedia":[{"embeddable":true,"href":"https:\/\/www.europesays.com\/fr\/wp-json\/wp\/v2\/media\/520921"}],"wp:attachment":[{"href":"https:\/\/www.europesays.com\/fr\/wp-json\/wp\/v2\/media?parent=520920"}],"wp:term":[{"taxonomy":"category","embeddable":true,"href":"https:\/\/www.europesays.com\/fr\/wp-json\/wp\/v2\/categories?post=520920"},{"taxonomy":"post_tag","embeddable":true,"href":"https:\/\/www.europesays.com\/fr\/wp-json\/wp\/v2\/tags?post=520920"}],"curies":[{"name":"wp","href":"https:\/\/api.w.org\/{rel}","templated":true}]}}