{"id":520922,"date":"2025-11-08T16:43:10","date_gmt":"2025-11-08T16:43:10","guid":{"rendered":"https:\/\/www.europesays.com\/fr\/520922\/"},"modified":"2025-11-08T16:43:10","modified_gmt":"2025-11-08T16:43:10","slug":"du-fc-rouen-a-oran-le-parcours-cabosse-du-gardien-leonard-aggoune","status":"publish","type":"post","link":"https:\/\/www.europesays.com\/fr\/520922\/","title":{"rendered":"Du FC Rouen \u00e0 Oran, le parcours caboss\u00e9 du gardien L\u00e9onard Aggoune"},"content":{"rendered":"<p>            Par<br \/>\n        <strong><br \/>\n            <a href=\"https:\/\/actu.fr\/auteur\/laredaction\" title=\"Consulter tous les articles de R\u00e9daction Normandie\" target=\"_blank\" rel=\"noopener\">R\u00e9daction Normandie<\/a><br \/>\n        <\/strong><\/p>\n<p>        Publi\u00e9 le<\/p>\n<p>            8 nov. 2025 \u00e0 16h46        <\/p>\n<p>Pass\u00e9 par le PSG, Cr\u00e9teil, Moulins-Yzeure et le <a href=\"https:\/\/actu.fr\/tag\/fc-rouen\" target=\"_blank\" rel=\"noopener\">FC Rouen<\/a>, <strong>le gardien franco-alg\u00e9rien L\u00e9onard Aggoune<\/strong> vit aujourd\u2019hui une nouvelle aventure <strong>au MC Oran<\/strong>. \u00c0 27 ans, l\u2019ancien portier du FCR, au parcours caboss\u00e9 mais inspirant, prouve qu\u2019avec de la foi et du caract\u00e8re, rien n\u2019est jamais fini.<\/p>\n<p>Les d\u00e9buts \u00e0 Versailles<\/p>\n<p class=\" wall-content\">Quand on \u00e9voque L\u00e9onard Aggoune, beaucoup se souviennent d\u2019un gardien \u00e0 la voix pos\u00e9e, au regard lucide et au mental d\u2019acier. Pourtant, derri\u00e8re ce calme apparent, se cache un parcours plein de rebondissements.<\/p>\n<p class=\" wall-content\">Avant les projecteurs, il y a eu la volont\u00e9. Celle d\u2019un gamin obstin\u00e9, n\u00e9 \u00e0 Versailles, qui voulait \u00e0 tout prix jouer au foot. <strong>\u00ab Au d\u00e9but, mon p\u00e8re ne voulait pas m\u2019inscrire \u00bb<\/strong>, relate-t-il \u00e0\u00a076actu.<\/p>\n<p class=\" wall-content\">Mais L\u00e9onard insiste, supplie, argumente. Finalement, son p\u00e8re c\u00e8de <strong>et l\u2019inscrit au FC Versailles<\/strong>, o\u00f9 il fait ses premiers arr\u00eats.<\/p>\n<p>Des entra\u00eenements avec Zlatan au ch\u00f4mage<\/p>\n<p class=\" wall-content\">Deux ans plus tard, il participe aux stages PSG Academy. Le talent saute aux yeux des recruteurs : le jeune gardien est rep\u00e9r\u00e9 <strong>et signe au Paris Saint-Germain en U13.<\/strong><br \/>S\u2019ensuivent deux ann\u00e9es de pr\u00e9formation (U14-U15), puis trois ans de centre de formation, avant de passer deux saisons comme stagiaire pro aux c\u00f4t\u00e9s des grands.<\/p>\n<p class=\" wall-content\">Huit ann\u00e9es au total dans<strong> l\u2019un des plus prestigieux clubs d\u2019Europe<\/strong>, o\u00f9 il c\u00f4toie Christopher Nkunku, Odsonne \u00c9douard ou encore Mike Maignan, la belle g\u00e9n\u00e9ration 1997 du club parisien, L\u00e9onard semblait promis \u00e0 un bel avenir. Mais \u00e0 la fin de son contrat stagiaire pro, rien ne se passe comme pr\u00e9vu : pas de prolongation, pas de club, pas de plan B.<\/p>\n<p>Votre r\u00e9gion, votre actu !<\/p>\n<p>Recevez chaque jour les infos qui comptent pour vous.<\/p>\n<p>\t<a href=\"https:\/\/actu.fr\/newsletter\" class=\"ac-btn ac-btn--corner ac-btn--medium ac-btn--blue800\" target=\"_blank\" rel=\"noopener\">S&rsquo;incrire<\/a><\/p>\n<p class=\" wall-content\">Brutalement, tout s\u2019arr\u00eate. \u00ab Je suis pass\u00e9 d\u2019un quotidien o\u00f9 tout le monde est aux petits soins pour toi, <strong>o\u00f9 je m\u2019entra\u00eenais parfois avec Zlatan<\/strong> (Ibrahimovi\u0107), au ch\u00f4mage. Quand tu as 20 ans, tu prends \u00e7a en pleine t\u00eate. Mentalement, c\u2019est dur. \u00bb<\/p>\n<p>La remise en question<\/p>\n<p class=\" wall-content\">Sans contrat, sans club, il doute. Longtemps. Tr\u00e8s longtemps. Il envisage m\u00eame de tout arr\u00eater, passe une licence pour devenir chauffeur VTC, pr\u00eat \u00e0 tourner la page. Mais le foot \u00e9tait plus fort que lui. \u00ab <strong>Je ne pouvais pas m\u2019en passer.<\/strong> J\u2019avais besoin du terrain, de la comp\u00e9tition, de cette adr\u00e9naline. \u00bb<\/p>\n<p class=\" wall-content\">Sans rep\u00e8re, il encha\u00eene les essais, dort parfois mal, doute souvent. C\u2019est un appel des Ulis (National 3, cinqui\u00e8me division fran\u00e7aise) qui lui redonne un souffle : \u00ab Ils avaient besoin d\u2019un gardien, je n\u2019ai pas r\u00e9fl\u00e9chi. J\u2019\u00e9tais juste heureux de rejouer au foot \u00bb.<\/p>\n<p class=\" wall-content\">De Cr\u00e9teil \u00e0 Chypre, o\u00f9 il joue sous les ordres de <a href=\"https:\/\/actu.fr\/normandie\/le-havre_76351\/ligue-1-luka-elsner-quitte-le-hac-et-devient-le-nouvel-entraineur-du-stade-de-reims_61253047.html\" target=\"_blank\" rel=\"noopener\">Luka Elsner<\/a>, puis retour en France, L\u00e9onard d\u00e9couvre la dure r\u00e9alit\u00e9 d\u2019un foot sans paillettes. \u00c0 chaque \u00e9tape, il apprend, encaisse et se reconstruit. \u00ab Je me suis demand\u00e9 plusieurs fois si le foot n\u2019\u00e9tait pas fini pour moi. Mais je ne pouvais pas abandonner. \u00bb<\/p>\n<p>La r\u00e9v\u00e9lation au FCR<\/p>\n<p class=\" wall-content\">C\u2019est \u00e0 Moulins-Yzeure qu\u2019il retrouve du temps de jeu et la confiance. Ses prestations solides attirent l\u2019\u0153il du FC Rouen, o\u00f9 il signe en 2022. L\u00e0-bas, <strong>il retrouve une ville passionn\u00e9e<\/strong>, un club historique et surtout\u2026 la lumi\u00e8re.<\/p>\n<p class=\" wall-content\">La saison 2023\u20132024 reste celle de la r\u00e9v\u00e9lation. En Coupe de France, Aggoune devient le h\u00e9ros silencieux du FCR. Face \u00e0 Toulouse, puis contre Monaco, <strong>il encha\u00eene les parades et d\u00e9gage une autorit\u00e9 rare.<\/strong><\/p>\n<p class=\" wall-content\">Sur les s\u00e9ances de tirs au but, il bluffe les tireurs, provoque, parle, d\u00e9concentre.<\/p>\n<blockquote class=\"ac-article-quote wall-content\">\n<p>Sur un terrain, je ne suis gentil avec personne. En dehors, je suis tranquille. Mais sur le terrain, je deviens un chien.<\/p>\n<p>    <strong>L\u00e9onard Aggoune<\/strong>\n            <\/p><\/blockquote>\n<p class=\" wall-content\">Sa prestation contre Monaco, o\u00f9 il stoppe le penalty de Balogun, <strong>marque les esprits<\/strong>. Les cam\u00e9ras se tournent vers lui, les m\u00e9dias s\u2019y int\u00e9ressent, et le public d\u00e9couvre enfin ce gardien atypique, \u00e0 la fois joueur et guerrier.<\/p>\n<p>Direction l\u2019Alg\u00e9rie<\/p>\n<p class=\" wall-content\">Apr\u00e8s cette saison pleine d\u2019\u00e9motions, L\u00e9onard prend un tournant majeur :<strong> direction le Mouloudia Club d\u2019Oran (MCO)<\/strong>, l\u2019un des clubs mythiques du championnat alg\u00e9rien. Il signe pour deux saisons, d\u2019abord comme doublure de Shamseddine Rahmani, v\u00e9ritable l\u00e9gende locale surnomm\u00e9e le Mandanda alg\u00e9rien.<\/p>\n<p class=\" wall-content\">\u00ab C\u2019est mon agent qui s\u2019est charg\u00e9 de mon transfert. Les n\u00e9gociations ont vite abouti. Le MCO est un grand club, Oran une tr\u00e8s belle ville. Mon objectif, c\u2019est de r\u00e9aliser une grande saison et de me rapprocher de la s\u00e9lection alg\u00e9rienne. Porter les couleurs de l\u2019Alg\u00e9rie, c\u2019est un r\u00eave d\u2019enfant \u00bb, confiait-il \u00e0 son arriv\u00e9e.<\/p>\n<p class=\" wall-content\">La saison pass\u00e9e, <strong>il dispute neuf matchs<\/strong>, le temps de s\u2019adapter \u00e0 un nouvel environnement, un nouveau championnat et une pression populaire unique. Une ann\u00e9e de transition assum\u00e9e, avant la confirmation. \u00ab J\u2019ai des origines alg\u00e9riennes, et venir ici, c\u2019est une mani\u00e8re de me rapprocher de mes racines. \u00bb<\/p>\n<p class=\" wall-content\">Et cette saison, tout change : le coach lui accorde enfin sa confiance. Aggoune encha\u00eene les rencontres, les arr\u00eats d\u00e9cisifs et les \u00e9loges.<\/p>\n<p class=\" wall-content\">Solide sur sa ligne, propre au pied, charismatique le Franco-Alg\u00e9rien s\u2019impose peu \u00e0 peu comme l\u2019un des hommes forts du MCO.<\/p>\n<p>Le r\u00eave d\u2019une s\u00e9lection en \u00e9quipe nationale<\/p>\n<p class=\" wall-content\">\u00c0 Oran, l\u2019ambiance est bouillante, les stades vibrent \u00e0 chaque ballon touch\u00e9, et la pression est quotidienne. Mais Aggoune ne fuit pas le d\u00e9fi : \u00ab C\u2019est ce que je cherchais. <strong>Le foot alg\u00e9rien, c\u2019est la passion \u00e0 l\u2019\u00e9tat pur<\/strong>. Je veux m\u2019y imposer, progresser, et pourquoi pas r\u00eaver d\u2019une convocation avec l\u2019\u00e9quipe nationale \u00bb.<\/p>\n<p class=\" wall-content\">D\u00e9sormais bien install\u00e9 \u00e0 Oran, L\u00e9onard Aggoune ne se cache plus. Il veut continuer \u00e0 progresser en Ligue 1 alg\u00e9rienne et taper dans l\u2019\u0153il du s\u00e9lectionneur des Fennecs.<br \/>\u00ab Je sais que ce sera long, la concurrence est rude, <strong>mais je travaille pour \u00e7a.<\/strong> Doucement, mais s\u00fbrement. \u00bb<\/p>\n<p class=\" wall-content\">Apr\u00e8s les nuits de doute, les gal\u00e8res de N3 et les faux d\u00e9parts, le gardien au mental d\u2019acier savoure enfin son retour dans la lumi\u00e8re.<\/p>\n<p class=\" wall-content\">De Paris \u00e0 Rouen, de la N3 \u00e0 la D1 alg\u00e9rienne, L\u00e9onard Aggoune a travers\u00e9 les temp\u00eates sans jamais c\u00e9der. L\u00e0 o\u00f9 beaucoup auraient renonc\u00e9, lui a persist\u00e9. \u00ab Je ne suis pas revanchard, mais je n\u2019oublie pas ceux qui ont dout\u00e9. \u00bb<\/p>\n<p class=\" wall-content\">Aujourd\u2019hui, \u00e0 27 ans, il s\u2019affirme <strong>comme un symbole de pers\u00e9v\u00e9rance<\/strong> : celui d\u2019un jeune homme qui a su transformer les \u00e9checs en moteur et les coups durs en le\u00e7ons. Et chaque fois qu\u2019il entre sur un terrain, il repense \u00e0 ce gamin de Versailles qui, un jour, a mis les gants par hasard.<\/p>\n<blockquote class=\"ac-article-quote wall-content\">\n<p>J\u2019ai toujours cru en moi. Ce n\u2019\u00e9tait pas de l\u2019orgueil, juste de la foi. Aujourd\u2019hui, je vis mon r\u00eave, \u00e0 ma mani\u00e8re.<\/p>\n<p>    <strong>L\u00e9onard Aggoune<\/strong>\n            <\/p><\/blockquote>\n<p class=\" wall-content\">De Robert-Diochon au stade Ahmed-Zabana, L\u00e9onard Aggoune poursuit son histoire, faite de travail, de patience et de passion. Le genre de destin qu\u2019on n\u2019\u00e9crit pas \u00e0 la lumi\u00e8re, mais dans les vestiaires, \u00e0 force de pers\u00e9v\u00e9rance.<\/p>\n<p class=\" wall-content\"><strong>Yanis Hamadache<\/strong><\/p>\n<p class=\" wall-content\">Personnalisez votre actualit\u00e9 en ajoutant vos villes et m\u00e9dias en favori avec <a href=\"https:\/\/moncompte.actu.fr\" title=\"D\u00e9couvez Mon Actu\" rel=\"nofollow noopener\" data-trk=\"{&quot;cta&quot;:{&quot;action&quot;:&quot;https:\\\/\\\/moncompte.actu.fr&quot;,&quot;category&quot;:&quot;mon compte&quot;,&quot;from&quot;:&quot;article footer&quot;,&quot;name&quot;:&quot;Mon actu&quot;,&quot;type&quot;:&quot;cta&quot;}}\" target=\"_blank\">Mon Actu<\/a>.<\/p>\n","protected":false},"excerpt":{"rendered":"Par R\u00e9daction Normandie Publi\u00e9 le 8 nov. 2025 \u00e0 16h46 Pass\u00e9 par le PSG, Cr\u00e9teil, Moulins-Yzeure et le&hellip;\n","protected":false},"author":2,"featured_media":520923,"comment_status":"","ping_status":"","sticky":false,"template":"","format":"standard","meta":{"footnotes":""},"categories":[9587],"tags":[1111,11,15,1777,674,12003,63,1011,27,12,5161,9026,25,9590,60],"class_list":{"0":"post-520922","1":"post","2":"type-post","3":"status-publish","4":"format-standard","5":"has-post-thumbnail","7":"category-rouen","8":"tag-actu","9":"tag-actualites","10":"tag-algerie","11":"tag-eu","12":"tag-europe","13":"tag-fc-rouen","14":"tag-football","15":"tag-fr","16":"tag-france","17":"tag-news","18":"tag-normandie","19":"tag-portrait","20":"tag-republique-francaise","21":"tag-rouen","22":"tag-sports"},"share_on_mastodon":{"url":"https:\/\/pubeurope.com\/@fr\/115515084185204543","error":""},"_links":{"self":[{"href":"https:\/\/www.europesays.com\/fr\/wp-json\/wp\/v2\/posts\/520922","targetHints":{"allow":["GET"]}}],"collection":[{"href":"https:\/\/www.europesays.com\/fr\/wp-json\/wp\/v2\/posts"}],"about":[{"href":"https:\/\/www.europesays.com\/fr\/wp-json\/wp\/v2\/types\/post"}],"author":[{"embeddable":true,"href":"https:\/\/www.europesays.com\/fr\/wp-json\/wp\/v2\/users\/2"}],"replies":[{"embeddable":true,"href":"https:\/\/www.europesays.com\/fr\/wp-json\/wp\/v2\/comments?post=520922"}],"version-history":[{"count":0,"href":"https:\/\/www.europesays.com\/fr\/wp-json\/wp\/v2\/posts\/520922\/revisions"}],"wp:featuredmedia":[{"embeddable":true,"href":"https:\/\/www.europesays.com\/fr\/wp-json\/wp\/v2\/media\/520923"}],"wp:attachment":[{"href":"https:\/\/www.europesays.com\/fr\/wp-json\/wp\/v2\/media?parent=520922"}],"wp:term":[{"taxonomy":"category","embeddable":true,"href":"https:\/\/www.europesays.com\/fr\/wp-json\/wp\/v2\/categories?post=520922"},{"taxonomy":"post_tag","embeddable":true,"href":"https:\/\/www.europesays.com\/fr\/wp-json\/wp\/v2\/tags?post=520922"}],"curies":[{"name":"wp","href":"https:\/\/api.w.org\/{rel}","templated":true}]}}