{"id":520938,"date":"2025-11-08T16:54:18","date_gmt":"2025-11-08T16:54:18","guid":{"rendered":"https:\/\/www.europesays.com\/fr\/520938\/"},"modified":"2025-11-08T16:54:18","modified_gmt":"2025-11-08T16:54:18","slug":"ils-sensibilisent-au-depistage-des-cancers-masculins","status":"publish","type":"post","link":"https:\/\/www.europesays.com\/fr\/520938\/","title":{"rendered":"ils sensibilisent au d\u00e9pistage des cancers masculins"},"content":{"rendered":"<p>            Par<br \/>\n        <strong><br \/>\n            <a href=\"https:\/\/actu.fr\/auteur\/thomas-bernard\" title=\"Consulter tous les articles de Thomas Bernard\" rel=\"nofollow noopener\" target=\"_blank\">Thomas Bernard<\/a><br \/>\n        <\/strong><\/p>\n<p>        Publi\u00e9 le<\/p>\n<p>            8 nov. 2025 \u00e0 17h32        <\/p>\n<p>Au mois de novembre, des hommes taillent leur plus belle moustache \u00e0 l\u2019occasion de l\u2019op\u00e9ration Novembre bleu (Movember), <b>d\u00e9di\u00e9e \u00e0 la sensibilisation et de la lutte contre les pathologies masculines<\/b>.<\/p>\n<p class=\" wall-content\">Des op\u00e9rations d\u2019information concernant les cancers masculins (testicule, prostate et p\u00e9nis) sont organis\u00e9es partout en France. R\u00e9cemment ouvert, <a href=\"https:\/\/actu.fr\/pays-de-la-loire\/nantes_44109\/au-sud-de-nantes-cette-clinique-annonce-la-creation-d-un-nouveau-centre-d-urologie_63378216.html\" rel=\"nofollow noopener\" target=\"_blank\">le centre d\u2019urologie de l\u2019h\u00f4pital priv\u00e9 du Confluent<\/a>, \u00e0 Nantes, propose des <a href=\"https:\/\/actu.fr\/pays-de-la-loire\/nantes_44109\/movember-au-sud-de-nantes-cette-clinique-propose-des-depistages-gratuits_63379125.html\" rel=\"nofollow noopener\" target=\"_blank\">d\u00e9pistages gratuits tout au long du mois de novembre<\/a>.<\/p>\n<p class=\" wall-content\">Ga\u00e9tan Berquet, Fr\u00e9d\u00e9ric Maillet, Brice M\u00fcller, Arthur Fosse et S\u00e9bastien Larue, sont les cinq urologues du nouveau centre m\u00e9dical dont le but est de \u00ab\u2009fluidifier le parcours de soins pour le patient mais aussi entre les professionnels de sant\u00e9\u2009\u00bb.<\/p>\n<p class=\" wall-content\">La r\u00e9daction d\u2019<a href=\"https:\/\/actu.fr\/nantes\/\" rel=\"nofollow noopener\" target=\"_blank\">actu Nantes<\/a> a rencontr\u00e9 Ga\u00e9tan Berquet, Brice M\u00fcller et Arthur Fosse pour \u00e9voquer la d\u00e9tection des cancers masculins et l\u2019enjeu du d\u00e9pistage.<\/p>\n<p>\u00ab\u2009Le cancer du testicule se soigne tr\u00e8s bien\u2009\u00bb<\/p>\n<p class=\" wall-content\">Chaque ann\u00e9e, on recense <b>2300 nouveaux cas de cancer du testicule en France<\/b>, l\u2019un des plus fr\u00e9quents chez les jeunes (18-35\u00a0ans). Selon les professionnels de sant\u00e9, le cancer du testicule \u00ab\u2009se soigne tr\u00e8s bien\u2009\u00bb. L\u2019autopalpation est primordiale pour la d\u00e9tection du cancer.<\/p>\n<blockquote class=\"ac-article-quote wall-content\">\n<p>\u00ab\u2009C\u2019est palper une boule dure sur son testicule, tout simplement. \u00c0 partir du moment o\u00f9 on palpe quelque chose de diff\u00e9rent sur son testicule, il faut en parler \u00e0 son m\u00e9decin traitant en premier lieu et qui orientera en fonction vers l\u2019urologue puis vers les examens.\u2009\u00bb<\/p>\n<p>Docteur Ga\u00e9tan Berquet, urologue \u00e0 l\u2019h\u00f4pital du Confluent \u00e0 Nantes.<\/p><\/blockquote>\n<p class=\" wall-content\">Suite \u00e0 un diagnostic de cancer du testicule, le traitement est mis en place rapidement. G\u00e9n\u00e9ralement,<b> l\u2019ablation du testicule est r\u00e9alis\u00e9e dans les 15\u00a0jours suivant la consultation<\/b>.<\/p>\n<p>Votre r\u00e9gion, votre actu !<\/p>\n<p>Recevez chaque jour les infos qui comptent pour vous.<\/p>\n<p>\t<a href=\"https:\/\/actu.fr\/newsletter\" class=\"ac-btn ac-btn--corner ac-btn--medium ac-btn--blue800\" rel=\"nofollow noopener\" target=\"_blank\">S&rsquo;incrire<\/a><\/p>\n<p class=\" wall-content\">\u00ab\u2009Il y a une attention particuli\u00e8re port\u00e9e \u00e0 la pr\u00e9servation de la fertilit\u00e9. Un, parce que c\u2019est important. Deux aussi, parce que maintenant, c\u2019est l\u00e9gal. <b>Ils ont tous la proposition de congeler du sperme avant toute prise en charge\u2009\u00bb<\/b>, compl\u00e8te le docteur Berquet.<\/p>\n<p class=\" wall-content\">Au quotidien, les urologues constatent une diff\u00e9rence de sensibilisation chez les jeunes entre<b> cancer du testicule et torsion testiculaire<\/b>.\u00a0Les jeunes patients sont davantage enclins \u00e0 venir consulter pour une suspicion de torsion testiculaire.<\/p>\n<p class=\" wall-content\">\u00ab\u2009Les jeunes connaissent la torsion du testicule. On a pas mal de jeunes qui viennent parce qu\u2019ils ont des douleurs et qui se posent la question. Alors que quand on voit arriver des jeunes avec un cancer du testicule<b> ils nous avouent que \u00e7a fait plusieurs mois qu\u2019ils voient que \u00e7a grossit<\/b>. Donc il y a effectivement beaucoup de progr\u00e8s \u00e0 faire\u2009\u00bb, reconna\u00eet Brice M\u00fcller.<\/p>\n<p>Le cancer de la prostate\u2009: \u00ab\u2009un cancer lent\u2009\u00bb<\/p>\n<p class=\" wall-content\">Autre cancer fr\u00e9quent chez les hommes\u2009: le cancer de la prostate. Chaque ann\u00e9e, on constate l\u2019apparition de <b>60\u2009000 nouveaux cas en France<\/b>. Le cancer de la prostate est la premi\u00e8re incidence de cancer en France (60 cas pour 100) mais <b>troisi\u00e8me cancer en termes de mortalit\u00e9<\/b>.<\/p>\n<p class=\" wall-content\">\u00ab\u2009C\u2019est un cancer qui \u00e9volue lentement, ce qui signifie qu\u2019on ne d\u00e9piste que les patients de 50 \u00e0 75\u00a0ans\u2009\u00bb, note le docteur Berquet. Il existe deux examens pour d\u00e9tecter un possible cancer de la prostate\u2009:<b> le toucher rectal et le dosage du PSA<\/b> (antig\u00e8ne prostatique sp\u00e9cifique).<\/p>\n<p class=\" wall-content\">Le dosage du PSA, r\u00e9alis\u00e9 par prise de sang, permet de d\u00e9pister l\u2019antig\u00e8ne qu\u2019on retrouve sur la prostate. Comme le rappellent les sp\u00e9cialistes, le PSA n\u2019est pas un test parfait mais il permet de \u00ab\u2009donner une indication\u2009\u00bb.<\/p>\n<blockquote class=\"ac-article-quote wall-content\">\n<p>\u00ab\u2009Tous les m\u00e9decins traitants ne sont pas forc\u00e9ment tr\u00e8s favorables \u00e0 ce d\u00e9pistage (PSA, NDLR) qui a \u00e9t\u00e9 vachement d\u00e9cri\u00e9. Il a \u00e9t\u00e9 d\u00e9cri\u00e9 parce que nos a\u00een\u00e9s ont op\u00e9r\u00e9 beaucoup, beaucoup plus de patients que nous en termes de fr\u00e9quences op\u00e9ratoires par rapport au nombre de cancers diagnostiqu\u00e9s.\u2009\u00bb<\/p>\n<p>Docteur Arthur Fosse, urologue \u00e0 l\u2019h\u00f4pital du Confluent \u00e0 Nantes.<\/p><\/blockquote>\n<p class=\" wall-content\">G\u00e9n\u00e9ralement, les urologues prennent en charge les patients suite \u00e0 la r\u00e9alisation du PSA. Pour la prostate il y a deux pathologies\u2009: l\u2019ad\u00e9nome et le cancer de la prostate. L\u2019ad\u00e9nome c\u2019est l\u2019augmentation du volume de la glande de la prostate, mais non canc\u00e9reuse. Cela repr\u00e9sente <b>60\u2009% des hommes de plus de 60\u00a0ans<\/b>. L\u2019ad\u00e9nome peut entra\u00eener des troubles urinaires.<\/p>\n<p class=\" wall-content\">Quant au cancer de la prostate, au stade de maladie localis\u00e9e, il n\u2019y a pas de sympt\u00f4mes. Le d\u00e9pistage individualis\u00e9, r\u00e9alis\u00e9 <b>\u00e0 partir de 50\u00a0ans<\/b> (45\u00a0ans si ant\u00e9c\u00e9dents familiaux) est n\u00e9cessaire.<\/p>\n<p>L\u2019importance du \u00ab\u2009diagnostic pr\u00e9coce\u2009\u00bb<\/p>\n<p class=\" wall-content\">Aujourd\u2019hui, l\u2019association fran\u00e7aise d\u2019urologie <b>n\u2019utilise plus le terme d\u00e9pistage, mais \u00ab\u2009diagnostic pr\u00e9coce\u2009\u00bb<\/b>. \u00ab\u2009Quand on dit diagnostic d\u00e9pistage individualis\u00e9, les gens retiennent d\u00e9pistage et pensent d\u00e9pistage de masse. D\u00e8s lors, il y a plein de patients qui nous disent que la S\u00e9cu (sic) n\u2019a pas envoy\u00e9 de papier pour le d\u00e9pistage. On leur explique que c\u2019est normal\u2009\u00bb, ajoute le docteur M\u00fcller.<\/p>\n<p class=\" wall-content\">En France, seuls <b>deux d\u00e9pistages de masse<\/b> contre le cancer sont organis\u00e9s\u2009: le colorectal et celui du sein. Pour le cancer de la prostate, l\u2019association fran\u00e7aise d\u2019urologie pr\u00e9conise le diagnostic individualis\u00e9 caract\u00e9ris\u00e9 par des facteurs de risque, des ant\u00e9c\u00e9dents familiaux et des autres probl\u00e8mes de sant\u00e9.<\/p>\n<p class=\" wall-content\">Une position s\u2019appuyant sur une \u00e9tude am\u00e9ricaine et europ\u00e9enne r\u00e9alis\u00e9e en 2012 dont le but \u00e9tait d\u2019\u00e9valuer l\u2019int\u00e9r\u00eat d\u2019un d\u00e9pistage de masse pour le cancer de la prostate.<\/p>\n<blockquote class=\"ac-article-quote wall-content\">\n<p>\u00ab\u2009Ces \u00e9tudes ont montr\u00e9 qu\u2019il n\u2019y a pas d\u2019int\u00e9r\u00eat \u00e0 un d\u00e9pistage de masse, mais il y a un int\u00e9r\u00eat \u00e0 titre individuel. Un homme de 50\u00a0ans en bonne sant\u00e9 a tout int\u00e9r\u00eat \u00e0 se faire d\u00e9pister. Par contre, un homme de 50\u00a0ans qui a une cirrhose avanc\u00e9e, qui a des comorbidit\u00e9s cardiovasculaires, etc., lui, il va probablement mourir d\u2019autre chose. En fait, \u00e7a ne sert \u00e0 rien de l\u2019emb\u00eater.\u2009\u00bb<\/p>\n<p>Docteur Brice M\u00fcller, urologue \u00e0 l\u2019h\u00f4pital du Confluent \u00e0 Nantes<\/p><\/blockquote>\n<p class=\" wall-content\">Pour faire correctement pratiquer le diagnostic pr\u00e9coce, Arthur Fosse veut mettre l\u2019accent<b> sur les ant\u00e9c\u00e9dents familiaux<\/b>. \u00ab\u2009Il faut qu\u2019au moins que le m\u00e9decin traitant ait un r\u00f4le d\u2019aiguillage qui soit un peu plus clair, notamment sur l\u2019histoire familiale du patient et ses facteurs de risque. <b>Pour \u00e9viter de passer \u00e0 c\u00f4t\u00e9 des gens qui sont \u00e0 risque<\/b> et dont ceux-l\u00e0 peuvent avoir une \u00e9volution assez p\u00e9jorative parce que souvent, ils ont des formes plus agressives et plus pr\u00e9coces.\u2009\u00bb<\/p>\n<p>Une journ\u00e9e d\u2019action au Confluent<\/p>\n<p class=\" wall-content\">Pour pousser au d\u00e9pistage des pathologies masculines et \u00e0 \u00ab\u2009l\u2019adh\u00e9sion des programmes pour la sant\u00e9 masculine\u2009\u00bb, le centre d\u2019urologie du Confluent organise <a href=\"https:\/\/actu.fr\/pays-de-la-loire\/nantes_44109\/movember-au-sud-de-nantes-cette-clinique-propose-des-depistages-gratuits_63379125.html\" rel=\"nofollow noopener\" target=\"_blank\">une journ\u00e9e de sensibilisation le lundi 24\u00a0novembre<\/a>. <b>Un salon de barbier \u00e9ph\u00e9m\u00e8re<\/b> sera install\u00e9 dans la clinique, de 10h \u00e0 15h. Une premi\u00e8re op\u00e9ration du genre au sein de la clinique nantaise.<\/p>\n<p class=\" wall-content\">\u00ab\u2009On veut attirer l\u2019attention et parler du d\u00e9pistage lors de cette journ\u00e9e\u2009\u00bb, partage le docteur Fosse.<\/p>\n<p class=\" wall-content\">\u00ab\u2009Le mouvement Movember commence \u00e0 prendre de l\u2019ampleur et \u00e0 \u00eatre bien connu en France. C\u2019est quelque chose qui est tr\u00e8s favorable pour justement sensibiliser les hommes\u2009\u00bb, conclut Brice M\u00fcller.<\/p>\n<p class=\" wall-content\">Personnalisez votre actualit\u00e9 en ajoutant vos villes et m\u00e9dias en favori avec <a href=\"https:\/\/moncompte.actu.fr\" title=\"D\u00e9couvez Mon Actu\" rel=\"nofollow noopener\" data-trk=\"{&quot;cta&quot;:{&quot;action&quot;:&quot;https:\\\/\\\/moncompte.actu.fr&quot;,&quot;category&quot;:&quot;mon compte&quot;,&quot;from&quot;:&quot;article footer&quot;,&quot;name&quot;:&quot;Mon actu&quot;,&quot;type&quot;:&quot;cta&quot;}}\" target=\"_blank\">Mon Actu<\/a>.<\/p>\n","protected":false},"excerpt":{"rendered":"Par Thomas Bernard Publi\u00e9 le 8 nov. 2025 \u00e0 17h32 Au mois de novembre, des hommes taillent leur&hellip;\n","protected":false},"author":2,"featured_media":520939,"comment_status":"","ping_status":"","sticky":false,"template":"","format":"standard","meta":{"footnotes":""},"categories":[2818],"tags":[1111,11,101,1777,674,1011,27,766,12,2636,25,71,104],"class_list":{"0":"post-520938","1":"post","2":"type-post","3":"status-publish","4":"format-standard","5":"has-post-thumbnail","7":"category-nantes","8":"tag-actu","9":"tag-actualites","10":"tag-cancer","11":"tag-eu","12":"tag-europe","13":"tag-fr","14":"tag-france","15":"tag-nantes","16":"tag-news","17":"tag-pays-de-la-loire","18":"tag-republique-francaise","19":"tag-sante","20":"tag-societe"},"share_on_mastodon":{"url":"https:\/\/pubeurope.com\/@fr\/115515127541551608","error":""},"_links":{"self":[{"href":"https:\/\/www.europesays.com\/fr\/wp-json\/wp\/v2\/posts\/520938","targetHints":{"allow":["GET"]}}],"collection":[{"href":"https:\/\/www.europesays.com\/fr\/wp-json\/wp\/v2\/posts"}],"about":[{"href":"https:\/\/www.europesays.com\/fr\/wp-json\/wp\/v2\/types\/post"}],"author":[{"embeddable":true,"href":"https:\/\/www.europesays.com\/fr\/wp-json\/wp\/v2\/users\/2"}],"replies":[{"embeddable":true,"href":"https:\/\/www.europesays.com\/fr\/wp-json\/wp\/v2\/comments?post=520938"}],"version-history":[{"count":0,"href":"https:\/\/www.europesays.com\/fr\/wp-json\/wp\/v2\/posts\/520938\/revisions"}],"wp:featuredmedia":[{"embeddable":true,"href":"https:\/\/www.europesays.com\/fr\/wp-json\/wp\/v2\/media\/520939"}],"wp:attachment":[{"href":"https:\/\/www.europesays.com\/fr\/wp-json\/wp\/v2\/media?parent=520938"}],"wp:term":[{"taxonomy":"category","embeddable":true,"href":"https:\/\/www.europesays.com\/fr\/wp-json\/wp\/v2\/categories?post=520938"},{"taxonomy":"post_tag","embeddable":true,"href":"https:\/\/www.europesays.com\/fr\/wp-json\/wp\/v2\/tags?post=520938"}],"curies":[{"name":"wp","href":"https:\/\/api.w.org\/{rel}","templated":true}]}}