{"id":520941,"date":"2025-11-08T16:56:14","date_gmt":"2025-11-08T16:56:14","guid":{"rendered":"https:\/\/www.europesays.com\/fr\/520941\/"},"modified":"2025-11-08T16:56:14","modified_gmt":"2025-11-08T16:56:14","slug":"bordeaux-locmine-en-direct-bord-terrain-compo-et-enjeux-pour-les-girondins-en-national-2","status":"publish","type":"post","link":"https:\/\/www.europesays.com\/fr\/520941\/","title":{"rendered":"Bordeaux-Locmin\u00e9 en direct : bord terrain, compo et enjeux pour les Girondins en National 2"},"content":{"rendered":"<p>\n    08\/11 &#8211; 17:16 | Par Nicolas Pietrelli | Il y a<br \/>\n    40 minutes\n  <\/p>\n<p><strong>Nous faisons un point complet en duplex du Stade Atlantique avant le coup d&rsquo;envoi du match entre les Girondins de Bordeaux et Saint Colomban Locmin\u00e9, 10e journ\u00e9e de National 2, poule A, avec Nicolas Pietrelli de WebGirondins, Laurent Crocis de L&rsquo;\u00c9quipe, et Fr\u00e9d\u00e9ric supporter. Compos, enjeux et contexte sont pass\u00e9s au crible pendant 30 minutes.<\/strong><\/p>\n<p><img decoding=\"async\" src=\"https:\/\/www.europesays.com\/fr\/wp-content\/uploads\/2025\/09\/671_ab41f4810c838b47f716cd74a863c53b.jpg\" alt=\"Bordeaux-Locmin\u00e9 en direct : bord terrain, compo et enjeux pour les Girondins en National 2\" class=\"img-responsive mt-3\"\/><\/p>\n<p class=\"text-center mb-3\" style=\"font-size: 14px\">\u00a9 Iconsport<\/p>\n<p>Suivrez l&rsquo;\u00e9mission sur notre site (ici), ou sur la <a href=\"https:\/\/www.youtube.com\/watch?v=dmvPJNJnSlM\" target=\"_blank\" rel=\"noopener\">cha\u00eene YouTube de WebGirondins<\/a> :<\/p>\n<p>Ce navigateur ne supporte pas les iframes<\/p>\n<p>\u00c0 lire &gt;&gt;\u00a0<strong><a href=\"https:\/\/www.webgirondins.com\/actualite-girondins-cedric-yambere-convoque-par-la-direction-des-girondins-de-bordeaux-apres-un-evenement-a-bayonne-131042\" target=\"_blank\" rel=\"noopener\">C\u00e9dric Yamber\u00e9 convoqu\u00e9 par la direction des Girondins de Bordeaux apr\u00e8s un \u00e9v\u00e8nement \u00e0 Bayonne<\/a><br \/><\/strong><\/p>\n<p style=\"text-align: justify;\">Notre podcast court sur l&rsquo;actu des Girondins :<\/p>\n<p>\u00a0<\/p>\n<p>    <a href=\"https:\/\/www.webgirondins.com\/actualites-categorie-webgirondins-tv-12\" target=\"_blank\" rel=\"noopener\">#WebGirondins TV<\/a><\/p>\n<p>  COMMENTAIRES<br \/>\n  ()<\/p>\n","protected":false},"excerpt":{"rendered":"08\/11 &#8211; 17:16 | Par Nicolas Pietrelli | Il y a 40 minutes Nous faisons un point complet&hellip;\n","protected":false},"author":2,"featured_media":422746,"comment_status":"","ping_status":"","sticky":false,"template":"","format":"standard","meta":{"footnotes":""},"categories":[2817],"tags":[1111,11,2865,3917,3396,3944,1997,63483,3949,8031,3952,814,8034,3943,2834,3953,1777,674,3947,1011,27,1987,3465,22567,955,3238,12,3946,2219,3948,4789,471,25,3213,2858,3945],"class_list":{"0":"post-520941","1":"post","2":"type-post","3":"status-publish","4":"format-standard","5":"has-post-thumbnail","7":"category-bordeaux","8":"tag-actu","9":"tag-actualites","10":"tag-atlantique","11":"tag-avant","12":"tag-avec","13":"tag-bord","14":"tag-bordeaux","15":"tag-colomban","16":"tag-complet","17":"tag-compo","18":"tag-coup","19":"tag-direct","20":"tag-duplex","21":"tag-enjeux","22":"tag-entre","23":"tag-envoi","24":"tag-eu","25":"tag-europe","26":"tag-faisons","27":"tag-fr","28":"tag-france","29":"tag-girondins","30":"tag-journee","31":"tag-locmine","32":"tag-match","33":"tag-national","34":"tag-news","35":"tag-nous","36":"tag-nouvelle-aquitaine","37":"tag-point","38":"tag-poule","39":"tag-pour","40":"tag-republique-francaise","41":"tag-saint","42":"tag-stade","43":"tag-terrain"},"share_on_mastodon":{"url":"https:\/\/pubeurope.com\/@fr\/115515136134950609","error":""},"_links":{"self":[{"href":"https:\/\/www.europesays.com\/fr\/wp-json\/wp\/v2\/posts\/520941","targetHints":{"allow":["GET"]}}],"collection":[{"href":"https:\/\/www.europesays.com\/fr\/wp-json\/wp\/v2\/posts"}],"about":[{"href":"https:\/\/www.europesays.com\/fr\/wp-json\/wp\/v2\/types\/post"}],"author":[{"embeddable":true,"href":"https:\/\/www.europesays.com\/fr\/wp-json\/wp\/v2\/users\/2"}],"replies":[{"embeddable":true,"href":"https:\/\/www.europesays.com\/fr\/wp-json\/wp\/v2\/comments?post=520941"}],"version-history":[{"count":0,"href":"https:\/\/www.europesays.com\/fr\/wp-json\/wp\/v2\/posts\/520941\/revisions"}],"wp:featuredmedia":[{"embeddable":true,"href":"https:\/\/www.europesays.com\/fr\/wp-json\/wp\/v2\/media\/422746"}],"wp:attachment":[{"href":"https:\/\/www.europesays.com\/fr\/wp-json\/wp\/v2\/media?parent=520941"}],"wp:term":[{"taxonomy":"category","embeddable":true,"href":"https:\/\/www.europesays.com\/fr\/wp-json\/wp\/v2\/categories?post=520941"},{"taxonomy":"post_tag","embeddable":true,"href":"https:\/\/www.europesays.com\/fr\/wp-json\/wp\/v2\/tags?post=520941"}],"curies":[{"name":"wp","href":"https:\/\/api.w.org\/{rel}","templated":true}]}}