{"id":520944,"date":"2025-11-08T16:58:11","date_gmt":"2025-11-08T16:58:11","guid":{"rendered":"https:\/\/www.europesays.com\/fr\/520944\/"},"modified":"2025-11-08T16:58:11","modified_gmt":"2025-11-08T16:58:11","slug":"il-y-a-bientot-70-ans-100-000-personnes-etaient-dans-les-rues-pour-les-obseques-dune-icone-de-toulouse","status":"publish","type":"post","link":"https:\/\/www.europesays.com\/fr\/520944\/","title":{"rendered":"Il y a bient\u00f4t 70 ans, 100 000 personnes \u00e9taient dans les rues pour les obs\u00e8ques d&rsquo;une ic\u00f4ne de Toulouse"},"content":{"rendered":"<p>            Par<br \/>\n        <strong><br \/>\n            <a href=\"https:\/\/actu.fr\/auteur\/lucie-2\" title=\"Consulter tous les articles de Lucie Fraisse\" target=\"_blank\" rel=\"noopener\">Lucie Fraisse<\/a><br \/>\n        <\/strong><\/p>\n<p>        Publi\u00e9 le<\/p>\n<p>            8 nov. 2025 \u00e0 17h22        <\/p>\n<p><strong>Jules Sali\u00e8ge<\/strong>, archev\u00eaque de <strong><a href=\"https:\/\/actu.fr\/toulouse\/dernieres-actus\" target=\"_blank\" rel=\"noopener\">Toulouse<\/a><\/strong>, est sans aucun doute l\u2019une des personnes qui a marqu\u00e9 <strong>l\u2019histoire de la Ville rose au XXe\u00a0si\u00e8cle<\/strong>. Un symbole dont les obs\u00e8ques, qui se sont d\u00e9roul\u00e9es il y a bient\u00f4t soixante-dix ans, ont rassembl\u00e9 pr\u00e8s de <strong>100\u2009000\u00a0personnes<\/strong> entre la basilique Saint-Sernin et la <a href=\"https:\/\/actu.fr\/tag\/cathedrale-saint-etienne\" target=\"_blank\" rel=\"noopener\"><strong>cath\u00e9drale Saint-\u00c9tienne <\/strong><\/a>o\u00f9 il repose. On vous raconte.<\/p>\n<p>\u00ab\u2009Ils font partie du genre humain\u2009\u00bb, \u00e9crivait-il<\/p>\n<p class=\" wall-content\">Monseigneur Sali\u00e8ge, c\u2019est ce religieux qui, le 23\u00a0ao\u00fbt 1942, \u00e9crivait une lettre pour <strong>protester contre le sort r\u00e9serv\u00e9 aux Juifs dans toute la France<\/strong> de l\u2019\u00e9poque.<a href=\"https:\/\/actu.fr\/occitanie\/toulouse_31555\/toulouse-il-y-a-80-ans-en-pleine-guerre-l-archeveque-saliege-condamnait-les-persecutions-antisemites_52394542.html\" target=\"_blank\" rel=\"noopener\"> Une courte missive qui fut lue dans la plupart des \u00e9glises de la Haute-Garonne<\/a>, encourageant les paroissiens \u00e0 <strong>r\u00e9sister<\/strong> aux mesures injustes de Vichy et des Nazis et \u00e0 <strong>sauver les familles juives<\/strong>. Un bref \u00e9crit qui fut retransmis par la BBC et Radio Vatican, publi\u00e9 dans la presse clandestine de l\u2019\u00e9poque, mais aussi sur le New York Times.<\/p>\n<blockquote class=\"ac-article-quote wall-content\">\n<p>Dans notre dioc\u00e8se, des sc\u00e8nes d&rsquo;\u00e9pouvante ont eu lieu dans les camps de No\u00e9 et R\u00e9c\u00e9b\u00e9dou. Les Juifs sont des hommes, les juives sont des femmes, les \u00e9trangers sont des hommes, les \u00e9trang\u00e8res sont des femmes. Tout n&rsquo;est pas permis contre eux, contre ces hommes, contre ces femmes, contre ces p\u00e8res et ces m\u00e8res de famille. Ils font partie du genre humain, ils sont nos fr\u00e8res comme tant d&rsquo;autres, un chr\u00e9tien ne peut l&rsquo;oublier.\n<\/p>\n<p>    <strong>Monseigneur Sali\u00e8ge<\/strong><br \/>\n        Extrait de la lettre \u00ab\u00a0La personne humaine\u00a0\u00bb    <\/p><\/blockquote>\n<p>Compagnon de la Lib\u00e9ration<\/p>\n<p class=\" wall-content\">Au-del\u00e0 de sa lettre, l\u2019archev\u00eaque de Toulouse a contribu\u00e9 \u00e0 <strong>prot\u00e9ger de nombreux Juifs<\/strong> en les pla\u00e7ant dans des lieux s\u00fbrs <strong>aux alentours de Toulouse<\/strong>, avec l\u2019aide de religieux et de civils. Il manque de se faire arr\u00eater <a href=\"https:\/\/actu.fr\/occitanie\/toulouse_31555\/histoire-liberation-de-toulouse-quand-la-gestapo-sevissait-au-coeur-de-la-ville-rose_35569417.html\" target=\"_blank\" rel=\"noopener\">par la Gestapo<\/a>, en juin\u00a01944. Sa paralysie du bulbe rachidien et son grand \u00e2ge lui permettent d\u2019y \u00e9chapper.<\/p>\n<p class=\" wall-content\">\u00c0 la fin de la guerre, le <strong>g\u00e9n\u00e9ral De Gaulle<\/strong> le fait <strong>compagnon de la Lib\u00e9ration<\/strong>. En septembre\u00a01944, <a href=\"https:\/\/actu.fr\/occitanie\/toulouse_31555\/50-ans-de-la-mort-de-de-gaulle-pourquoi-toulouse-etait-loin-d-etre-la-ville-preferee-du-general_37351750.html\" target=\"_blank\" rel=\"noopener\">De Gaulle se rend \u00e0 Toulouse<\/a> et dans un discours devant des milliers de Toulousains, il d\u00e9clare\u2009: \u00ab\u2009Jamais Toulouse n\u2019a cru la France perdue\u2009\u00bb. Une phrase que l\u2019on peut ais\u00e9ment relier \u00e0 la mobilisation de Sali\u00e8ge pendant la guerre. Les Toulousains ne s\u2019y trompent d\u2019ailleurs pas et l\u2019applaudissent comme un h\u00e9ros.<\/p>\n<p>\u00ab\u2009Nous venons de fermer les yeux de notre cardinal\u2009\u00bb<\/p>\n<p class=\" wall-content\">En d\u00e9cembre\u00a01945, le pape \u2014 malgr\u00e9 ses r\u00e9ticences premi\u00e8res \u2013 fait Jules Sali\u00e8ge <strong>cardinal<\/strong>, sous la pression de De Gaulle. La barrette cardinalice lui fut remise<strong> \u00e0 la cath\u00e9drale Saint-\u00c9tienne<\/strong>, \u00e0 Toulouse.<\/p>\n<p class=\" wall-content\">Le cardinal Sali\u00e8ge meurt le 5\u00a0novembre 1956. Le cardinal Garonne, archev\u00eaque de Toulouse, publie alors ces mots\u2009:<\/p>\n<blockquote class=\"ac-article-quote wall-content\">\n<p>Nous venons, ce matin du 5 novembre, de fermer les yeux de \u00ab\u00a0notre\u00a0\u00bb cardinal : d\u00e9sormais son sourire sera \u00e9teint parmi nous et le son unique de sa parole aura cess\u00e9 de retentir \u00e0 nos oreilles.<\/p>\n<p>    <strong>Cardinal Garonne<\/strong><br \/>\n        Lettre retranscrite dans La semaine catholique de Toulouse    <\/p><\/blockquote>\n<p>Votre r\u00e9gion, votre actu !<\/p>\n<p>Recevez chaque jour les infos qui comptent pour vous.<\/p>\n<p>\t<a href=\"https:\/\/actu.fr\/newsletter\" class=\"ac-btn ac-btn--corner ac-btn--medium ac-btn--blue800\" target=\"_blank\" rel=\"noopener\">S&rsquo;incrire<\/a><br \/>\n100\u2009000\u00a0personnes dans les rues pour ses obs\u00e8ques<\/p>\n<p class=\" wall-content\">\u00c0 sa mort, le bourdon <strong>de la cath\u00e9drale Saint-\u00c9tienne<\/strong> et toutes les cloches de Toulouse sonnent. \u00ab\u2009L\u2019\u00e9motion fut grande \u00e0 Toulouse, \u00e9motion qui gagna tout le dioc\u00e8se d\u00e8s que fut connu le douloureux \u00e9v\u00e9nement\u2009\u00bb, relate ainsi La semaine catholique de Toulouse.<\/p>\n<p class=\" wall-content\">Ses obs\u00e8ques sont c\u00e9l\u00e9br\u00e9es le 10\u00a0novembre 1956 et les Toulousains y assistent en nombre. Dans son livre, Deux destins toulousains\u2009: Cardinal Jules G\u00e9raud Sali\u00e8ge-Mgr Louis de Courr\u00e8ges d\u2019Ustou, Jean-Claude Meyer raconte ainsi que ce sont<strong> 100\u2009000\u00a0personnes qui ont accompagn\u00e9 le cardinal depuis la basilique Saint-Sernin jusqu\u2019\u00e0 la cath\u00e9drale Saint-\u00c9tienne<\/strong>. Parmi eux, l\u2019ancien pr\u00e9sident de la R\u00e9publique Vincent Auriol, originaire de la Haute-Garonne.<\/p>\n<p class=\" wall-content\">La semaine catholique de Toulouse du 18\u00a0novembre 1956 raconte alors\u2009: \u00ab\u2009Plusieurs heures \u00e0 l\u2019avance, la foule avait commenc\u00e9 \u00e0 se rassembler aux alentours de la basilique, <strong>et se massait tout au long des rues que devait emprunter le cort\u00e8ge<\/strong> pour se rendre \u00e0 la cath\u00e9drale Saint-\u00c9tienne\u2009: rue Saint-Bernard, boulevard de Strasbourg, place Jeanne d\u2019Arc, rue d\u2019Alsace, place Esquirol et rue de Metz\u2009\u00bb.<\/p>\n<p>M\u00e9daille des Justes<\/p>\n<p class=\" wall-content\">Le cardinal Sali\u00e8ge est inhum\u00e9 <a href=\"https:\/\/actu.fr\/occitanie\/toulouse_31555\/toulouse-la-cathedrale-saint-etienne-partiellement-fermee-pendant-deux-ans-pour-une-cure-de-jouvence_62700747.html\" target=\"_blank\" rel=\"noopener\">dans <strong>le c\u0153ur de la cath\u00e9drale<\/strong> Saint-\u00c9tienne<\/a>. Peu de temps apr\u00e8s son enterrement, le g\u00e9n\u00e9ral De Gaulle s\u2019y est rendu pour lui rendre un dernier hommage.<\/p>\n<p class=\" wall-content\">Le cardinal Sali\u00e8ge a re\u00e7u la <strong>m\u00e9daille des Justes<\/strong>, \u00e0 titre posthume, en 1969.<\/p>\n<p><strong>Infos pratiques\u2009:<\/strong><br \/>\n\u00c0 lire pour mieux conna\u00eetre l\u2019histoire de Monseigneur Sali\u00e8ge,<a href=\"https:\/\/www.leslibraires.fr\/livre\/24568608-monseigneur-saliege-celui-qui-a-dit-non-jean-francois-vivier-plein-vent\" target=\"_blank\" rel=\"noopener\"> la bande dessin\u00e9e de Vivier et Rizzato<\/a>, Monseigneur Sali\u00e8ge, celui qui a dit non, parue aux \u00e9ditions Plein vent, 15,90\u00a0euros.<\/p>\n<p class=\" wall-content\">Personnalisez votre actualit\u00e9 en ajoutant vos villes et m\u00e9dias en favori avec <a href=\"https:\/\/moncompte.actu.fr\" title=\"D\u00e9couvez Mon Actu\" rel=\"nofollow noopener\" data-trk=\"{&quot;cta&quot;:{&quot;action&quot;:&quot;https:\\\/\\\/moncompte.actu.fr&quot;,&quot;category&quot;:&quot;mon compte&quot;,&quot;from&quot;:&quot;article footer&quot;,&quot;name&quot;:&quot;Mon actu&quot;,&quot;type&quot;:&quot;cta&quot;}}\" target=\"_blank\">Mon Actu<\/a>.<\/p>\n","protected":false},"excerpt":{"rendered":"Par Lucie Fraisse Publi\u00e9 le 8 nov. 2025 \u00e0 17h22 Jules Sali\u00e8ge, archev\u00eaque de Toulouse, est sans aucun&hellip;\n","protected":false},"author":2,"featured_media":520945,"comment_status":"","ping_status":"","sticky":false,"template":"","format":"standard","meta":{"footnotes":""},"categories":[2816],"tags":[1111,11,26106,1777,674,1011,27,58904,12,2680,2551,64164,25,2312],"class_list":{"0":"post-520944","1":"post","2":"type-post","3":"status-publish","4":"format-standard","5":"has-post-thumbnail","7":"category-toulouse","8":"tag-actu","9":"tag-actualites","10":"tag-cathedrale-saint-etienne","11":"tag-eu","12":"tag-europe","13":"tag-fr","14":"tag-france","15":"tag-histoire-patrimoine","16":"tag-news","17":"tag-occitanie","18":"tag-patrimoine","19":"tag-personnages-historiques","20":"tag-republique-francaise","21":"tag-toulouse"},"share_on_mastodon":{"url":"https:\/\/pubeurope.com\/@fr\/115515143362753456","error":""},"_links":{"self":[{"href":"https:\/\/www.europesays.com\/fr\/wp-json\/wp\/v2\/posts\/520944","targetHints":{"allow":["GET"]}}],"collection":[{"href":"https:\/\/www.europesays.com\/fr\/wp-json\/wp\/v2\/posts"}],"about":[{"href":"https:\/\/www.europesays.com\/fr\/wp-json\/wp\/v2\/types\/post"}],"author":[{"embeddable":true,"href":"https:\/\/www.europesays.com\/fr\/wp-json\/wp\/v2\/users\/2"}],"replies":[{"embeddable":true,"href":"https:\/\/www.europesays.com\/fr\/wp-json\/wp\/v2\/comments?post=520944"}],"version-history":[{"count":0,"href":"https:\/\/www.europesays.com\/fr\/wp-json\/wp\/v2\/posts\/520944\/revisions"}],"wp:featuredmedia":[{"embeddable":true,"href":"https:\/\/www.europesays.com\/fr\/wp-json\/wp\/v2\/media\/520945"}],"wp:attachment":[{"href":"https:\/\/www.europesays.com\/fr\/wp-json\/wp\/v2\/media?parent=520944"}],"wp:term":[{"taxonomy":"category","embeddable":true,"href":"https:\/\/www.europesays.com\/fr\/wp-json\/wp\/v2\/categories?post=520944"},{"taxonomy":"post_tag","embeddable":true,"href":"https:\/\/www.europesays.com\/fr\/wp-json\/wp\/v2\/tags?post=520944"}],"curies":[{"name":"wp","href":"https:\/\/api.w.org\/{rel}","templated":true}]}}