{"id":520946,"date":"2025-11-08T16:59:13","date_gmt":"2025-11-08T16:59:13","guid":{"rendered":"https:\/\/www.europesays.com\/fr\/520946\/"},"modified":"2025-11-08T16:59:13","modified_gmt":"2025-11-08T16:59:13","slug":"lille-paix-dieu-ouvre-une-boutique-secrete-et-feerique-pour-noel","status":"publish","type":"post","link":"https:\/\/www.europesays.com\/fr\/520946\/","title":{"rendered":"Lille. Paix Dieu ouvre une boutique secr\u00e8te et f\u00e9erique pour No\u00ebl"},"content":{"rendered":"<p>            Par<br \/>\n        <strong><br \/>\n            <a href=\"https:\/\/actu.fr\/auteur\/hervine-mahaud\" title=\"Consulter tous les articles de Hervine Mahaud\" rel=\"nofollow noopener\" target=\"_blank\">Hervine Mahaud<\/a><br \/>\n        <\/strong><\/p>\n<p>        Publi\u00e9 le<\/p>\n<p>            8 nov. 2025 \u00e0 17h36        <\/p>\n<p>Il y aura encore des <b>cadeaux<\/b> houblonn\u00e9s sous le sapin, cette ann\u00e9e. Pour No\u00ebl, la <b>Brasserie Caulier<\/b> ouvre un <b>pop-up store Paix Dieu<\/b> au c\u0153ur du <a href=\"https:\/\/actu.fr\/lille\/\" rel=\"nofollow noopener\" target=\"_blank\">Vieux-Lille<\/a>, dans une adresse tenue secr\u00e8te jusqu\u2019au jour de l\u2019inauguration. Cette <b>boutique \u00e9ph\u00e9m\u00e8re<\/b>, qui ouvrira <b>du 14\u00a0novembre au 31\u00a0d\u00e9cembre 2025<\/b>, offrira une immersion dans l\u2019univers de la c\u00e9l\u00e8bre <a href=\"https:\/\/actu.fr\/tag\/biere\" rel=\"nofollow noopener\" target=\"_blank\">bi\u00e8re<\/a> <a href=\"https:\/\/actu.fr\/tag\/belgique\" rel=\"nofollow noopener\" target=\"_blank\">belge<\/a>.<\/p>\n<p>Une adresse tenue secr\u00e8te\u2026 pour les fans<\/p>\n<p class=\" wall-content\">Cette ann\u00e9e, Paix Dieu joue la <b>carte du myst\u00e8re<\/b>. L\u2019adresse du pop-up ne sera r\u00e9v\u00e9l\u00e9e qu\u2019aux membres de la <b>Team Bien Lun\u00e9e<\/b>, la communaut\u00e9 officielle des amateurs de la marque.<\/p>\n<p class=\" wall-content\">Les initi\u00e9s pourront ainsi <b>d\u00e9couvrir le lieu en avant-premi\u00e8re<\/b> lors du premier week-end, <a href=\"https:\/\/www.paixdieubeer.be\/la-team-bien-lunee\/\" rel=\"nofollow noopener\" target=\"_blank\">sur inscription via le site paixdieu.be<\/a>. Le grand public devra patienter quelques jours avant de conna\u00eetre l\u2019emplacement exact et de pouvoir y acc\u00e9der librement.<\/p>\n<p>Une exp\u00e9rience sensorielle et conviviale<\/p>\n<p class=\" wall-content\">Pens\u00e9 comme une vitrine vivante de la marque, le pop-up Paix Dieu promet une ambiance tamis\u00e9e et chaleureuse\u2009: <b>sapin g\u00e9ant<\/b>, <b>bougies<\/b>, <b>cuivre et bois brut<\/b>, <b>fresques noires et dor\u00e9es<\/b>\u2026 Sans oublier une <b>ambiance olfactive<\/b> aux notes r\u00e9sineuses.<\/p>\n<p class=\" wall-content\"><a href=\"https:\/\/www.instagram.com\/p\/DQHoGjZiAY6\/embed\" title=\"Ouvrir le lien sur Instagram\" rel=\"nofollow noopener\" target=\"_blank\">Visualiser le contenu sur Instagram<\/a><\/p>\n<p class=\" wall-content\">Chaque matin, le premier visiteur sera invit\u00e9 \u00e0 <b>allumer le grand sapin Paix Dieu<\/b> et repartira avec un cadeau exclusif. \u00c0 <b>17\u2009h<\/b>, un rituel collectif viendra marquer la tomb\u00e9e du jour\u2009: extinction des lumi\u00e8res, musique, allumage du sapin et d\u00e9gustation de la <b>Bon Secours de No\u00ebl<\/b>.<\/p>\n<p class=\" wall-content\">\u00c0 la caisse, chaque passage donnera droit \u00e0 un <b>ruban collector<\/b> \u2013 certains seront gagnants et permettront de repartir avec un lot myst\u00e8re.<\/p>\n<p>Bi\u00e8res rares et coffrets exclusifs<\/p>\n<p class=\" wall-content\">C\u00f4t\u00e9 d\u00e9gustation, les visiteurs retrouveront les incontournables <b>Paix Dieu Triple<\/b> et <b>Paix Dieu Nova<\/b>, mais aussi deux nouveaut\u00e9s en \u00e9dition limit\u00e9e\u2009:<\/p>\n<p>Votre r\u00e9gion, votre actu !<\/p>\n<p>Recevez chaque jour les infos qui comptent pour vous.<\/p>\n<p>\t<a href=\"https:\/\/actu.fr\/newsletter\" class=\"ac-btn ac-btn--corner ac-btn--medium ac-btn--blue800\" rel=\"nofollow noopener\" target=\"_blank\">S&rsquo;incrire<\/a><\/p>\n<ul class=\" wall-content\">\n<li><b>Paix Dieu Distilled<\/b>, une eau-de-vie de bi\u00e8re vieillie en f\u00fbt de ch\u00eane\u2009;<\/li>\n<li><b>Paix Dieu C\u00e9leste<\/b>, une bi\u00e8re titrant 12\u2009%, vieillie onze mois en barriques de cognac et de Paix Dieu Distilled, aux notes bois\u00e9es et vanill\u00e9es.<\/li>\n<\/ul>\n<p class=\" wall-content\">Ces produits seront propos\u00e9s en bouteilles ou coffrets prestige. L\u2019espace boutique regorgera aussi d\u2019<b>id\u00e9es cadeaux<\/b>\u2009: verres iconiques, textiles (chaussettes, pulls, bonnets), d\u00e9corations de No\u00ebl, <b>pi\u00e8ces et m\u00e9dailles limit\u00e9es \u00e0 250 exemplaires<\/b>, sans oublier une gamme d\u2019<b>\u00e9picerie fine<\/b> aux saveurs Paix Dieu (terrines, fromages, vinaigre\u2026).<\/p>\n<p class=\" wall-content\">Les amateurs de houblon pourront approfondir l\u2019exp\u00e9rience lors d\u2019<b>ateliers de d\u00e9gustation<\/b>, organis\u00e9s sur r\u00e9servation les vendredis, samedis et dimanches de d\u00e9cembre (entre <b>15 et 35\u00a0euros<\/b>).<\/p>\n<p>Un hiver bien charg\u00e9 pour la Brasserie Caulier<\/p>\n<p class=\" wall-content\">Ce pop-up lillois s\u2019inscrit dans une actualit\u00e9 dense pour la Brasserie Caulier. Le 5\u00a0novembre, elle a inaugur\u00e9 <b>L\u2019Atlas<\/b>, un restaurant bistronomique \u00e0 Bon-Secours, en collaboration avec le chef <b>Logan Renders<\/b> et le sommelier <b>Bastien Barbaix<\/b>. La marque poursuivra son escapade festive \u00e0 Paris avec un pop-up dans le <b>Marais<\/b> du 27\u00a0novembre au 31\u00a0d\u00e9cembre, avant de rejoindre le <b>March\u00e9 de No\u00ebl de Bruxelles <\/b>du 28\u00a0novembre au 1er\u00a0janvier.<\/p>\n<p class=\" wall-content\">Personnalisez votre actualit\u00e9 en ajoutant vos villes et m\u00e9dias en favori avec <a href=\"https:\/\/moncompte.actu.fr\" title=\"D\u00e9couvez Mon Actu\" rel=\"nofollow noopener\" data-trk=\"{&quot;cta&quot;:{&quot;action&quot;:&quot;https:\\\/\\\/moncompte.actu.fr&quot;,&quot;category&quot;:&quot;mon compte&quot;,&quot;from&quot;:&quot;article footer&quot;,&quot;name&quot;:&quot;Mon actu&quot;,&quot;type&quot;:&quot;cta&quot;}}\" target=\"_blank\">Mon Actu<\/a>.<\/p>\n<p>                    <script async src=\"\/\/www.instagram.com\/embed.js\"><\/script><\/p>\n","protected":false},"excerpt":{"rendered":"Par Hervine Mahaud Publi\u00e9 le 8 nov. 2025 \u00e0 17h36 Il y aura encore des cadeaux houblonn\u00e9s sous&hellip;\n","protected":false},"author":2,"featured_media":520947,"comment_status":"","ping_status":"","sticky":false,"template":"","format":"standard","meta":{"footnotes":""},"categories":[2815],"tags":[1111,11,828,7722,33,1777,674,1011,27,811,1307,12,3147,25],"class_list":{"0":"post-520946","1":"post","2":"type-post","3":"status-publish","4":"format-standard","5":"has-post-thumbnail","7":"category-lille","8":"tag-actu","9":"tag-actualites","10":"tag-belgique","11":"tag-biere","12":"tag-economie","13":"tag-eu","14":"tag-europe","15":"tag-fr","16":"tag-france","17":"tag-hauts-de-france","18":"tag-lille","19":"tag-news","20":"tag-nouveaux-commerces","21":"tag-republique-francaise"},"share_on_mastodon":{"url":"https:\/\/pubeurope.com\/@fr\/115515147233141331","error":""},"_links":{"self":[{"href":"https:\/\/www.europesays.com\/fr\/wp-json\/wp\/v2\/posts\/520946","targetHints":{"allow":["GET"]}}],"collection":[{"href":"https:\/\/www.europesays.com\/fr\/wp-json\/wp\/v2\/posts"}],"about":[{"href":"https:\/\/www.europesays.com\/fr\/wp-json\/wp\/v2\/types\/post"}],"author":[{"embeddable":true,"href":"https:\/\/www.europesays.com\/fr\/wp-json\/wp\/v2\/users\/2"}],"replies":[{"embeddable":true,"href":"https:\/\/www.europesays.com\/fr\/wp-json\/wp\/v2\/comments?post=520946"}],"version-history":[{"count":0,"href":"https:\/\/www.europesays.com\/fr\/wp-json\/wp\/v2\/posts\/520946\/revisions"}],"wp:featuredmedia":[{"embeddable":true,"href":"https:\/\/www.europesays.com\/fr\/wp-json\/wp\/v2\/media\/520947"}],"wp:attachment":[{"href":"https:\/\/www.europesays.com\/fr\/wp-json\/wp\/v2\/media?parent=520946"}],"wp:term":[{"taxonomy":"category","embeddable":true,"href":"https:\/\/www.europesays.com\/fr\/wp-json\/wp\/v2\/categories?post=520946"},{"taxonomy":"post_tag","embeddable":true,"href":"https:\/\/www.europesays.com\/fr\/wp-json\/wp\/v2\/tags?post=520946"}],"curies":[{"name":"wp","href":"https:\/\/api.w.org\/{rel}","templated":true}]}}