{"id":520948,"date":"2025-11-08T17:00:12","date_gmt":"2025-11-08T17:00:12","guid":{"rendered":"https:\/\/www.europesays.com\/fr\/520948\/"},"modified":"2025-11-08T17:00:12","modified_gmt":"2025-11-08T17:00:12","slug":"lille-va-reflechir-au-mercato-dhiver-pour-pallier-les-absences-en-defense","status":"publish","type":"post","link":"https:\/\/www.europesays.com\/fr\/520948\/","title":{"rendered":"Lille va r\u00e9fl\u00e9chir au mercato d&rsquo;hiver pour \u00abpallier les absences\u00bb en d\u00e9fense"},"content":{"rendered":"<p>\n    Durant la prochaine Coupe d\u2019Afrique des Nations, le LOSC devra faire sans A\u00efssa Mandi et Chancel Mbemba tandis que le Br\u00e9silien Alexsandro va se faire op\u00e9rer.<\/p>\n<p class=\"fig-paragraph\">L&rsquo;op\u00e9ration d&rsquo;<a href=\"http:\/\/www.lefigaro.fr\/sports\/football\/ligue-1\/ligue-1-mauvaise-nouvelle-pour-lille-et-son-defenseur-alexsandro-20251107\" data-fig-type=\"NewsFlash\" data-gtm-custom-categorie=\"navigation\" data-gtm-custom-action=\"crossclick\" data-gtm-custom-label=\"Contextuel\" data-gtm-event=\"customEventSPE\" data-fig-domain=\"LEFIGARO\" target=\"_blank\" rel=\"noopener\">Alexsandro<\/a>\u00a0ainsi que les d\u00e9parts probables pour la Coupe d&rsquo;Afrique des nations (CAN) d&rsquo;A\u00efssa Mandi et Chancel Mbemba vont pousser Lille \u00e0 \u00abune r\u00e9flexion pendant le mercato d&rsquo;hiver pour pallier ces absences\u00bb en d\u00e9fense, a annonc\u00e9 l&rsquo;entra\u00eeneur Bruno Genesio samedi. Absent depuis la mi-septembre \u00e0 cause d&rsquo;une l\u00e9sion au quadriceps droit, l&rsquo;international br\u00e9silien Alexsandro va finalement devoir se faire op\u00e9rer, \u00abun vrai coup dur\u00bb, selon Bruno Genesio.<\/p>\n<p class=\"fig-paragraph\">Sans son taulier en d\u00e9fense centrale, le Losc a pu compter sur A\u00efssa Mandi et Chancel Mbemba, mais eux aussi devraient s&rsquo;absenter, cette fois pour aller disputer la CAN au Maroc (21 d\u00e9cembre &#8211; 18 janvier) avec l&rsquo;Alg\u00e9rie pour le premier, la R\u00e9publique d\u00e9mocratique du Congo pour le second.<\/p>\n<p>                                    <a class=\"fig-a11y-skip a11y-hidden\" href=\"#fig-a11y-skip-main-inarticle\"><br \/>\n        Passer la publicit\u00e9<br \/>\n    <\/a><\/p>\n<p class=\"fig-paragraph\">\u00abOn ne va se retrouver qu&rsquo;avec Nathan Ngoy, et Maxima (Goffi), \u00e7a fait peu pour le nombre de matchs qu&rsquo;on aura \u00e0 disputer\u00bb, a d\u00e9plor\u00e9 Bruno Genesio lors d&rsquo;une visioconf\u00e9rence de presse \u00e0 la veille du d\u00e9placement \u00e0 Strasbourg (17h15) lors de la douzi\u00e8me journ\u00e9e de Ligue 1.<\/p>\n<p class=\"fig-paragraph\">\u00abIl y aura une r\u00e9flexion pendant le mercato d&rsquo;hiver qui va s&rsquo;engager avec le pr\u00e9sident Olivier L\u00e9tang pour \u00e9tudier les possibilit\u00e9s qu&rsquo;on aura pour pallier ces deux absences\u00bb, a-t-il poursuivi.<\/p>\n","protected":false},"excerpt":{"rendered":"Durant la prochaine Coupe d\u2019Afrique des Nations, le LOSC devra faire sans A\u00efssa Mandi et Chancel Mbemba tandis&hellip;\n","protected":false},"author":2,"featured_media":520949,"comment_status":"","ping_status":"","sticky":false,"template":"","format":"standard","meta":{"footnotes":""},"categories":[2815],"tags":[1111,11,1777,674,1011,27,811,1307,2267,12,25],"class_list":{"0":"post-520948","1":"post","2":"type-post","3":"status-publish","4":"format-standard","5":"has-post-thumbnail","7":"category-lille","8":"tag-actu","9":"tag-actualites","10":"tag-eu","11":"tag-europe","12":"tag-fr","13":"tag-france","14":"tag-hauts-de-france","15":"tag-lille","16":"tag-losc","17":"tag-news","18":"tag-republique-francaise"},"share_on_mastodon":{"url":"https:\/\/pubeurope.com\/@fr\/115515151104697549","error":""},"_links":{"self":[{"href":"https:\/\/www.europesays.com\/fr\/wp-json\/wp\/v2\/posts\/520948","targetHints":{"allow":["GET"]}}],"collection":[{"href":"https:\/\/www.europesays.com\/fr\/wp-json\/wp\/v2\/posts"}],"about":[{"href":"https:\/\/www.europesays.com\/fr\/wp-json\/wp\/v2\/types\/post"}],"author":[{"embeddable":true,"href":"https:\/\/www.europesays.com\/fr\/wp-json\/wp\/v2\/users\/2"}],"replies":[{"embeddable":true,"href":"https:\/\/www.europesays.com\/fr\/wp-json\/wp\/v2\/comments?post=520948"}],"version-history":[{"count":0,"href":"https:\/\/www.europesays.com\/fr\/wp-json\/wp\/v2\/posts\/520948\/revisions"}],"wp:featuredmedia":[{"embeddable":true,"href":"https:\/\/www.europesays.com\/fr\/wp-json\/wp\/v2\/media\/520949"}],"wp:attachment":[{"href":"https:\/\/www.europesays.com\/fr\/wp-json\/wp\/v2\/media?parent=520948"}],"wp:term":[{"taxonomy":"category","embeddable":true,"href":"https:\/\/www.europesays.com\/fr\/wp-json\/wp\/v2\/categories?post=520948"},{"taxonomy":"post_tag","embeddable":true,"href":"https:\/\/www.europesays.com\/fr\/wp-json\/wp\/v2\/tags?post=520948"}],"curies":[{"name":"wp","href":"https:\/\/api.w.org\/{rel}","templated":true}]}}