{"id":520950,"date":"2025-11-08T17:01:15","date_gmt":"2025-11-08T17:01:15","guid":{"rendered":"https:\/\/www.europesays.com\/fr\/520950\/"},"modified":"2025-11-08T17:01:15","modified_gmt":"2025-11-08T17:01:15","slug":"de-la-major-a-la-corniche-de-nombreuses-rues-interdites-a-la-circulation-ce-dimanche-en-raison-dun-trail-urbain","status":"publish","type":"post","link":"https:\/\/www.europesays.com\/fr\/520950\/","title":{"rendered":"de la Major \u00e0 la Corniche, de nombreuses rues interdites \u00e0 la circulation ce dimanche en raison d&rsquo;un trail urbain"},"content":{"rendered":"<p>Ce dimanche 9 novembre, ils seront environ 5000 \u00e0 (re)d\u00e9couvrir la ville autrement. Forc\u00e9ment, un important dispositif de s\u00e9curit\u00e9 a donc \u00e9t\u00e9 mis en place et les automobilistes devront s&rsquo;adapter le temps de laisser passer les nombreux coureurs.<\/p>\n<p>Le Vallon des Auffes \u00e9galement concern\u00e9<\/p>\n<p>La Corniche Kennedy sera notamment coup\u00e9e \u00e0 la circulation sur deux parties, entre le N.77 et le N.130, puis entre le N.160 et le N.315, de 6h \u00e0 12h. Tout comme des rues autour de l&rsquo;Esplanade de la Major ou du Vallon des Auffes. Des interdictions de stationnement seront aussi mises en place d\u00e8s ce samedi soir \u00e0 20h.<\/p>\n<p><strong>Pour retrouver les d\u00e9tails, rue par rue, <a href=\"https:\/\/www.laprovence.com\/article\/sports\/2236036927868314\/trail-urbain-marseille-outdoor-experience-les-restrictions-de-stationnement-et-de-circulation\" target=\"_blank\" rel=\"noopener\">cliquez ici<\/a>.<\/strong><\/p>\n","protected":false},"excerpt":{"rendered":"Ce dimanche 9 novembre, ils seront environ 5000 \u00e0 (re)d\u00e9couvrir la ville autrement. Forc\u00e9ment, un important dispositif de&hellip;\n","protected":false},"author":2,"featured_media":520951,"comment_status":"","ping_status":"","sticky":false,"template":"","format":"standard","meta":{"footnotes":""},"categories":[2814],"tags":[17,1111,11,3542,7958,1777,674,1011,27,64183,32710,884,12,33859,882,16,25,16915],"class_list":{"0":"post-520950","1":"post","2":"type-post","3":"status-publish","4":"format-standard","5":"has-post-thumbnail","7":"category-marseille","8":"tag-17","9":"tag-actu","10":"tag-actualites","11":"tag-circulation","12":"tag-corniche","13":"tag-eu","14":"tag-europe","15":"tag-fr","16":"tag-france","17":"tag-interdites","18":"tag-major","19":"tag-marseille","20":"tag-news","21":"tag-nombreuses","22":"tag-provence-alpes-cote-dazur","23":"tag-region","24":"tag-republique-francaise","25":"tag-rues"},"share_on_mastodon":{"url":"https:\/\/pubeurope.com\/@fr\/115515155087451177","error":""},"_links":{"self":[{"href":"https:\/\/www.europesays.com\/fr\/wp-json\/wp\/v2\/posts\/520950","targetHints":{"allow":["GET"]}}],"collection":[{"href":"https:\/\/www.europesays.com\/fr\/wp-json\/wp\/v2\/posts"}],"about":[{"href":"https:\/\/www.europesays.com\/fr\/wp-json\/wp\/v2\/types\/post"}],"author":[{"embeddable":true,"href":"https:\/\/www.europesays.com\/fr\/wp-json\/wp\/v2\/users\/2"}],"replies":[{"embeddable":true,"href":"https:\/\/www.europesays.com\/fr\/wp-json\/wp\/v2\/comments?post=520950"}],"version-history":[{"count":0,"href":"https:\/\/www.europesays.com\/fr\/wp-json\/wp\/v2\/posts\/520950\/revisions"}],"wp:featuredmedia":[{"embeddable":true,"href":"https:\/\/www.europesays.com\/fr\/wp-json\/wp\/v2\/media\/520951"}],"wp:attachment":[{"href":"https:\/\/www.europesays.com\/fr\/wp-json\/wp\/v2\/media?parent=520950"}],"wp:term":[{"taxonomy":"category","embeddable":true,"href":"https:\/\/www.europesays.com\/fr\/wp-json\/wp\/v2\/categories?post=520950"},{"taxonomy":"post_tag","embeddable":true,"href":"https:\/\/www.europesays.com\/fr\/wp-json\/wp\/v2\/tags?post=520950"}],"curies":[{"name":"wp","href":"https:\/\/api.w.org\/{rel}","templated":true}]}}