{"id":520958,"date":"2025-11-08T17:06:10","date_gmt":"2025-11-08T17:06:10","guid":{"rendered":"https:\/\/www.europesays.com\/fr\/520958\/"},"modified":"2025-11-08T17:06:10","modified_gmt":"2025-11-08T17:06:10","slug":"valerie-pecresse-contre-des-wagons-reserves-aux-femmes-dans-les-transports-en-ile-de-france","status":"publish","type":"post","link":"https:\/\/www.europesays.com\/fr\/520958\/","title":{"rendered":"Val\u00e9rie P\u00e9cresse contre des wagons r\u00e9serv\u00e9s aux femmes dans les transports en \u00cele-de-France"},"content":{"rendered":"<p>            Par<br \/>\n        <strong><br \/>\n            <a href=\"https:\/\/actu.fr\/auteur\/glenn-gillet\" title=\"Consulter tous les articles de Glenn Gillet\" target=\"_blank\" rel=\"noopener\">Glenn Gillet<\/a><br \/>\n        <\/strong><\/p>\n<p>        Publi\u00e9 le<\/p>\n<p>            8 nov. 2025 \u00e0 17h13        <\/p>\n<p>Il n\u2019y aura pas de <a href=\"https:\/\/actu.fr\/ile-de-france\/paris_75056\/des-wagons-reserves-aux-femmes-en-ile-de-france-une-petition-cartonne-apres-la-tentative-de-viol-dans-le-rer_63381949.html\" target=\"_blank\" rel=\"noopener\">wagons r\u00e9serv\u00e9s aux femmes<\/a> dans les transports franciliens, du moins tant que<a href=\"https:\/\/actu.fr\/ile-de-france\/paris_75056\/pourquoi-valerie-pecresse-a-t-elle-ete-entendue-par-les-gendarmes-de-la-section-de-recherches-de-paris_63190984.html\" target=\"_blank\" rel=\"noopener\"> Val\u00e9rie P\u00e9cresse<\/a> (LR) sera pr\u00e9sidente de la r\u00e9gion et de l\u2019autorit\u00e9 de transport \u00cele-de-France Mobilit\u00e9s. Apr\u00e8s le<strong> succ\u00e8s d\u2019une p\u00e9tition<\/strong> r\u00e9clamant une exp\u00e9rimentation de ce dispositif dans les RER et les Transiliens, suite notamment \u00e0 une <a href=\"https:\/\/actu.fr\/ile-de-france\/choisy-le-roi_94022\/tentative-de-viol-sur-le-rer-c-dans-le-val-de-marne-le-suspect-mis-en-examen-et-place-en-detention_63359059.html\" target=\"_blank\" rel=\"noopener\">tentative de viol sur le RER C<\/a>, la responsable politique a affich\u00e9 son <strong>opposition<\/strong> \u00e0 cette id\u00e9e jeudi 6 novembre 2025.<\/p>\n<p>Val\u00e9rie P\u00e9cresse demande aux t\u00e9moins de contacter les autorit\u00e9s<\/p>\n<p class=\" wall-content\">\u00ab\u2009Je ne me <strong>r\u00e9signe<\/strong> pas \u00e0 ce que, dans notre pays, il y ait un apartheid dans les transports en commun. Parce que c\u2019est \u00e7a\u2009: s\u00e9parer les femmes des hommes, c\u2019est d\u00e9cider d\u2019un apartheid\u2009\u00bb, a-t-elle estim\u00e9 au cours d\u2019un entretien sur BFMTV, en r\u00e9f\u00e9rence \u00e0 la politique de discrimination raciale ayant eu cours en Afrique du Sud entre\u00a01948 et\u00a01991.<\/p>\n<p class=\" wall-content\">Val\u00e9rie P\u00e9cresse a pr\u00e9cis\u00e9 qu\u2019une telle s\u00e9paration entre les hommes et les femmes ne pourra de toute fa\u00e7on bient\u00f4t plus \u00eatre effectu\u00e9es puisque d\u2019ici 10\u00a0ans, tous les trains circulant sur le r\u00e9seau francilien sont de type \u00ab\u2009boa\u2009\u00bb, c\u2019est-\u00e0-dire sans division entre les wagons. \u00ab\u2009Ce sont des trains dans lesquels les femmes peuvent circuler librement et se r\u00e9fugier\u2009\u00bb ailleurs \u00ab\u2009si elles se sentent menac\u00e9es\u2009\u00bb, a-t-elle fait valoir.<\/p>\n<p class=\" wall-content\">\n<p class=\" wall-content\">Plut\u00f4t que de mettre en place des espaces r\u00e9serv\u00e9s aux femmes, la pr\u00e9sidente du conseil r\u00e9gional d\u2019\u00cele-de-France a expliqu\u00e9 qu\u2019il \u00ab\u2009faut assurer la s\u00e9curit\u00e9 des femmes dans les transports\u2009\u00bb en encourageant notamment les t\u00e9moins d\u2019agression \u00e0 contacter les autorit\u00e9s, notamment via les num\u00e9ros d\u00e9di\u00e9s\u2009: <strong>3117 par SMS ou appel au 31177<\/strong>.<\/p>\n<p>Demande de mise en place de la vid\u00e9osurveillance avec intelligence artificielle<\/p>\n<p class=\" wall-content\">Elle estime par ailleurs que cette s\u00e9curit\u00e9 doit \u00eatre accrue non seulement par le d\u00e9ploiement de nouvelles cam\u00e9ras, mais aussi par la g\u00e9n\u00e9ralisation de l\u2019intelligence artificielle dans les syst\u00e8mes de vid\u00e9o surveillance, un <strong>outil controvers\u00e9<\/strong> du point de vue des libert\u00e9s publiques et actuellement r\u00e9serv\u00e9 aux grands \u00e9v\u00e9nements. D\u2019autres membres de la majorit\u00e9 r\u00e9gionale de Val\u00e9rie P\u00e9cresse ont \u00e9galement mis en avant la n\u00e9cessit\u00e9 de renforcer les effectifs charg\u00e9s de la s\u00e9curit\u00e9 dans les transports.<\/p>\n<p class=\" wall-content\">Le d\u00e9bat sur la mise en place de wagons r\u00e9serv\u00e9s aux femmes dans les transports a \u00e9t\u00e9 relanc\u00e9 apr\u00e8s qu\u2019une <a href=\"https:\/\/www.change.org\/p\/pour-les-wagons-r%C3%A9serv%C3%A9s-aux-femmes-et-aux-enfants-dans-les-trains-des-zones-sensibles\" target=\"_blank\" rel=\"noopener\">p\u00e9tition en ligne<\/a> allant dans ce sens a recueilli plus de 30\u2009000 signatures en quelques jours. L\u2019initiative est intervenue quelques jours apr\u00e8s la tentative de viols dont a \u00e9t\u00e9 victime Jhordana, une Br\u00e9silienne 26\u00a0ans, avant qu\u2019une autre voyageuse pr\u00e9sente dans le train ne vienne \u00e0 son secours et ne fasse fuir l\u2019agresseur. Ce dernier a finalement pu \u00eatre <strong>interpell\u00e9<\/strong> quelques jours plus tard.<\/p>\n<p class=\" wall-content\">Personnalisez votre actualit\u00e9 en ajoutant vos villes et m\u00e9dias en favori avec <a href=\"https:\/\/moncompte.actu.fr\" title=\"D\u00e9couvez Mon Actu\" rel=\"nofollow noopener\" data-trk=\"{&quot;cta&quot;:{&quot;action&quot;:&quot;https:\\\/\\\/moncompte.actu.fr&quot;,&quot;category&quot;:&quot;mon compte&quot;,&quot;from&quot;:&quot;article footer&quot;,&quot;name&quot;:&quot;Mon actu&quot;,&quot;type&quot;:&quot;cta&quot;}}\" target=\"_blank\">Mon Actu<\/a>.<\/p>\n","protected":false},"excerpt":{"rendered":"Par Glenn Gillet Publi\u00e9 le 8 nov. 2025 \u00e0 17h13 Il n\u2019y aura pas de wagons r\u00e9serv\u00e9s aux&hellip;\n","protected":false},"author":2,"featured_media":520959,"comment_status":"","ping_status":"","sticky":false,"template":"","format":"standard","meta":{"footnotes":""},"categories":[1592],"tags":[1111,11,1777,674,1011,27,662,10883,12,626,25,104,2803,2328],"class_list":{"0":"post-520958","1":"post","2":"type-post","3":"status-publish","4":"format-standard","5":"has-post-thumbnail","7":"category-ile-de-france","8":"tag-actu","9":"tag-actualites","10":"tag-eu","11":"tag-europe","12":"tag-fr","13":"tag-france","14":"tag-ile-de-france","15":"tag-ile-de-france-mobilites","16":"tag-news","17":"tag-paris","18":"tag-republique-francaise","19":"tag-societe","20":"tag-transport","21":"tag-valerie-pecresse"},"share_on_mastodon":{"url":"https:\/\/pubeurope.com\/@fr\/115515174767420240","error":""},"_links":{"self":[{"href":"https:\/\/www.europesays.com\/fr\/wp-json\/wp\/v2\/posts\/520958","targetHints":{"allow":["GET"]}}],"collection":[{"href":"https:\/\/www.europesays.com\/fr\/wp-json\/wp\/v2\/posts"}],"about":[{"href":"https:\/\/www.europesays.com\/fr\/wp-json\/wp\/v2\/types\/post"}],"author":[{"embeddable":true,"href":"https:\/\/www.europesays.com\/fr\/wp-json\/wp\/v2\/users\/2"}],"replies":[{"embeddable":true,"href":"https:\/\/www.europesays.com\/fr\/wp-json\/wp\/v2\/comments?post=520958"}],"version-history":[{"count":0,"href":"https:\/\/www.europesays.com\/fr\/wp-json\/wp\/v2\/posts\/520958\/revisions"}],"wp:featuredmedia":[{"embeddable":true,"href":"https:\/\/www.europesays.com\/fr\/wp-json\/wp\/v2\/media\/520959"}],"wp:attachment":[{"href":"https:\/\/www.europesays.com\/fr\/wp-json\/wp\/v2\/media?parent=520958"}],"wp:term":[{"taxonomy":"category","embeddable":true,"href":"https:\/\/www.europesays.com\/fr\/wp-json\/wp\/v2\/categories?post=520958"},{"taxonomy":"post_tag","embeddable":true,"href":"https:\/\/www.europesays.com\/fr\/wp-json\/wp\/v2\/tags?post=520958"}],"curies":[{"name":"wp","href":"https:\/\/api.w.org\/{rel}","templated":true}]}}