{"id":520960,"date":"2025-11-08T17:07:11","date_gmt":"2025-11-08T17:07:11","guid":{"rendered":"https:\/\/www.europesays.com\/fr\/520960\/"},"modified":"2025-11-08T17:07:11","modified_gmt":"2025-11-08T17:07:11","slug":"le-prefet-de-police-ne-veut-plus-de-campements-boulevard-richard-lenoir-les-occupants-doivent-partir","status":"publish","type":"post","link":"https:\/\/www.europesays.com\/fr\/520960\/","title":{"rendered":"le pr\u00e9fet de police ne veut plus de campements boulevard Richard-Lenoir, les occupants doivent partir"},"content":{"rendered":"<p>            Par<br \/>\n        <strong><br \/>\n            <a href=\"https:\/\/actu.fr\/auteur\/thomas-martin\" title=\"Consulter tous les articles de Thomas Martin\" target=\"_blank\" rel=\"noopener\">Thomas Martin<\/a><br \/>\n        <\/strong><\/p>\n<p>        Publi\u00e9 le<\/p>\n<p>            8 nov. 2025 \u00e0 17h42        <\/p>\n<p>La <a href=\"https:\/\/actu.fr\/tag\/prefecture-de-police-de-paris\" target=\"_blank\" rel=\"noopener\">pr\u00e9fecture de police de Paris<\/a> a ordonn\u00e9 l\u2019\u00e9vacuation du campement install\u00e9 sur le boulevard Richard-Lenoir, dans le 11\u1d49 arrondissement. Selon <a href=\"https:\/\/www.prefecturedepolice.interieur.gouv.fr\/sites\/default\/files\/Documents\/2025-01491_arrete_portant_evacuation_campements_bd_richard_lenoir_paris_11eme.pdf\" target=\"_blank\" rel=\"noopener\">l\u2019arr\u00eat\u00e9 pr\u00e9fectoral<\/a> de ce samedi 8 novembre, cette d\u00e9cision repose sur \u00ab la n\u00e9cessit\u00e9 de mettre un terme \u00e0 l\u2019occupation illicite du domaine public, g\u00e9n\u00e9rant des risques pour la salubrit\u00e9, la s\u00e9curit\u00e9 et la tranquillit\u00e9 publiques \u00bb.<\/p>\n<p>\u00ab\u00a0Un climat d\u2019ins\u00e9curit\u00e9\u00a0\u00bb<\/p>\n<p class=\" wall-content\">L\u2019arr\u00eat\u00e9 vise l\u2019endroit du boulevard o\u00f9 plusieurs dizaines de tentes ont \u00e9t\u00e9 recens\u00e9es depuis le mois d\u2019octobre. Les autorit\u00e9s y d\u00e9crivent une situation devenue \u00ab pr\u00e9occupante du point de vue de l\u2019hygi\u00e8ne et de la s\u00e9curit\u00e9 \u00bb, notamment en raison de \u00ab l\u2019absence d\u2019acc\u00e8s \u00e0 l\u2019eau potable et d\u2019installations sanitaires \u00bb.<\/p>\n<p class=\" wall-content\">Le document \u00e9voque \u00e9galement \u00ab une accumulation de d\u00e9chets, la pr\u00e9sence de nuisibles et des risques d\u2019incendie \u00bb justifiant une intervention rapide. \u00ab\u00a0Les riverains, relay\u00e9s par la mairie du 11e arrondissement, d\u00e9noncent les nuisances et le climat d\u2019ins\u00e9curit\u00e9 g\u00e9n\u00e9r\u00e9s par la pr\u00e9sence de campements, faisant \u00e9tat de troubles croissants \u00e0 l\u2019ordre public\u00a0\u00bb, rench\u00e9rissent les services de l\u2019Etat.\u00a0<\/p>\n<p class=\" wall-content\">Pour justifier l\u2019\u00e9vacuation, ces derniers mettent en avant la <a href=\"https:\/\/actu.fr\/ile-de-france\/paris_75056\/dix-ans-des-attentats-du-13-novembre-a-paris-tout-ce-qu-il-faut-savoir-sur-la-ceremonie-de-commemoration_63367609.html\" target=\"_blank\" rel=\"noopener\">comm\u00e9moration<\/a> prochaine des <a href=\"https:\/\/actu.fr\/tag\/attentats-du-13-novembre\" target=\"_blank\" rel=\"noopener\">attentats du 13-novembre<\/a> au Bataclan \u00ab\u00a0impliquant la mise en place de dispositifs de s\u00e9curit\u00e9 contraignants\u00a0\u00bb.\u00a0<\/p>\n<p class=\" wall-content\">Les occupants devront avoir quitter les lieux avant le mercredi 12 novembre sinon l\u2019\u00e9vacuation sera effectu\u00e9e par les forces de l\u2019ordre.\u00a0<\/p>\n<p>Une \u00e9vacuation d\u2019environ 300 personnes dans le 19e arrondissement<\/p>\n<p class=\" wall-content\">Environ 300 personnes migrantes ont \u00e9t\u00e9 \u00e9vacu\u00e9es mercredi matin des campements o\u00f9 elles dormaient entre les stations de m\u00e9tro Jaur\u00e8s, Stalingrad et Porte de la Chapelle \u00e0 Paris, a constat\u00e9.\u00a0<\/p>\n<p class=\" wall-content\">Trois cars \u00e0 destination de Bourges, Besan\u00e7on et Toulouse avaient \u00e9t\u00e9 mobilis\u00e9s pour transporter les volontaires vers des h\u00e9bergements temporaires. L\u2019\u00e9vacuation s\u2019est d\u00e9roul\u00e9e dans le calme en pr\u00e9sence d\u2019un important dispositif policier et d\u2019agents de la pr\u00e9fecture d\u2019Ile-de-France et de la Ville de Paris.<\/p>\n<p>Votre r\u00e9gion, votre actu !<\/p>\n<p>Recevez chaque jour les infos qui comptent pour vous.<\/p>\n<p>\t<a href=\"https:\/\/actu.fr\/newsletter\" class=\"ac-btn ac-btn--corner ac-btn--medium ac-btn--blue800\" target=\"_blank\" rel=\"noopener\">S&rsquo;incrire<\/a><\/p>\n<p class=\" wall-content\">Ces personnes \u00e9taient \u00ab\u00a0issues majoritairement d\u2019Afghanistan et de la corne africaine, ont \u00e9t\u00e9 recens\u00e9es\u00a0\u00bb, a indiqu\u00e9 une source polici\u00e8re \u00e0 l\u2019AFP.<\/p>\n<p class=\" wall-content\">Quelque 221 migrants ont \u00e9t\u00e9 pris en charge, \u00e0 destination de la province ou de l\u2019Ile-de-France et 50 personnes, qui ont refus\u00e9 toute assistance, ont \u00e9t\u00e9 \u00e9vinc\u00e9es, selon cette source.<br \/>Des occupants du campement \u00e9taient d\u00e9j\u00e0 partis avant le d\u00e9but de l\u2019op\u00e9ration, refusant de quitter Paris, alors que plusieurs personnes, dont des familles, sont venues d\u2019autres lieux dans l\u2019espoir d\u2019\u00eatre relog\u00e9es.<\/p>\n<p class=\" wall-content\">Les sans-abri, majoritairement des jeunes hommes et quelques familles, ont attendu plusieurs heures, orient\u00e9s par des membres des associations M\u00e9decins du Monde, Utopia 56 et France Terre d\u2019Asile.<\/p>\n<p class=\" wall-content\">Trois bus suppl\u00e9mentaires avaient \u00e9t\u00e9 mobilis\u00e9s pour transporter vers des h\u00e9bergements en Ile-de-France les personnes munies d\u2019un contrat de travail dans la r\u00e9gion.<\/p>\n<p class=\" wall-content\">\u00c0 midi, des tentes s\u2019\u00e9taient d\u00e9j\u00e0 r\u00e9install\u00e9es Porte de la Chapelle, a constat\u00e9 M\u00e9decins du Monde. \u00ab\u00a0On estime que 150 personnes sont rest\u00e9es sans solution\u00a0\u00bb, a pr\u00e9cis\u00e9 Paul Alauzy porte-parole de l\u2019association. \u00ab\u00a0On est proche de la 500e op\u00e9ration similaire depuis 2015, et \u00e7a ne fonctionne pas. Il y a des campements ici depuis 2022. Les gens continuent \u00e0 vivre dans des conditions indignes\u00a0\u00bb, a-t-il regrett\u00e9.\u00a0<\/p>\n<p class=\" wall-content\"><strong>Avec AFP<\/strong><\/p>\n<p class=\" wall-content\">Personnalisez votre actualit\u00e9 en ajoutant vos villes et m\u00e9dias en favori avec <a href=\"https:\/\/moncompte.actu.fr\" title=\"D\u00e9couvez Mon Actu\" rel=\"nofollow noopener\" data-trk=\"{&quot;cta&quot;:{&quot;action&quot;:&quot;https:\\\/\\\/moncompte.actu.fr&quot;,&quot;category&quot;:&quot;mon compte&quot;,&quot;from&quot;:&quot;article footer&quot;,&quot;name&quot;:&quot;Mon actu&quot;,&quot;type&quot;:&quot;cta&quot;}}\" target=\"_blank\">Mon Actu<\/a>.<\/p>\n","protected":false},"excerpt":{"rendered":"Par Thomas Martin Publi\u00e9 le 8 nov. 2025 \u00e0 17h42 La pr\u00e9fecture de police de Paris a ordonn\u00e9&hellip;\n","protected":false},"author":2,"featured_media":520961,"comment_status":"","ping_status":"","sticky":false,"template":"","format":"standard","meta":{"footnotes":""},"categories":[1888],"tags":[1111,1928,11,1927,61701,1777,674,1011,27,1251,12,1926,626,1925,1931,25,104],"class_list":{"0":"post-520960","1":"post","2":"type-post","3":"status-publish","4":"format-standard","5":"has-post-thumbnail","7":"category-paris","8":"tag-actu","9":"tag-actu-paris","10":"tag-actualites","11":"tag-actualites-paris","12":"tag-attentats-du-13-novembre","13":"tag-eu","14":"tag-europe","15":"tag-fr","16":"tag-france","17":"tag-migrants","18":"tag-news","19":"tag-news-paris","20":"tag-paris","21":"tag-paris-news","22":"tag-prefecture-de-police-de-paris","23":"tag-republique-francaise","24":"tag-societe"},"share_on_mastodon":{"url":"https:\/\/pubeurope.com\/@fr\/115515178648520665","error":""},"_links":{"self":[{"href":"https:\/\/www.europesays.com\/fr\/wp-json\/wp\/v2\/posts\/520960","targetHints":{"allow":["GET"]}}],"collection":[{"href":"https:\/\/www.europesays.com\/fr\/wp-json\/wp\/v2\/posts"}],"about":[{"href":"https:\/\/www.europesays.com\/fr\/wp-json\/wp\/v2\/types\/post"}],"author":[{"embeddable":true,"href":"https:\/\/www.europesays.com\/fr\/wp-json\/wp\/v2\/users\/2"}],"replies":[{"embeddable":true,"href":"https:\/\/www.europesays.com\/fr\/wp-json\/wp\/v2\/comments?post=520960"}],"version-history":[{"count":0,"href":"https:\/\/www.europesays.com\/fr\/wp-json\/wp\/v2\/posts\/520960\/revisions"}],"wp:featuredmedia":[{"embeddable":true,"href":"https:\/\/www.europesays.com\/fr\/wp-json\/wp\/v2\/media\/520961"}],"wp:attachment":[{"href":"https:\/\/www.europesays.com\/fr\/wp-json\/wp\/v2\/media?parent=520960"}],"wp:term":[{"taxonomy":"category","embeddable":true,"href":"https:\/\/www.europesays.com\/fr\/wp-json\/wp\/v2\/categories?post=520960"},{"taxonomy":"post_tag","embeddable":true,"href":"https:\/\/www.europesays.com\/fr\/wp-json\/wp\/v2\/tags?post=520960"}],"curies":[{"name":"wp","href":"https:\/\/api.w.org\/{rel}","templated":true}]}}