{"id":520964,"date":"2025-11-08T17:09:10","date_gmt":"2025-11-08T17:09:10","guid":{"rendered":"https:\/\/www.europesays.com\/fr\/520964\/"},"modified":"2025-11-08T17:09:10","modified_gmt":"2025-11-08T17:09:10","slug":"on-rit-on-pleure-on-pleure-de-rire-dans-les-coulisses-de-la-cage-aux-folles","status":"publish","type":"post","link":"https:\/\/www.europesays.com\/fr\/520964\/","title":{"rendered":"\u00ab\u00a0On rit, on pleure, on pleure de rire\u00a0\u00bb\u00a0: dans les coulisses de \u00ab\u00a0La Cage aux folles\u00a0\u00bb"},"content":{"rendered":"<p class=\"paragraph text_align_left lp-f-body-02\">Il faut beaucoup d\u2019imagination pour se figurer le cabaret dans lequel Zaza fait son show chaque soir. La salle de la Fondation Fiminco, \u00e0 Romainville (<a href=\"https:\/\/www.leparisien.fr\/seine-saint-denis-93\/\" target=\"_blank\" rel=\"noreferrer noopener\">Seine-Saint-Denis<\/a>), o\u00f9 la troupe r\u00e9p\u00e8te, a le m\u00e9rite de faire la m\u00eame taille que le <a href=\"https:\/\/www.leparisien.fr\/culture-loisirs\/sortir-region-parisienne\/patrimoine-a-paris-le-theatre-du-chatelet-retrouve-son-lustre-13-09-2019-8151477.php\" target=\"_blank\" rel=\"noreferrer noopener\">plateau du Ch\u00e2telet<\/a>. Pour le reste, l\u2019espace est plut\u00f4t sommaire, \u00e0 l\u2019allure industrielle, et seuls un grand escalier, en fond de sc\u00e8ne, et une poign\u00e9e de tables et de chaises, meublent l\u2019endroit.<\/p>\n","protected":false},"excerpt":{"rendered":"Il faut beaucoup d\u2019imagination pour se figurer le cabaret dans lequel Zaza fait son show chaque soir. La&hellip;\n","protected":false},"author":2,"featured_media":520965,"comment_status":"","ping_status":"","sticky":false,"template":"","format":"standard","meta":{"footnotes":""},"categories":[1888],"tags":[11,872,1777,674,1011,27,12,626,25,6047],"class_list":{"0":"post-520964","1":"post","2":"type-post","3":"status-publish","4":"format-standard","5":"has-post-thumbnail","7":"category-paris","8":"tag-actualites","9":"tag-culture-et-loisirs","10":"tag-eu","11":"tag-europe","12":"tag-fr","13":"tag-france","14":"tag-news","15":"tag-paris","16":"tag-republique-francaise","17":"tag-sortir-en-region-parisienne"},"share_on_mastodon":{"url":"https:\/\/pubeurope.com\/@fr\/115515186456816851","error":""},"_links":{"self":[{"href":"https:\/\/www.europesays.com\/fr\/wp-json\/wp\/v2\/posts\/520964","targetHints":{"allow":["GET"]}}],"collection":[{"href":"https:\/\/www.europesays.com\/fr\/wp-json\/wp\/v2\/posts"}],"about":[{"href":"https:\/\/www.europesays.com\/fr\/wp-json\/wp\/v2\/types\/post"}],"author":[{"embeddable":true,"href":"https:\/\/www.europesays.com\/fr\/wp-json\/wp\/v2\/users\/2"}],"replies":[{"embeddable":true,"href":"https:\/\/www.europesays.com\/fr\/wp-json\/wp\/v2\/comments?post=520964"}],"version-history":[{"count":0,"href":"https:\/\/www.europesays.com\/fr\/wp-json\/wp\/v2\/posts\/520964\/revisions"}],"wp:featuredmedia":[{"embeddable":true,"href":"https:\/\/www.europesays.com\/fr\/wp-json\/wp\/v2\/media\/520965"}],"wp:attachment":[{"href":"https:\/\/www.europesays.com\/fr\/wp-json\/wp\/v2\/media?parent=520964"}],"wp:term":[{"taxonomy":"category","embeddable":true,"href":"https:\/\/www.europesays.com\/fr\/wp-json\/wp\/v2\/categories?post=520964"},{"taxonomy":"post_tag","embeddable":true,"href":"https:\/\/www.europesays.com\/fr\/wp-json\/wp\/v2\/tags?post=520964"}],"curies":[{"name":"wp","href":"https:\/\/api.w.org\/{rel}","templated":true}]}}