{"id":520974,"date":"2025-11-08T17:14:18","date_gmt":"2025-11-08T17:14:18","guid":{"rendered":"https:\/\/www.europesays.com\/fr\/520974\/"},"modified":"2025-11-08T17:14:18","modified_gmt":"2025-11-08T17:14:18","slug":"le-royaume-uni-sinspire-du-modele-danois-pour-durcir-sa-politique-migratoire","status":"publish","type":"post","link":"https:\/\/www.europesays.com\/fr\/520974\/","title":{"rendered":"Le Royaume-Uni s\u2019inspire du mod\u00e8le danois pour durcir sa politique migratoire"},"content":{"rendered":"<p>Le Royaume-Uni, o\u00f9\u00a0<a class=\"Link\" href=\"https:\/\/www.lepoint.fr\/monde\/le-royaume-uni-et-la-france-renforcent-la-lutte-contre-l-immigration-clandestine-29-11-2020-2403117_24.php\" title=\"\" data-gtm=\"click:capsule\" data-capsule=\"Lien\" rel=\"nofollow noopener\" target=\"_blank\">l&rsquo;immigration<\/a>\u00a0divise, s&rsquo;appr\u00eate \u00e0 r\u00e9former sa politique migratoire\u00a0en s&rsquo;inspirant du mod\u00e8le danois, reconnu pour sa fermet\u00e9, selon des informations du <a class=\"Link\" href=\"https:\/\/www.theguardian.com\/uk-news\/2025\/nov\/08\/uk-to-announce-plans-to-emulate-stringent-danish-immigration-system\" target=\"_blank\" title=\"\" data-gtm=\"click:capsule\" data-capsule=\"Lien\" rel=\"nofollow noopener\">Guardian<\/a>.<\/p>\n<p>Shabana Mahmood, r\u00e9cemment nomm\u00e9e ministre de l&rsquo;Int\u00e9rieur, devrait annoncer d&rsquo;ici la fin du mois des mesures qui visent notamment \u00e0 limiter les regroupements familiaux et \u00e0 restreindre le droit au s\u00e9jour des r\u00e9fugi\u00e9s aux cas les plus urgents, a rapport\u00e9 la <a class=\"Link\" href=\"https:\/\/www.bbc.com\/news\/articles\/cm2lknr2d3go\" target=\"_blank\" title=\"\" data-gtm=\"click:capsule\" data-capsule=\"Lien\" rel=\"nofollow noopener\">BBC<\/a>. Des responsables britanniques se sont r\u00e9cemment rendus au <a class=\"Link\" href=\"https:\/\/www.lepoint.fr\/tags\/danemark\" data-gtm=\"click:capsule\" data-capsule=\"Lien\" rel=\"nofollow noopener\" target=\"_blank\">Danemark<\/a> pour observer de pr\u00e8s les pratiques de contr\u00f4le aux fronti\u00e8res et d&rsquo;asile du pays scandinave.<\/p>\n<p>Vers des r\u00e8gles plus strictes pour les r\u00e9fugi\u00e9s<\/p>\n<p>Le Danemark a fait le choix <a class=\"Link\" href=\"https:\/\/www.lepoint.fr\/monde\/le-danemark-a-fait-le-choix-d-une-politique-migratoire-stricte-01-02-2023-2507001_24.php\" title=\"\" data-gtm=\"click:capsule\" data-capsule=\"Lien\" rel=\"nofollow noopener\" target=\"_blank\">d&rsquo;une politique migratoire stricte<\/a>. Ceux qui sont cibl\u00e9s directement par un r\u00e9gime \u00e9tranger peuvent b\u00e9n\u00e9ficier d&rsquo;une protection permanente, tandis que les personnes fuyant des conflits sont souvent limit\u00e9es \u00e0 des s\u00e9jours temporaires. En 2022, environ 1\u00a0200 r\u00e9fugi\u00e9s syriens originaires de Damas ont ainsi \u00e9t\u00e9 inform\u00e9s que leur permis de s\u00e9jour ne serait pas renouvel\u00e9, le Danemark jugeant la r\u00e9gion suffisamment s\u00fbre pour un retour.<\/p>\n<p>\u00c0 LIRE AUSSI <strong class=\"strong\"><a href=\"https:\/\/www.lepoint.fr\/monde\/danemark-les-nettoyeurs-de-copenhague-ces-travailleurs-de-l-ombre-26-07-2023-2529652_24.php\" title=\"Le syst\u00e8me danois distingue les r\u00e9fugi\u00e9s en fonction de la nature de la menace qu&#039;ils subissent.\" style=\"text-decoration: none; color: inherit;\" data-gtm=\"click:capsule\" data-capsule=\"\u00c0 lire aussi\" rel=\"nofollow noopener\" target=\"_blank\">Le syst\u00e8me danois distingue les r\u00e9fugi\u00e9s en fonction de la nature de la menace qu&rsquo;ils subissent.<\/a><\/strong> Le Royaume-Uni s&rsquo;int\u00e9resse \u00e9galement aux conditions impos\u00e9es aux couples souhaitant se retrouver. Au Danemark, pour qu&rsquo;un regroupement familial soit autoris\u00e9, les deux partenaires doivent \u00eatre \u00e2g\u00e9s de plus de 24\u00a0ans, le partenaire d\u00e9j\u00e0 pr\u00e9sent ne doit pas percevoir d&rsquo;aides sociales depuis trois ans et doit fournir une garantie financi\u00e8re, pr\u00e9cise le Guardian. Des tests linguistiques sont \u00e9galement exig\u00e9s. Certaines zones d\u00e9sign\u00e9es comme \u00ab\u00a0soci\u00e9t\u00e9s parall\u00e8les\u00a0\u00bb, o\u00f9 plus de 50\u00a0% de la population est issue de ce que le gouvernement consid\u00e8re comme des milieux \u00ab\u00a0non occidentaux\u00a0\u00bb, sont exclues du dispositif de regroupement.<\/p>\n<p>Des r\u00e9actions politiques contrast\u00e9es<\/p>\n<p>Ces projets suscitent des critiques au sein du Parti travailliste. Certains \u00e9lus de gauche, comme Nadia Whittome, d\u00e9noncent un chemin \u00ab\u00a0dangereux\u00a0\u00bb et jugent certaines mesures \u00ab\u00a0ind\u00e9niablement racistes\u00a0\u00bb, selon la BBC. Clive Lewis estime, quant \u00e0 lui, que l&rsquo;adoption de ce mod\u00e8le imiterait les positions de l&rsquo;extr\u00eame droite et risquerait de faire perdre des voix progressistes.<\/p>\n<p>\n\u00c0 D\u00e9couvrir<br \/>\n<strong class=\"discover-kangourou__line\"><br \/>\n<img decoding=\"async\" class=\"discover-kangourou__img\" src=\"https:\/\/static.lpnt.fr\/static\/img\/kangourou\/kangourou_filled.svg\"\/><br \/>\n<strong class=\"discover-kangourou__txt\"><br \/>\n<strong>Le Kangourou du jour<\/strong><br \/>\n<a href=\"https:\/\/kangourou.lepoint.fr\" title=\"kangourou\" data-gtm-cta=\"kangourou_article\" class=\"discover-kangourou__lnk\" rel=\"nofollow noopener\" target=\"_blank\"><br \/>\nR\u00e9pondre<br \/>\n<\/a><br \/>\n<\/strong><br \/>\n<\/strong><br \/>\n\u00c0 l&rsquo;inverse, des d\u00e9put\u00e9s repr\u00e9sentant les zones traditionnellement travaillistes du nord et du centre du pays plaident pour un durcissement encore plus marqu\u00e9 afin de contrer la mont\u00e9e du parti <a class=\"Link\" href=\"https:\/\/www.lepoint.fr\/monde\/qui-est-nigel-farage-le-trump-britannique-dont-le-nom-circule-pour-le-poste-de-premier-ministre-04-10-2025-2600226_24.php\" title=\"\" data-gtm=\"click:capsule\" data-capsule=\"Lien\" rel=\"nofollow noopener\" target=\"_blank\">Reform UK<\/a>. Lors de son discours au congr\u00e8s du Parti travailliste, Shabana Mahmood a rappel\u00e9 que la \u00ab\u00a0contribution au pays est une condition\u00a0\u00bb pour l&rsquo;acc\u00e8s \u00e0 certaines protections et a annonc\u00e9 que la p\u00e9riode pr\u00e9c\u00e9dant\u00a0l&rsquo;octroi d&rsquo;un droit de s\u00e9jour permanent passerait de cinq \u00e0 dix ans.<\/p>\n<p>Un pays sous tension<\/p>\n<p>Ces nouvelles mesures interviennent alors que le Royaume-Uni traverse une p\u00e9riode de tensions in\u00e9dites sur les questions migratoires. Cet \u00e9t\u00e9, les manifestations anti-<a class=\"Link\" href=\"https:\/\/www.lepoint.fr\/tags\/immigration\" data-gtm=\"click:capsule\" data-capsule=\"Lien\" rel=\"nofollow noopener\" target=\"_blank\">immigration<\/a> se sont multipli\u00e9es, notamment devant des h\u00f4tels h\u00e9bergeant des demandeurs d&rsquo;asile \u00e0 Londres et dans d&rsquo;autres villes. Le 13\u00a0septembre 2025, Tommy Robinson, figure de l&rsquo;extr\u00eame droite britannique, en a organis\u00e9 une dans le centre de Londres qui a r\u00e9uni entre 110\u00a0000\u00a0et 150\u00a0000 personnes, selon Scotland Yard.<\/p>\n<p>Toute l\u2019actualit\u00e9 \u00e0 1\u20ac le premier mois<\/p>\n<p><a href=\"https:\/\/abo.lepoint.fr\/?provenance=21EDI020098\" class=\"btn\" title=\"S&#039;abonner\" data-gtm=\"click:abo|display:abo\" data-campaign=\"paywall_maison\" rel=\"nofollow noopener\" target=\"_blank\">S&rsquo;abonner<\/a><\/p>\n<p>ou<\/p>\n","protected":false},"excerpt":{"rendered":"Le Royaume-Uni, o\u00f9\u00a0l&rsquo;immigration\u00a0divise, s&rsquo;appr\u00eate \u00e0 r\u00e9former sa politique migratoire\u00a0en s&rsquo;inspirant du mod\u00e8le danois, reconnu pour sa fermet\u00e9, selon&hellip;\n","protected":false},"author":2,"featured_media":520975,"comment_status":"","ping_status":"","sticky":false,"template":"","format":"standard","meta":{"footnotes":""},"categories":[1588],"tags":[11,145,1777,674,1061,12,473,1853,1851,1850,1852],"class_list":{"0":"post-520974","1":"post","2":"type-post","3":"status-publish","4":"format-standard","5":"has-post-thumbnail","7":"category-royaume-uni","8":"tag-actualites","9":"tag-danemark","10":"tag-eu","11":"tag-europe","12":"tag-immigration","13":"tag-news","14":"tag-royaume-uni","15":"tag-royaume-uni-de-grande-bretagne-et-dirlande-du-nord","16":"tag-uk","17":"tag-united-kingdom","18":"tag-united-kingdom-of-great-britain-and-northern-ireland"},"share_on_mastodon":{"url":"https:\/\/pubeurope.com\/@fr\/115515206849033998","error":""},"_links":{"self":[{"href":"https:\/\/www.europesays.com\/fr\/wp-json\/wp\/v2\/posts\/520974","targetHints":{"allow":["GET"]}}],"collection":[{"href":"https:\/\/www.europesays.com\/fr\/wp-json\/wp\/v2\/posts"}],"about":[{"href":"https:\/\/www.europesays.com\/fr\/wp-json\/wp\/v2\/types\/post"}],"author":[{"embeddable":true,"href":"https:\/\/www.europesays.com\/fr\/wp-json\/wp\/v2\/users\/2"}],"replies":[{"embeddable":true,"href":"https:\/\/www.europesays.com\/fr\/wp-json\/wp\/v2\/comments?post=520974"}],"version-history":[{"count":0,"href":"https:\/\/www.europesays.com\/fr\/wp-json\/wp\/v2\/posts\/520974\/revisions"}],"wp:featuredmedia":[{"embeddable":true,"href":"https:\/\/www.europesays.com\/fr\/wp-json\/wp\/v2\/media\/520975"}],"wp:attachment":[{"href":"https:\/\/www.europesays.com\/fr\/wp-json\/wp\/v2\/media?parent=520974"}],"wp:term":[{"taxonomy":"category","embeddable":true,"href":"https:\/\/www.europesays.com\/fr\/wp-json\/wp\/v2\/categories?post=520974"},{"taxonomy":"post_tag","embeddable":true,"href":"https:\/\/www.europesays.com\/fr\/wp-json\/wp\/v2\/tags?post=520974"}],"curies":[{"name":"wp","href":"https:\/\/api.w.org\/{rel}","templated":true}]}}