{"id":520976,"date":"2025-11-08T17:15:15","date_gmt":"2025-11-08T17:15:15","guid":{"rendered":"https:\/\/www.europesays.com\/fr\/520976\/"},"modified":"2025-11-08T17:15:15","modified_gmt":"2025-11-08T17:15:15","slug":"un-routier-recherche-pour-trafic-de-drogue-en-allemagne-arrete-avec-500-000-euros-de-substance","status":"publish","type":"post","link":"https:\/\/www.europesays.com\/fr\/520976\/","title":{"rendered":"Un routier recherch\u00e9 pour trafic de drogue en Allemagne arr\u00eat\u00e9 avec 500.000 euros de substance"},"content":{"rendered":"<p>Il aura travers\u00e9 plusieurs milliers de kilom\u00e8tres. Un chauffeur routier de 64 ans recherch\u00e9 par les autorit\u00e9s allemandes pour trafic de drogue a \u00e9t\u00e9 arr\u00eat\u00e9 pr\u00e8s de Barcelone, dans le nord-est de <a href=\"https:\/\/www.20minutes.fr\/dossier\/espagne\" target=\"_blank\" class=\"c-link c-link--is-underlined\" rel=\"noopener\">l\u2019Espagne<\/a>, a indiqu\u00e9 samedi la police espagnole.<\/p>\n<p>L\u2019homme, dont la nationalit\u00e9 n\u2019a pas \u00e9t\u00e9 pr\u00e9cis\u00e9e, est soup\u00e7onn\u00e9 d\u2019avoir transport\u00e9 de <a href=\"http:\/\/20minutes.fr\/dossier\/allemagne\" target=\"_blank\" class=\"c-link c-link--is-underlined\" rel=\"noopener\">l\u2019Allemagne<\/a> vers l\u2019Espagne plus de 250 kilos de marijuana et de haschich pour une valeur marchande de plus de 500.000 euros, a pr\u00e9cis\u00e9 la police de la r\u00e9gion de Catalogne dans un communiqu\u00e9. Il a \u00e9t\u00e9 arr\u00eat\u00e9 mardi dans un centre logistique \u00e0 Santa Perpetua de la Mogoda, une localit\u00e9 au nord de Barcelone, a-t-on ajout\u00e9.<\/p>\n<\/p>\n<p>D\u00e9tention provisoire<\/p>\n<p>Le routier, vis\u00e9 par un mandat d\u2019arr\u00eat europ\u00e9en, a \u00e9t\u00e9 plac\u00e9 en d\u00e9tention provisoire dans l\u2019attente de son extradition. L\u2019Espagne constitue une porte d\u2019entr\u00e9e importante pour le <a href=\"https:\/\/www.20minutes.fr\/dossier\/trafic_de_drogue\" target=\"_blank\" class=\"c-link c-link--is-underlined\" rel=\"noopener\">trafic de drogue<\/a> en Europe, en raison de sa proximit\u00e9 avec le <a href=\"https:\/\/www.20minutes.fr\/dossier\/maroc\" target=\"_blank\" class=\"c-link c-link--is-underlined\" rel=\"noopener\">Maroc<\/a>, l\u2019un des principaux producteurs de cannabis, et de ses liens historiques avec l\u2019Am\u00e9rique latine.<\/p>\n","protected":false},"excerpt":{"rendered":"Il aura travers\u00e9 plusieurs milliers de kilom\u00e8tres. Un chauffeur routier de 64 ans recherch\u00e9 par les autorit\u00e9s allemandes&hellip;\n","protected":false},"author":2,"featured_media":520977,"comment_status":"","ping_status":"","sticky":false,"template":"","format":"standard","meta":{"footnotes":""},"categories":[1587],"tags":[47,11,672,1804,1805,1803,1052,123,1777,674,1801,74,12,1802,887],"class_list":{"0":"post-520976","1":"post","2":"type-post","3":"status-publish","4":"format-standard","5":"has-post-thumbnail","7":"category-allemagne","8":"tag-actualite","9":"tag-actualites","10":"tag-allemagne","11":"tag-bundesrepublik-deutschland","12":"tag-de","13":"tag-deutschland","14":"tag-drogue","15":"tag-espagne","16":"tag-eu","17":"tag-europe","18":"tag-germany","19":"tag-monde","20":"tag-news","21":"tag-republique-federale-dallemagne","22":"tag-trafic-de-drogue"},"share_on_mastodon":{"url":"https:\/\/pubeurope.com\/@fr\/115515210129704472","error":""},"_links":{"self":[{"href":"https:\/\/www.europesays.com\/fr\/wp-json\/wp\/v2\/posts\/520976","targetHints":{"allow":["GET"]}}],"collection":[{"href":"https:\/\/www.europesays.com\/fr\/wp-json\/wp\/v2\/posts"}],"about":[{"href":"https:\/\/www.europesays.com\/fr\/wp-json\/wp\/v2\/types\/post"}],"author":[{"embeddable":true,"href":"https:\/\/www.europesays.com\/fr\/wp-json\/wp\/v2\/users\/2"}],"replies":[{"embeddable":true,"href":"https:\/\/www.europesays.com\/fr\/wp-json\/wp\/v2\/comments?post=520976"}],"version-history":[{"count":0,"href":"https:\/\/www.europesays.com\/fr\/wp-json\/wp\/v2\/posts\/520976\/revisions"}],"wp:featuredmedia":[{"embeddable":true,"href":"https:\/\/www.europesays.com\/fr\/wp-json\/wp\/v2\/media\/520977"}],"wp:attachment":[{"href":"https:\/\/www.europesays.com\/fr\/wp-json\/wp\/v2\/media?parent=520976"}],"wp:term":[{"taxonomy":"category","embeddable":true,"href":"https:\/\/www.europesays.com\/fr\/wp-json\/wp\/v2\/categories?post=520976"},{"taxonomy":"post_tag","embeddable":true,"href":"https:\/\/www.europesays.com\/fr\/wp-json\/wp\/v2\/tags?post=520976"}],"curies":[{"name":"wp","href":"https:\/\/api.w.org\/{rel}","templated":true}]}}