{"id":520980,"date":"2025-11-08T17:17:14","date_gmt":"2025-11-08T17:17:14","guid":{"rendered":"https:\/\/www.europesays.com\/fr\/520980\/"},"modified":"2025-11-08T17:17:14","modified_gmt":"2025-11-08T17:17:14","slug":"guingamp-pau-nous-navons-pas-eu-trop-le-choix-repris-par-pau-eag-nest-toujours-pas-un-collectif","status":"publish","type":"post","link":"https:\/\/www.europesays.com\/fr\/520980\/","title":{"rendered":"Guingamp &#8211; Pau\u00a0: \u00ab\u00a0Nous n\u2019avons pas eu trop le choix\u00a0\u00bb, repris par Pau, EAG n\u2019est toujours pas un collectif"},"content":{"rendered":"<p>Ligue 2 (14e journ\u00e9e). Guingamp &#8211; Pau\u00a0: 2-2<\/p>\n<p>En Avant Guingamp avance \u00e0 son rythme. C\u2019est-\u00e0-dire pas tr\u00e8s vite. Quelques belles s\u00e9quences de temps en temps, un joli but, parfois, lorsque Hemia est dans un grand jour. Mais le meneur de jeu ne peut pas tout faire et son \u00e9quipe affiche trop de carences pour exister dans un championnat qui lui file d\u00e9j\u00e0 entre les doigts. <a href=\"https:\/\/www.letelegramme.fr\/sports\/football\/guingamp\/guingamp-pau-le-resume-dun-nul-incroyablement-frustrant-pour-en-avant-6924602.php\" target=\"_blank\" rel=\"noopener\">Samedi apr\u00e8s-midi, face \u00e0 Pau, les Bretons ont offert 30 premi\u00e8res minutes de jeu de bonne facture<\/a> et profit\u00e9, aussi, des erreurs de la d\u00e9fense adverse. Ce fut le cas sur l\u2019ouverture du score de Mafouta, apr\u00e8s un cadeau de Fall (1-0, 14\u2019), <a href=\"https:\/\/www.letelegramme.fr\/sports\/football\/guingamp\/guingamp-pau-le-bijou-dhemia-la-toile-de-bartouche-selbonne-le-carnet-de-notes-des-guingampais-6924613.php\" target=\"_blank\" rel=\"noopener\">avant que Hemia, d\u2019une frappe enroul\u00e9e d\u00e8s 20 m, n\u2019exploite de fa\u00e7on g\u00e9niale l\u2019erreur de Meddah pour doubler la mise (2-0, 26\u2019).<\/a><\/p>\n<p>Un fond de jeu incertain<\/p>\n<p>Mais tout ceci ne suffit pas. Surtout apr\u00e8s avoir manqu\u00e9 la balle du 3-0 sur un centre mal ajust\u00e9 de Sagna qui ne permit pas \u00e0 Mafouta de conclure (36\u2019). Car derri\u00e8re, ce fut presque le n\u00e9ant. La lumi\u00e8re s\u2019\u00e9teignit m\u00eame compl\u00e8tement apr\u00e8s la r\u00e9duction du score de Pouilly qui mat\u00e9rialisa le basculement du rapport de force (2-1, 38\u2019). \u00ab\u00a0Ce but nous a mis un petit coup derri\u00e8re la t\u00eate, confirme Sylvain Ripoll. Quand vous devez mener 3-0 et que vous rentrez au vestiaire sur le score de 2-1, il y a une premi\u00e8re d\u00e9ception \u00e0 g\u00e9rer. Mais on doit avoir les qualit\u00e9s pour passer outre et remettre des temps de possession.\u00a0\u00bb Or, les Costarmoricains, aujourd\u2019hui, n\u2019en sont pas capables. Ces limites cristallisent d\u2019ailleurs le d\u00e9calage entre les aspirations du staff, dont on conna\u00eet les convictions, et le profil d\u2019un effectif construit \u00e0 la h\u00e2te et sur le tard. Guingamp domine par intermittence mais pas suffisamment pour \u00e9riger cet exercice en fond de jeu.<\/p>\n<p>Manque de ma\u00eetrise<\/p>\n<p>\u00ab\u00a0Quand vous menez au score, pour g\u00e9rer une partie, il y a deux fa\u00e7ons de faire\u00a0: ou vous tenez le ballon collectivement et gardez l\u2019\u00e9quipe adverse loin de votre but, ou vous subissez et il faut \u00eatre tr\u00e8s solide pour ne rien laisser, rappelle l\u2019entra\u00eeneur guingampais. Nous n\u2019\u00e9tions pas en capacit\u00e9 de mieux tenir le ballon en seconde p\u00e9riode et il a donc fallu lutter, se recroqueviller. Ce n\u2019est pas ce que nous voulions faire mais nous n\u2019avons pas eu trop le choix.\u00a0\u00bb Par d\u00e9faut, son \u00e9quipe a donc subi. Elle a pli\u00e9, longtemps, et aurait d\u00fb rompre peu apr\u00e8s l\u2019heure de jeu sans un \u00e9norme rat\u00e9 de Touzghar (69\u2019). Avec un peu de r\u00e9ussite, la t\u00eate de Sagna aurait trouv\u00e9 les filets plut\u00f4t que le poteau de Salles (74\u2019) mais offensivement, il n\u2019y e\u00fbt rien de construit. Des d\u00e9gagements \u00e0 l\u2019improviste mais peu de transitions rapides.<\/p>\n<p>Un d\u00e9calage inqui\u00e9tant<\/p>\n<p>\u00ab\u00a0Bien d\u00e9fendre, \u00e7a commence par le fait de tenir le ballon, insistait Ripoll. On aimerait \u00eatre plus constant dans la r\u00e9gularit\u00e9 du match. Mais pour l\u2019instant, on ne r\u00e9ussit pas \u00e0 l\u2019\u00eatre.\u00a0\u00bb Alors oui, le tempo de l\u2019\u00e9galisation, au bout des arr\u00eats de jeu, peut sembler cruel. Mais le but de Sissoko, <a href=\"https:\/\/www.letelegramme.fr\/sports\/football\/guingamp\/guingamp-pau-le-bijou-dhemia-la-toile-de-bartouche-selbonne-le-carnet-de-notes-des-guingampais-6924613.php\" target=\"_blank\" rel=\"noopener\">sur une sortie a\u00e9rienne manqu\u00e9e de Bartouche-Selbonne (2-2, 90\u2019+ 3),<\/a> ne rel\u00e8ve pas de l\u2019injustice. Au contraire. Il n\u2019est que le reflet d\u2019une dissonance profonde entre ce qu\u2019En Avant voudrait produire et ce qu\u2019il est actuellement en mesure d\u2019offrir. Et ce gap, apr\u00e8s 14 journ\u00e9es, est assez inqui\u00e9tant.<\/p>\n","protected":false},"excerpt":{"rendered":"Ligue 2 (14e journ\u00e9e). Guingamp &#8211; Pau\u00a0: 2-2 En Avant Guingamp avance \u00e0 son rythme. C\u2019est-\u00e0-dire pas tr\u00e8s&hellip;\n","protected":false},"author":2,"featured_media":520981,"comment_status":"","ping_status":"","sticky":false,"template":"","format":"standard","meta":{"footnotes":""},"categories":[1586],"tags":[11,9594,1777,674,1779,63,1011,27,4044,446,12,25,60,1778,364],"class_list":{"0":"post-520980","1":"post","2":"type-post","3":"status-publish","4":"format-standard","5":"has-post-thumbnail","7":"category-europe","8":"tag-actualites","9":"tag-en-avant-guingamp","10":"tag-eu","11":"tag-europe","12":"tag-european-union","13":"tag-football","14":"tag-fr","15":"tag-france","16":"tag-guingamp","17":"tag-ligue-2","18":"tag-news","19":"tag-republique-francaise","20":"tag-sports","21":"tag-ue","22":"tag-union-europeenne"},"share_on_mastodon":{"url":"https:\/\/pubeurope.com\/@fr\/115515217972906433","error":""},"_links":{"self":[{"href":"https:\/\/www.europesays.com\/fr\/wp-json\/wp\/v2\/posts\/520980","targetHints":{"allow":["GET"]}}],"collection":[{"href":"https:\/\/www.europesays.com\/fr\/wp-json\/wp\/v2\/posts"}],"about":[{"href":"https:\/\/www.europesays.com\/fr\/wp-json\/wp\/v2\/types\/post"}],"author":[{"embeddable":true,"href":"https:\/\/www.europesays.com\/fr\/wp-json\/wp\/v2\/users\/2"}],"replies":[{"embeddable":true,"href":"https:\/\/www.europesays.com\/fr\/wp-json\/wp\/v2\/comments?post=520980"}],"version-history":[{"count":0,"href":"https:\/\/www.europesays.com\/fr\/wp-json\/wp\/v2\/posts\/520980\/revisions"}],"wp:featuredmedia":[{"embeddable":true,"href":"https:\/\/www.europesays.com\/fr\/wp-json\/wp\/v2\/media\/520981"}],"wp:attachment":[{"href":"https:\/\/www.europesays.com\/fr\/wp-json\/wp\/v2\/media?parent=520980"}],"wp:term":[{"taxonomy":"category","embeddable":true,"href":"https:\/\/www.europesays.com\/fr\/wp-json\/wp\/v2\/categories?post=520980"},{"taxonomy":"post_tag","embeddable":true,"href":"https:\/\/www.europesays.com\/fr\/wp-json\/wp\/v2\/tags?post=520980"}],"curies":[{"name":"wp","href":"https:\/\/api.w.org\/{rel}","templated":true}]}}