{"id":521004,"date":"2025-11-08T17:34:13","date_gmt":"2025-11-08T17:34:13","guid":{"rendered":"https:\/\/www.europesays.com\/fr\/521004\/"},"modified":"2025-11-08T17:34:13","modified_gmt":"2025-11-08T17:34:13","slug":"une-facade-dimmeuble-en-feu-a-cause-dun-tir-de-mortier-dartifice","status":"publish","type":"post","link":"https:\/\/www.europesays.com\/fr\/521004\/","title":{"rendered":"une fa\u00e7ade d\u2019immeuble en feu \u00e0 cause d\u2019un tir de mortier d\u2019artifice"},"content":{"rendered":"<p>Nouvelles sc\u00e8nes de tension ce samedi 8\u00a0novembre dans l\u2019apr\u00e8s-midi, \u00e0 Rillieux-la-Pape. Selon nos informations, \u00e0 l\u2019origine de cet embrasement, des jeunes en train de tourner un clip de rap avenue de l\u2019Europe. Les protagonistes auraient tir\u00e9 des mortiers d\u2019artifice. L\u2019un des engins pyrotechniques a atterri sur un balcon.<\/p>\n<p>Les cartons qui y \u00e9taient entrepos\u00e9s ont pris feu, et toute la fa\u00e7ade de l\u2019immeuble a \u00e9t\u00e9 en proie aux flammes. \u00c0 son arriv\u00e9e \u00e0 proximit\u00e9, la police nationale a \u00e9t\u00e9 vis\u00e9e par des jets de projectiles divers.<\/p>\n<p>Les forces de l\u2019ordre auraient r\u00e9pliqu\u00e9 par des tirs de grenades lacrymog\u00e8nes.<\/p>\n<p>Sur place, un vaste dispositif de sapeurs-pompiers a \u00e9t\u00e9 mobilis\u00e9 pour lutter contre les flammes, qui ont \u00e9t\u00e9 ma\u00eetris\u00e9es en fin d\u2019apr\u00e8s-midi. Selon les informations du Progr\u00e8s, huit logements ont \u00e9t\u00e9 touch\u00e9s, et au moins cinq familles auront besoin d\u2019un relogement.<\/p>\n<p>S\u2019il n\u2019y a pas eu de bless\u00e9s graves, deux personnes auraient inhal\u00e9 des fum\u00e9es.<\/p>\n<p>Ce contenu est bloqu\u00e9 car vous n&rsquo;avez pas accept\u00e9 les cookies et autres traceurs.<\/p>\n<p>En cliquant sur \u00ab J\u2019accepte \u00bb, les cookies et autres traceurs seront d\u00e9pos\u00e9s et vous pourrez visualiser les contenus  (<a href=\"\" class=\"consentModule_policy\" target=\"_blank\" title=\"Consulter la politique de protection des donn\u00e9es du fournisseur\">plus d&rsquo;informations<\/a>).<\/p>\n<p>En cliquant sur \u00ab J\u2019accepte tous les cookies \u00bb, vous autorisez des d\u00e9p\u00f4ts de cookies et autres traceurs pour le stockage de vos donn\u00e9es sur nos sites et applications \u00e0 des fins de personnalisation et de ciblage publicitaire.<\/p>\n<p class=\"consentModule_secondaryText\">Vous gardez la possibilit\u00e9 de retirer votre consentement \u00e0 tout moment en consultant notre <a href=\"https:\/\/www.leprogres.fr\/protection-des-donnees\" target=\"_blank\" title=\"Consulter notre politique de protection des donn\u00e9es\" rel=\"noopener\">politique de protection des donn\u00e9es<\/a>. <br \/>&#13;<br \/>\n            <a href=\"https:\/\/www.leprogres.fr\/faits-divers-justice\/2025\/11\/08\/javascript:Didomi.notice.show()\" class=\"consentModule_cmp\" target=\"_blank\" rel=\"noopener\">G\u00e9rer mes choix<\/a>&#13;\n        <\/p>\n<p>&#13;<br \/>\n                        J&rsquo;accepte&#13;<br \/>\n            J&rsquo;accepte tous les cookies&#13;\n        <\/p>\n<p>  La tension monte sur place<\/p>\n<p>Vers 17 heures, le pr\u00e9fet d\u00e9l\u00e9gu\u00e9 \u00e0 la d\u00e9fense et \u00e0 la s\u00e9curit\u00e9, Antoine Gu\u00e9rin, se rendait sur les lieux. Pris \u00e0 partie par les \u00e9meutiers, le maire <a href=\"https:\/\/www.leprogres.fr\/p\/alexandre-vincendet\" target=\"_blank\" rel=\"noopener\">Alexandre Vincendet<\/a> qui \u00e9tait pr\u00e9sent sur place, a \u00e9t\u00e9 exflitr\u00e9 sous protection. L&rsquo;\u00e9lu n&rsquo;a pas \u00e9t\u00e9 bless\u00e9.<\/p>\n<p>La pr\u00e9f\u00e8te de R\u00e9gion est arriv\u00e9e \u00e0 Rillieux et consulte les images de l&rsquo;incident au CSU (Centre de supervision urbain), dans les locaux de la police municipale, avant de se rendre sur les lieux de l&rsquo;incendie. Pour l\u2019heure, la circulation de bus est restreinte sur la ville nouvelle.<\/p>\n","protected":false},"excerpt":{"rendered":"Nouvelles sc\u00e8nes de tension ce samedi 8\u00a0novembre dans l\u2019apr\u00e8s-midi, \u00e0 Rillieux-la-Pape. Selon nos informations, \u00e0 l\u2019origine de cet&hellip;\n","protected":false},"author":2,"featured_media":521005,"comment_status":"","ping_status":"","sticky":false,"template":"","format":"standard","meta":{"footnotes":""},"categories":[1355],"tags":[271,272,58,3153,59,274,107,1011,27,1310,1361,873,2429,23109,17092],"class_list":{"0":"post-521004","1":"post","2":"type-post","3":"status-publish","4":"format-standard","5":"has-post-thumbnail","7":"category-musique","8":"tag-crime","9":"tag-delit-et-contravention","10":"tag-divertissement","11":"tag-edition-ouest-lyonnais","12":"tag-entertainment","13":"tag-faits-divers-justice","14":"tag-fil-info","15":"tag-fr","16":"tag-france","17":"tag-incendie","18":"tag-music","19":"tag-musique","20":"tag-rhone","21":"tag-rillieux-bassin","22":"tag-rillieux-la-pape"},"share_on_mastodon":{"url":"https:\/\/pubeurope.com\/@fr\/115515284908262419","error":""},"_links":{"self":[{"href":"https:\/\/www.europesays.com\/fr\/wp-json\/wp\/v2\/posts\/521004","targetHints":{"allow":["GET"]}}],"collection":[{"href":"https:\/\/www.europesays.com\/fr\/wp-json\/wp\/v2\/posts"}],"about":[{"href":"https:\/\/www.europesays.com\/fr\/wp-json\/wp\/v2\/types\/post"}],"author":[{"embeddable":true,"href":"https:\/\/www.europesays.com\/fr\/wp-json\/wp\/v2\/users\/2"}],"replies":[{"embeddable":true,"href":"https:\/\/www.europesays.com\/fr\/wp-json\/wp\/v2\/comments?post=521004"}],"version-history":[{"count":0,"href":"https:\/\/www.europesays.com\/fr\/wp-json\/wp\/v2\/posts\/521004\/revisions"}],"wp:featuredmedia":[{"embeddable":true,"href":"https:\/\/www.europesays.com\/fr\/wp-json\/wp\/v2\/media\/521005"}],"wp:attachment":[{"href":"https:\/\/www.europesays.com\/fr\/wp-json\/wp\/v2\/media?parent=521004"}],"wp:term":[{"taxonomy":"category","embeddable":true,"href":"https:\/\/www.europesays.com\/fr\/wp-json\/wp\/v2\/categories?post=521004"},{"taxonomy":"post_tag","embeddable":true,"href":"https:\/\/www.europesays.com\/fr\/wp-json\/wp\/v2\/tags?post=521004"}],"curies":[{"name":"wp","href":"https:\/\/api.w.org\/{rel}","templated":true}]}}