{"id":521020,"date":"2025-11-08T17:42:10","date_gmt":"2025-11-08T17:42:10","guid":{"rendered":"https:\/\/www.europesays.com\/fr\/521020\/"},"modified":"2025-11-08T17:42:10","modified_gmt":"2025-11-08T17:42:10","slug":"le-ministre-de-linterieur-demande-une-vigilance-accrue-notamment-pres-des-salles-de-concert-et-des-lieux-de-fete","status":"publish","type":"post","link":"https:\/\/www.europesays.com\/fr\/521020\/","title":{"rendered":"le ministre de l\u2019Int\u00e9rieur demande une vigilance accrue, notamment pr\u00e8s des salles de concert et des lieux de f\u00eate"},"content":{"rendered":"<p>\n    <strong>INFO LE FIGARO &#8211;<\/strong> Laurent Nu\u00f1ez a demand\u00e9 aux directeurs de la police et de la gendarmerie d\u2019accro\u00eetre les mesures de s\u00e9curit\u00e9 \u00abdans un contexte de tensions int\u00e9rieures et internationales\u00bb.<\/p>\n<p class=\"fig-paragraph\">Alors que la France s\u2019appr\u00eate \u00e0 comm\u00e9morer les dix ans des<a href=\"http:\/\/www.lefigaro.fr\/actualite-france\/dix-ans-apres-les-attentats-du-13-novembre-avec-les-forces-d-elite-antiterroristes-qui-luttent-contre-l-hydre-islamiste-en-france-20251107\" target=\"_blank\" data-fig-type=\"Article\" rel=\"noopener\" data-gtm-custom-categorie=\"navigation\" data-gtm-custom-action=\"crossclick\" data-gtm-custom-label=\"Contextuel\" data-gtm-event=\"customEventSPE\" data-fig-domain=\"LEFIGARO\">\u00a0attentats les plus meurtriers qu\u2019elle ait connus<\/a>, le 13 novembre 2015, le ministre de l\u2019Int\u00e9rieur appelle \u00e0 une s\u00e9curit\u00e9 renforc\u00e9e \u00abdans un contexte de tensions int\u00e9rieures et internationales\u00bb. Laurent Nu\u00f1ez a adress\u00e9 vendredi un t\u00e9l\u00e9gramme aux directeurs de la police nationale et de la gendarmerie ainsi qu\u2019aux pr\u00e9fets, les enjoignant de renforcer les mesures de vigilance sur l\u2019ensemble du territoire, pour la semaine du 10 au 16 novembre 2025, r\u00e9v\u00e8le Le Figaro.<\/p>\n<p class=\"fig-paragraph\">Le ministre a notamment insist\u00e9 sur la s\u00e9curit\u00e9 accrue autour des \u00absalles de concert et des manifestations festives d\u2019ampleur\u00bb avec \u00abun dispositif adapt\u00e9\u00bb pour g\u00e9rer les contr\u00f4les de la foule. Ces lieux de f\u00eate devront faire l\u2019objet d\u2019une \u00abattention particuli\u00e8re des forces de s\u00e9curit\u00e9 int\u00e9rieure et des militaires de la force Sentinelle\u00bb. Une instruction qui trouve un \u00e9cho dans un projet d\u2019attentat r\u00e9cemment d\u00e9jou\u00e9 par la DGSI. Le 10 octobre, trois jeunes femmes \u00e2g\u00e9es de 18\u2026<\/p>\n<p class=\"fig-premium-paywall__infos\">\n        Cet article est r\u00e9serv\u00e9 aux abonn\u00e9s.        Il vous reste 57% \u00e0 d\u00e9couvrir.\n    <\/p>\n<p>                <img  data- alt=\"Le Figaro\" class=\"fig-img--complete fig-img\"\/><\/p>\n<p class=\"fig-premium-paywall__title\">Vous avez envie de lire la suite ?<\/p>\n<p class=\"fig-premium-paywall__subtitle\">D\u00e9bloquez tous les articles imm\u00e9diatement.<\/p>\n<p class=\"fig-premium-paywall__connect\">\n                D\u00e9j\u00e0 abonn\u00e9\u00a0?                <a class=\"fig-premium-paywall__connect-link\" href=\"https:\/\/connect.lefigaro.fr\/login?client=horizon_web&amp;type=main&amp;redirect_uri=https%3A%2F%2Fwww.lefigaro.fr%2Fflash-actu%2Fcommemorations-du-13-novembre-le-ministre-de-l-interieur-demande-une-vigilance-accrue-notamment-pres-des-salles-de-concert-et-des-lieux-de-fete-20251108\" data-js-gtm=\"{&quot;customCategorie&quot;: &quot;conversion&quot;, &quot;customAction&quot;: &quot;before_Landing_Connexion_paywall_auto&quot;, &quot;customLabel&quot;: &quot;bGVmaWdhcm8uZnJfXzFmMGJjYmJhLTBhZjEtNjBmOC05YWFlLTdkZDMxMGQ5M2NhOF9fTmV3c0ZsYXNo_Comm\u00e9morations du 13 Novembre\u00a0: le ministre de l\u2019Int\u00e9rieur demande une vigilance accrue, notamment pr\u00e8s des salles de concert et des lieux de f\u00eate_476&quot;, &quot;customIDSPE&quot;: &quot;bGVmaWdhcm8uZnJfXzFmMGJjYmJhLTBhZjEtNjBmOC05YWFlLTdkZDMxMGQ5M2NhOF9fTmV3c0ZsYXNo&quot;, &quot;event&quot;: &quot;customEventSPE&quot;}\" target=\"_blank\" rel=\"noopener\"><br \/>\n                    Connectez-vous<br \/>\n                <\/a>\n            <\/p>\n","protected":false},"excerpt":{"rendered":"INFO LE FIGARO &#8211; Laurent Nu\u00f1ez a demand\u00e9 aux directeurs de la police et de la gendarmerie d\u2019accro\u00eetre&hellip;\n","protected":false},"author":2,"featured_media":521021,"comment_status":"","ping_status":"","sticky":false,"template":"","format":"standard","meta":{"footnotes":""},"categories":[4],"tags":[64188,11,1011,27,12,25,656],"class_list":{"0":"post-521020","1":"post","2":"type-post","3":"status-publish","4":"format-standard","5":"has-post-thumbnail","7":"category-france","8":"tag-13-novembre","9":"tag-actualites","10":"tag-fr","11":"tag-france","12":"tag-news","13":"tag-republique-francaise","14":"tag-securite"},"share_on_mastodon":{"url":"","error":""},"_links":{"self":[{"href":"https:\/\/www.europesays.com\/fr\/wp-json\/wp\/v2\/posts\/521020","targetHints":{"allow":["GET"]}}],"collection":[{"href":"https:\/\/www.europesays.com\/fr\/wp-json\/wp\/v2\/posts"}],"about":[{"href":"https:\/\/www.europesays.com\/fr\/wp-json\/wp\/v2\/types\/post"}],"author":[{"embeddable":true,"href":"https:\/\/www.europesays.com\/fr\/wp-json\/wp\/v2\/users\/2"}],"replies":[{"embeddable":true,"href":"https:\/\/www.europesays.com\/fr\/wp-json\/wp\/v2\/comments?post=521020"}],"version-history":[{"count":0,"href":"https:\/\/www.europesays.com\/fr\/wp-json\/wp\/v2\/posts\/521020\/revisions"}],"wp:featuredmedia":[{"embeddable":true,"href":"https:\/\/www.europesays.com\/fr\/wp-json\/wp\/v2\/media\/521021"}],"wp:attachment":[{"href":"https:\/\/www.europesays.com\/fr\/wp-json\/wp\/v2\/media?parent=521020"}],"wp:term":[{"taxonomy":"category","embeddable":true,"href":"https:\/\/www.europesays.com\/fr\/wp-json\/wp\/v2\/categories?post=521020"},{"taxonomy":"post_tag","embeddable":true,"href":"https:\/\/www.europesays.com\/fr\/wp-json\/wp\/v2\/tags?post=521020"}],"curies":[{"name":"wp","href":"https:\/\/api.w.org\/{rel}","templated":true}]}}