{"id":521022,"date":"2025-11-08T17:43:12","date_gmt":"2025-11-08T17:43:12","guid":{"rendered":"https:\/\/www.europesays.com\/fr\/521022\/"},"modified":"2025-11-08T17:43:12","modified_gmt":"2025-11-08T17:43:12","slug":"andrew-dechu-mais-exigeant-il-pose-ses-conditions-avant-demmenager-a-sandringham","status":"publish","type":"post","link":"https:\/\/www.europesays.com\/fr\/521022\/","title":{"rendered":"Andrew : d\u00e9chu mais exigeant, il pose ses conditions avant d\u2019emm\u00e9nager \u00e0 Sandringham"},"content":{"rendered":"<p data-start=\"376\" data-end=\"718\">Celui qui fut autrefois prince<br \/>\nse fait d\u00e9sormais appeler Andrew Mountbatten-Windsor. Apr\u00e8s avoir<br \/>\nfait l\u2019objet de nombreux scandales, notamment en lien avec Jeffrey<br \/>\nEpstein, <a href=\"https:\/\/www.closermag.fr\/royautes\/andrew-perd-son-titre-de-prince-ses-filles-beatrice-et-eugenie-quittent-le-royaume-uni-a-pas-feutres-3590762\" target=\"_blank\" rel=\"noopener\"><br \/>\nle fr\u00e8re de Charles III a \u00e9t\u00e9 d\u00e9chu de ses titres.<\/a> Le roi lui a<br \/>\nretir\u00e9 son titre de prince, et son titre de duc d\u2019York n\u2019est plus<br \/>\nreconnu dans les registres officiels.<\/p>\n<p data-start=\"720\" data-end=\"962\">Mais ce n\u2019est pas tout. Alors<br \/>\nqu\u2019<strong>il r\u00e9sidait dans la Royal Lodge depuis plusieurs<br \/>\nann\u00e9es<\/strong>, il est d\u00e9sormais somm\u00e9 de quitter les lieux.<br \/>\nCependant, l\u2019ex de Sarah Ferguson a pos\u00e9 quelques conditions bien<br \/>\nsp\u00e9cifiques avant de faire ses valises.<\/p>\n<p><strong data-start=\"973\" data-end=\"1030\">Andrew : ses volont\u00e9s avant de quitter la Royal<br \/>\nLodge<\/strong><\/p>\n<p data-start=\"1032\" data-end=\"1602\">\u00c0 65 ans, Andrew doit<br \/>\nd\u00e9m\u00e9nager de s<a href=\"https:\/\/www.closermag.fr\/royautes\/prince-andrew-dechu-voici-a-quoi-ressemble-le-manoir-de-30-pieces-quil-doit-evacuer-avec-sarah-ferguson-photos-3590672\" target=\"_blank\" rel=\"noopener\">on<br \/>\nimmense r\u00e9sidence de trente chambres,<\/a> situ\u00e9e dans le parc de<br \/>\nWindsor. En 2003, il avait sign\u00e9 avec The Crown Estate un bail de 75 ans, lui<br \/>\naccordant d\u2019occuper la propri\u00e9t\u00e9 jusqu\u2019en 2078, en \u00e9change d\u2019un<br \/>\nloyer symbolique (un peppercorn) et apr\u00e8s avoir vers\u00e9 environ 1 million de<br \/>\nlivres pour le bail et 7,5 millions pour des r\u00e9novations. Apr\u00e8s<br \/>\navoir perdu ses titres, il s\u2019appr\u00eate \u00e0 <a href=\"https:\/\/www.closermag.fr\/royautes\/prince-andrew-humilie-on-sait-enfin-ou-il-pose-ses-valises-et-ca-na-plus-rien-de-royal-photos-3590707\" target=\"_blank\" rel=\"noopener\"><br \/>\nemm\u00e9nager dans une propri\u00e9t\u00e9 du domaine priv\u00e9 de Sandringham,<\/a><br \/>\ndans le Norfolk, qui, selon le <a href=\"https:\/\/www.dailymail.co.uk\/news\/royals\/article-15270659\/Andrew-hardball-Fergie-Beatrice-Eugenie.html\" target=\"_blank\" rel=\"nofollow noopener\">Daily Mail,<\/a> sera financ\u00e9e par le roi<br \/>\nCharles III.<\/p>\n<p data-start=\"1604\" data-end=\"2181\">Ce d\u00e9part ne se fait<br \/>\napparemment pas sans conditions. Le p\u00e8re de B\u00e9atrice et Eug\u00e9nie<br \/>\ninsiste pour avoir acc\u00e8s \u00e0 un \u00ab <strong>logement convenable et un personnel<br \/>\nadapt\u00e9<\/strong> \u00bb. Selon nos confr\u00e8res, il aurait demand\u00e9 \u00e0<br \/>\n<strong>avoir avec lui un cuisinier, une gouvernante, un jardinier<br \/>\net m\u00eame un majordome.<\/strong> Il aimerait soit avoir son propre<br \/>\npersonnel, soit embaucher des personnes qui travaillent d\u00e9j\u00e0 pour<br \/>\nla famille royale. Ce n\u2019est pas tout. En plus de demander du<br \/>\npersonnel, l\u2019ex-mari de Sarah Ferguson souhaiterait <strong>avoir<br \/>\nla libert\u00e9 de circuler, au lieu d\u2019\u00eatre confin\u00e9 dans ses<br \/>\nappartements.<\/strong><\/p>\n<p><strong data-start=\"2192\" data-end=\"2229\">Andrew, envoy\u00e9 loin de<br \/>\nBuckingham<\/strong><\/p>\n<p data-start=\"2231\" data-end=\"2431\">Si Andrew ne sera pas mal<br \/>\nlog\u00e9, il sera cependant loin de tout. Sur la BBC, le biographe<br \/>\nroyal Robert Hardman a plaisant\u00e9 en disant : \u00ab Il a \u00e9t\u00e9 envoy\u00e9 [\u2026] dans <strong>l\u2019\u00e9quivalent<br \/>\nroyal de la Sib\u00e9rie.<\/strong> \u00bb<\/p>\n<p data-start=\"2433\" data-end=\"2665\">De son c\u00f4t\u00e9, Sarah Ferguson,<br \/>\navec qui il habitait malgr\u00e9 le divorce, perd aussi son titre de<br \/>\nduchesse et doit \u00e9galement quitter la Royal Lodge. Elle prendra<br \/>\napparemment ses propres dispositions pour trouver un nouveau lieu<br \/>\nde vie.<\/p>\n","protected":false},"excerpt":{"rendered":"Celui qui fut autrefois prince se fait d\u00e9sormais appeler Andrew Mountbatten-Windsor. Apr\u00e8s avoir fait l\u2019objet de nombreux scandales,&hellip;\n","protected":false},"author":2,"featured_media":502472,"comment_status":"","ping_status":"","sticky":false,"template":"","format":"standard","meta":{"footnotes":""},"categories":[2],"tags":[11,1011,27,12,546],"class_list":{"0":"post-521022","1":"post","2":"type-post","3":"status-publish","4":"format-standard","5":"has-post-thumbnail","7":"category-actualites","8":"tag-actualites","9":"tag-fr","10":"tag-france","11":"tag-news","12":"tag-prince-andrew"},"share_on_mastodon":{"url":"https:\/\/pubeurope.com\/@fr\/115515320173004327","error":""},"_links":{"self":[{"href":"https:\/\/www.europesays.com\/fr\/wp-json\/wp\/v2\/posts\/521022","targetHints":{"allow":["GET"]}}],"collection":[{"href":"https:\/\/www.europesays.com\/fr\/wp-json\/wp\/v2\/posts"}],"about":[{"href":"https:\/\/www.europesays.com\/fr\/wp-json\/wp\/v2\/types\/post"}],"author":[{"embeddable":true,"href":"https:\/\/www.europesays.com\/fr\/wp-json\/wp\/v2\/users\/2"}],"replies":[{"embeddable":true,"href":"https:\/\/www.europesays.com\/fr\/wp-json\/wp\/v2\/comments?post=521022"}],"version-history":[{"count":0,"href":"https:\/\/www.europesays.com\/fr\/wp-json\/wp\/v2\/posts\/521022\/revisions"}],"wp:featuredmedia":[{"embeddable":true,"href":"https:\/\/www.europesays.com\/fr\/wp-json\/wp\/v2\/media\/502472"}],"wp:attachment":[{"href":"https:\/\/www.europesays.com\/fr\/wp-json\/wp\/v2\/media?parent=521022"}],"wp:term":[{"taxonomy":"category","embeddable":true,"href":"https:\/\/www.europesays.com\/fr\/wp-json\/wp\/v2\/categories?post=521022"},{"taxonomy":"post_tag","embeddable":true,"href":"https:\/\/www.europesays.com\/fr\/wp-json\/wp\/v2\/tags?post=521022"}],"curies":[{"name":"wp","href":"https:\/\/api.w.org\/{rel}","templated":true}]}}