{"id":521037,"date":"2025-11-08T17:53:09","date_gmt":"2025-11-08T17:53:09","guid":{"rendered":"https:\/\/www.europesays.com\/fr\/521037\/"},"modified":"2025-11-08T17:53:09","modified_gmt":"2025-11-08T17:53:09","slug":"ces-passionnes-de-romans-damour-ont-eu-le-coup-de-foudre","status":"publish","type":"post","link":"https:\/\/www.europesays.com\/fr\/521037\/","title":{"rendered":"ces passionn\u00e9s de romans d&rsquo;amour ont eu le coup de foudre"},"content":{"rendered":"<p>            Par<br \/>\n        <strong><br \/>\n            <a href=\"https:\/\/actu.fr\/auteur\/journaliste-liberte\" title=\"Consulter tous les articles de R\u00e9daction Caen\" target=\"_blank\" rel=\"noopener\">R\u00e9daction Caen<\/a><br \/>\n        <\/strong><\/p>\n<p>        Publi\u00e9 le<\/p>\n<p>            8 nov. 2025 \u00e0 17h40        <\/p>\n<p><b>Apr\u00e8s avoir conquis les Rouennais d\u00e9but 2024, <\/b>\u00c9dith Bravard ouvrait une seconde librairie sp\u00e9cialis\u00e9e \u00e0 <a href=\"https:\/\/actu.fr\/normandie\/caen_14118\" target=\"_blank\" rel=\"noopener\">Caen<\/a> (Calvados) quelques mois plus tard. Depuis, <a href=\"https:\/\/www.lencreducoeur.fr\/bookstore\/show\/4\" target=\"_blank\" rel=\"noopener\">l\u2019Encre de c\u0153ur<\/a> ne d\u00e9semplit pas, notamment lors des nombreux \u00e9v\u00e8nements propos\u00e9s par l\u2019\u00e9quipe.\u00a0<\/p>\n<p>\u00ab On sait qu\u2019on va passer un bon moment \u00bb<\/p>\n<p class=\" wall-content\">Implant\u00e9e \u00e0 Caen depuis un an, l\u2019Encre de c\u0153ur est<b> une librairie sp\u00e9cialis\u00e9e dans la romance, avec un choix de plus de 2 000 r\u00e9f\u00e9rences<\/b> et des goodies (sacs, pin\u2019s, accessoires\u2026) r\u00e9partis dans un local de 40 m\u00b2.<\/p>\n<p class=\" wall-content\">\u00ab Quand on rentre ici, on sait qu\u2019on va passer un bon moment \u00bb, glisse une habitu\u00e9e. <b>\u00ab C\u2019est un vrai temple \u00bb<\/b>, ajoute Charline, une cliente fid\u00e8le \u00e2g\u00e9e de 24 ans. Romantasy, dark romance, enemies to lovers, mangas, webtoon\u2026 \u00ab On retrouve une diversit\u00e9 de genres qui n\u2019existait pas \u00e0 Caen \u00bb, assure Leyilou, 26 ans. Evelyne Jones, une autrice caennaise de romance, confirme :<\/p>\n<blockquote class=\"ac-article-quote wall-content\">\n<p>Ici, on a du choix, les \u00e9v\u00e9nements sont r\u00e9guliers et ceux qui y participent sont toujours tr\u00e8s ouverts.\u00a0<\/p>\n<p>Evelyne Jones<\/p><\/blockquote>\n<p>\u00ab On peut \u00e9changer et se faire des copines \u00bb<\/p>\n<p class=\" wall-content\"><b>R\u00e9guli\u00e8rement, des d\u00e9dicaces et autres clubs de lecture sont organis\u00e9s, toujours avec beaucoup de succ\u00e8s.<\/b> Le lieu joue la carte de la convivialit\u00e9 pour fid\u00e9liser sa client\u00e8le et \u00e7a fonctionne. \u00ab C\u2019est un point de ralliement, o\u00f9 l\u2019on peut rencontrer des auteures et d\u2019autres lectrices, c\u2019est vraiment g\u00e9nial \u00bb, s\u2019enthousiasme Margot, 23 ans. \u00ab On est toutes un peu introverties, confie Oc\u00e9ane. Ici, on peut \u00e9changer et se faire des copines. \u00bb Un mot d\u2019ordre : le partage.<\/p>\n<blockquote class=\"ac-article-quote wall-content\">\n<p>Je n\u2019aurais jamais essay\u00e9 certains livres si on ne me les avait pas recommand\u00e9s.<\/p>\n<p>Leyilou<\/p><\/blockquote>\n<p>Votre r\u00e9gion, votre actu !<\/p>\n<p>Recevez chaque jour les infos qui comptent pour vous.<\/p>\n<p>\t<a href=\"https:\/\/actu.fr\/newsletter\" class=\"ac-btn ac-btn--corner ac-btn--medium ac-btn--blue800\" target=\"_blank\" rel=\"noopener\">S&rsquo;incrire<\/a><\/p>\n<p class=\" wall-content\">Pour \u00c9meline, la responsable, le succ\u00e8s de la librairie s\u2019explique aussi par sa sp\u00e9cialisation dans la romance. \u00ab Les clients viennent pour le conseil et l\u2019\u00e9change, et on adore les voir repartir avec le sourire. \u00bb Pr\u00e9sidente de l\u2019association Caen Lit-On, Camille, 29 ans, avance que l\u2019Encre du c\u0153ur \u00ab est un refuge pour beaucoup de personnes \u00bb.<\/p>\n<blockquote class=\"ac-article-quote wall-content\">\n<p>Et les auteurs et autrices de romance sont tr\u00e8s preneurs de rencontres, ce qui facilite les \u00e9v\u00e8nements.\u00a0<\/p>\n<\/blockquote>\n<p>Un genre litt\u00e9raire sans aucune limite<\/p>\n<p class=\" wall-content\">La passion pour les romans d\u2019amour rassemble au-del\u00e0 des mots. \u00ab Toutes les histoires et mani\u00e8res d\u2019aimer sont permises, estime Charline. Ces lectures permettent d\u2019ouvrir l\u2019esprit et cachent souvent des messages importants. \u00bb Camille lui emboite le pas :<\/p>\n<blockquote class=\"ac-article-quote wall-content\">\n<p>La romance peut couvrir des sujets soci\u00e9taux, d\u2019actualit\u00e9, politique, de diversit\u00e9\u2026 Elle est parfois plus \u00e0 la page que d\u2019autres genres.\u00a0<\/p>\n<p>Camille<\/p><\/blockquote>\n<p class=\" wall-content\"><b>Des histoires qui peuvent \u00eatre aussi bien \u00eatre contemporaines, historiques que fantastiques.<\/b> Loin d\u2019\u00eatre d\u00e9su\u00e8tes, les romances ne manquent pas d\u2019originalit\u00e9 et chaque lecteur y trouve son compte. Evelyne aime particuli\u00e8rement \u00ab les happy-ends et l\u2019\u00e9vasion \u00bb ; Margot est plus sensible \u00ab \u00e0 la psychologie des personnages \u00bb ; alors qu\u2019Elea veut d\u00e9couvrir l\u2019humain \u00ab dans ses \u00e9motions les plus extr\u00eames \u00bb. <b>Peu importe le flacon tant qu\u2019on a l\u2019ivresse des \u00e9motions !\u00a0<\/b><\/p>\n<p>L\u2019Encre du c\u0153ur, 25 rue \u00c9cuy\u00e8re, \u00e0 Caen (Calvados). Ouvert du mardi au samedi, de 11h \u00e0 19h. Plus d\u2019infos sur le site <a href=\"https:\/\/www.lencreducoeur.fr\/bookstore\/show\/4\" target=\"_blank\" rel=\"noopener\">www.lencreducoeur.fr<\/a>.<\/p>\n<p class=\" wall-content\">Personnalisez votre actualit\u00e9 en ajoutant vos villes et m\u00e9dias en favori avec <a href=\"https:\/\/moncompte.actu.fr\" title=\"D\u00e9couvez Mon Actu\" rel=\"nofollow noopener\" data-trk=\"{&quot;cta&quot;:{&quot;action&quot;:&quot;https:\\\/\\\/moncompte.actu.fr&quot;,&quot;category&quot;:&quot;mon compte&quot;,&quot;from&quot;:&quot;article footer&quot;,&quot;name&quot;:&quot;Mon actu&quot;,&quot;type&quot;:&quot;cta&quot;}}\" target=\"_blank\">Mon Actu<\/a>.<\/p>\n","protected":false},"excerpt":{"rendered":"Par R\u00e9daction Caen Publi\u00e9 le 8 nov. 2025 \u00e0 17h40 Apr\u00e8s avoir conquis les Rouennais d\u00e9but 2024, \u00c9dith&hellip;\n","protected":false},"author":2,"featured_media":521038,"comment_status":"","ping_status":"","sticky":false,"template":"","format":"standard","meta":{"footnotes":""},"categories":[9587],"tags":[1111,11,5492,33,1777,674,1011,27,1380,12,5161,3147,25,9590],"class_list":{"0":"post-521037","1":"post","2":"type-post","3":"status-publish","4":"format-standard","5":"has-post-thumbnail","7":"category-rouen","8":"tag-actu","9":"tag-actualites","10":"tag-caen","11":"tag-economie","12":"tag-eu","13":"tag-europe","14":"tag-fr","15":"tag-france","16":"tag-livres","17":"tag-news","18":"tag-normandie","19":"tag-nouveaux-commerces","20":"tag-republique-francaise","21":"tag-rouen"},"share_on_mastodon":{"url":"https:\/\/pubeurope.com\/@fr\/115515359584205207","error":""},"_links":{"self":[{"href":"https:\/\/www.europesays.com\/fr\/wp-json\/wp\/v2\/posts\/521037","targetHints":{"allow":["GET"]}}],"collection":[{"href":"https:\/\/www.europesays.com\/fr\/wp-json\/wp\/v2\/posts"}],"about":[{"href":"https:\/\/www.europesays.com\/fr\/wp-json\/wp\/v2\/types\/post"}],"author":[{"embeddable":true,"href":"https:\/\/www.europesays.com\/fr\/wp-json\/wp\/v2\/users\/2"}],"replies":[{"embeddable":true,"href":"https:\/\/www.europesays.com\/fr\/wp-json\/wp\/v2\/comments?post=521037"}],"version-history":[{"count":0,"href":"https:\/\/www.europesays.com\/fr\/wp-json\/wp\/v2\/posts\/521037\/revisions"}],"wp:featuredmedia":[{"embeddable":true,"href":"https:\/\/www.europesays.com\/fr\/wp-json\/wp\/v2\/media\/521038"}],"wp:attachment":[{"href":"https:\/\/www.europesays.com\/fr\/wp-json\/wp\/v2\/media?parent=521037"}],"wp:term":[{"taxonomy":"category","embeddable":true,"href":"https:\/\/www.europesays.com\/fr\/wp-json\/wp\/v2\/categories?post=521037"},{"taxonomy":"post_tag","embeddable":true,"href":"https:\/\/www.europesays.com\/fr\/wp-json\/wp\/v2\/tags?post=521037"}],"curies":[{"name":"wp","href":"https:\/\/api.w.org\/{rel}","templated":true}]}}