{"id":521041,"date":"2025-11-08T17:55:20","date_gmt":"2025-11-08T17:55:20","guid":{"rendered":"https:\/\/www.europesays.com\/fr\/521041\/"},"modified":"2025-11-08T17:55:20","modified_gmt":"2025-11-08T17:55:20","slug":"metropole-de-grenoble-certaines-dechetteries-fermees-ce-lundi","status":"publish","type":"post","link":"https:\/\/www.europesays.com\/fr\/521041\/","title":{"rendered":"M\u00e9tropole de Grenoble. Certaines d\u00e9chetteries ferm\u00e9es ce lundi\u00a0?"},"content":{"rendered":"<p>En raison d\u2019un mouvement social national, \u201ccertaines d\u00e9chetteries pourraient \u00eatre ponctuellement ferm\u00e9es le lundi 10\u00a0novembre\u201d, annonce Grenoble Alpes M\u00e9tropole.<\/p>\n<p>Pour savoir quelles d\u00e9chetteries (parmi les 19 que compte la m\u00e9tropole) seraient concern\u00e9es, vous pouvez vous rendre lundi matin sur le site de l\u2019intercommunalit\u00e9 (www.grenoblealpesmetropole.fr ), sur la page consacr\u00e9e aux d\u00e9chetteries.<\/p>\n<p>\u00c0 noter que pour les sites concern\u00e9s, ce mouvement induira trois jours cons\u00e9cutifs de fermeture, puisque les d\u00e9chetteries ne sont pas ouvertes les dimanches et jours f\u00e9ri\u00e9s (11-Novembre inclus).<\/p>\n","protected":false},"excerpt":{"rendered":"En raison d\u2019un mouvement social national, \u201ccertaines d\u00e9chetteries pourraient \u00eatre ponctuellement ferm\u00e9es le lundi 10\u00a0novembre\u201d, annonce Grenoble Alpes&hellip;\n","protected":false},"author":2,"featured_media":521042,"comment_status":"","ping_status":"","sticky":false,"template":"","format":"standard","meta":{"footnotes":""},"categories":[9566],"tags":[1111,11,2430,21751,21753,31403,34631,9600,9671,29532,12492,9852,112,113,436,1777,674,12390,9592,12127,1011,27,12505,2731,2732,21752,17480,12297,16047,3294,21293,9597,16046,38257,38258,29431,12,38259,38260,21900,29032,17223,25352,25,38261,275,30101,9448,9612,16045,38262,25353,16668,38263,16735,12277,801,104,13056,38264,24693,22780,16262,1986,35595],"class_list":{"0":"post-521041","1":"post","2":"type-post","3":"status-publish","4":"format-standard","5":"has-post-thumbnail","7":"category-grenoble","8":"tag-actu","9":"tag-actualites","10":"tag-auvergne-rhone-alpes","11":"tag-bresson","12":"tag-brie-et-angonnes","13":"tag-champ-sur-drac","14":"tag-champagnier","15":"tag-claix","16":"tag-conflit-social","17":"tag-corenc","18":"tag-domene","19":"tag-echirolles","20":"tag-edition-grenoble-agglomeration","21":"tag-edition-gresivaudan-oisans","22":"tag-environnement","23":"tag-eu","24":"tag-europe","25":"tag-eybens","26":"tag-fontaine","27":"tag-fontanil-cornillon","28":"tag-fr","29":"tag-france","30":"tag-gieres","31":"tag-grenoble","32":"tag-grenoble-bassin","33":"tag-herbeys","34":"tag-jarrie","35":"tag-la-tronche","36":"tag-le-gua","37":"tag-le-pont-de-claix","38":"tag-le-sappey-en-chartreuse","39":"tag-meylan","40":"tag-miribel-lanchatre","41":"tag-mont-saint-martin","42":"tag-montchaboud","43":"tag-murianette","44":"tag-news","45":"tag-notre-dame-de-commiers","46":"tag-notre-dame-de-mesage","47":"tag-noyarey","48":"tag-poisat","49":"tag-proveysieux","50":"tag-quaix-en-chartreuse","51":"tag-republique-francaise","52":"tag-saint-barthelemy-de-sechilienne","53":"tag-saint-egreve","54":"tag-saint-georges-de-commiers","55":"tag-saint-martin-dheres","56":"tag-saint-martin-le-vinoux","57":"tag-saint-paul-de-varces","58":"tag-saint-pierre-de-mesage","59":"tag-sarcenas","60":"tag-sassenage","61":"tag-sechilienne","62":"tag-seyssinet-pariset","63":"tag-seyssins","64":"tag-social","65":"tag-societe","66":"tag-varces-allieres-et-risset","67":"tag-vaulnaveys-le-bas","68":"tag-vaulnaveys-le-haut","69":"tag-venon","70":"tag-veurey-voroize","71":"tag-vif","72":"tag-vizille"},"share_on_mastodon":{"url":"","error":"Validation failed: Text character limit of 500 exceeded"},"_links":{"self":[{"href":"https:\/\/www.europesays.com\/fr\/wp-json\/wp\/v2\/posts\/521041","targetHints":{"allow":["GET"]}}],"collection":[{"href":"https:\/\/www.europesays.com\/fr\/wp-json\/wp\/v2\/posts"}],"about":[{"href":"https:\/\/www.europesays.com\/fr\/wp-json\/wp\/v2\/types\/post"}],"author":[{"embeddable":true,"href":"https:\/\/www.europesays.com\/fr\/wp-json\/wp\/v2\/users\/2"}],"replies":[{"embeddable":true,"href":"https:\/\/www.europesays.com\/fr\/wp-json\/wp\/v2\/comments?post=521041"}],"version-history":[{"count":0,"href":"https:\/\/www.europesays.com\/fr\/wp-json\/wp\/v2\/posts\/521041\/revisions"}],"wp:featuredmedia":[{"embeddable":true,"href":"https:\/\/www.europesays.com\/fr\/wp-json\/wp\/v2\/media\/521042"}],"wp:attachment":[{"href":"https:\/\/www.europesays.com\/fr\/wp-json\/wp\/v2\/media?parent=521041"}],"wp:term":[{"taxonomy":"category","embeddable":true,"href":"https:\/\/www.europesays.com\/fr\/wp-json\/wp\/v2\/categories?post=521041"},{"taxonomy":"post_tag","embeddable":true,"href":"https:\/\/www.europesays.com\/fr\/wp-json\/wp\/v2\/tags?post=521041"}],"curies":[{"name":"wp","href":"https:\/\/api.w.org\/{rel}","templated":true}]}}