{"id":521049,"date":"2025-11-08T17:59:33","date_gmt":"2025-11-08T17:59:33","guid":{"rendered":"https:\/\/www.europesays.com\/fr\/521049\/"},"modified":"2025-11-08T17:59:33","modified_gmt":"2025-11-08T17:59:33","slug":"a-strasbourg-coup-de-coeur-pour-les-talents-de-tanguy-chene","status":"publish","type":"post","link":"https:\/\/www.europesays.com\/fr\/521049\/","title":{"rendered":"\u00e0 Strasbourg, coup de coeur pour les talents de Tanguy Ch\u00eane"},"content":{"rendered":"<p><b>Avant de d\u00e9couvrir Tanguy Ch\u00eane, sous le maquillage et les artifices, l\u2019histoire commence avec un coup de c\u0153ur pour Graphic Dee, sur sc\u00e8ne. Deux identit\u00e9s qui n\u2019en font qu\u2019une, au service d\u2019une pratique artistique plurielle et dont les expressions s\u2019entrem\u00ealent. Graphisme, drag, illustration ou photo : \u00e0 Strasbourg, d\u00e9couverte d\u2019un talent \u00e0 la palette remplie de paillettes.<\/b><b\/><\/p>\n<p><strong>\u00c0 Strasbourg, Tanguy Ch\u00eane y arrive fin 2011 pour ses \u00e9tudes,<\/strong> apr\u00e8s des crochets par la Suisse et le Canada. \u00ab J\u2019ai eu le sentiment en arrivant que j\u2019avais trouv\u00e9 ma ville de c\u0153ur et ce sentiment n\u2019a pas chang\u00e9. \u00bb\u00a0Depuis, l\u2019artiste de 32 ans s\u2019y \u00e9panouit et y explore une vari\u00e9t\u00e9 de disciplines, parfois<b> sur sc\u00e8ne \u00e0 faire le show<\/b>, parfois <b>dans des expos<\/b>, ou dans l\u2019ombre de structures culturelles de la ville.<\/p>\n<p>Et lorsqu\u2019on lui demande de d\u00e9finir sa pratique, \u00ab\u00a0c\u2019est toujours difficile \u00e0 pr\u00e9senter parce qu\u2019elle est \u00e0 la crois\u00e9e de diff\u00e9rents domaines\u00a0\u00bb. Mais s\u2019il fallait le dire en quelques mots\u00a0: <b>\u00ab Artiste plasticien(ne) et graphiste. \u00bb<\/b><\/p>\n<p>    <img width=\"480\" height=\"600\" src=\"https:\/\/www.europesays.com\/fr\/wp-content\/uploads\/2025\/11\/tanguychene-portrait-2025-480x600.jpg\" class=\"attachment-image-size-M size-image-size-M\" alt=\"Tanguy Ch\u00eane\" decoding=\"async\" loading=\"lazy\"  \/>         Tanguy Ch\u00eane. \u00a9 Tanguy Ch\u00eane \/ Document remis <\/p>\n<p>Cr\u00e9er\u00a0? \u00ab \u00c7a s\u2019est fait naturellement. Mes parents me racontent r\u00e9guli\u00e8rement qu\u2019<b>enfant, je passais mes journ\u00e9es \u00e0 dessiner <\/b>ou que<b> j\u2019imaginais des spectacles pour mes grands-parents. <\/b>\u00bb D\u2019abord \u00ab\u00a0cantonn\u00e9e qu\u2019aux temps extrascolaires\u00a0\u00bb, sa pratique artistique s\u2019est \u00e9mancip\u00e9e d\u00e8s le d\u00e9but de ses \u00e9tudes\u00a0:<\/p>\n<p>\u00ab\u00a0<b>Quand j\u2019ai pu me consacrer \u00e0 \u00e7a, j\u2019ai eu envie de tout faire <\/b>! Et d\u2019une certaine mani\u00e8re, \u00e7a ne m\u2019a jamais quitt\u00e9, j\u2019ai toujours fait en sorte de <b>m\u2019\u00e9loigner des m\u00e9diums attendus <\/b>par telle ou telle pratique artistique, de <b>provoquer des m\u00e9langes des genres<\/b>. <b>Je ne voulais pas choisir entre le graphisme et l\u2019illustration, ou entre l\u2019image et la sc\u00e8ne<\/b>\u2026 Et de fil en aiguille, j\u2019ai construit une pratique qui est travers\u00e9e par des domaines assez diff\u00e9rents. \u00bb<\/p>\n<p>    <img width=\"480\" height=\"600\" src=\"https:\/\/www.europesays.com\/fr\/wp-content\/uploads\/2025\/11\/tanguychene-graphicdee-zine-1-480x600.jpg\" class=\"attachment-image-size-M size-image-size-M\" alt=\"Tanguy Ch\u00eane + graphic dee\" decoding=\"async\" loading=\"lazy\"  \/>         Fanzine \u00ab Graphic Dee \u00bb. \u00a9 Tanguy Ch\u00eane \/ Document remis <\/p>\n<p>Travestir la r\u00e9alit\u00e9\u00a0: l&rsquo;image, comme premier m\u00e9dium<\/p>\n<p><b>Son travail brouille non seulement les fronti\u00e8res du genre, mais aussi les pratiques artistiques entre elles<\/b>. Photo, performance, graphisme. Mais laquelle a initi\u00e9 l\u2019autre ? Tanguy y raconte un int\u00e9r\u00eat premier pour l\u2019image. Une chose h\u00e9rit\u00e9e de sa pratique du dessin, encore enfant :<\/p>\n<p>\u00ab On te fait dessiner et \u00e7a structure ton rapport \u00e0 l\u2019image. <b>Je pensais que je voulais surtout dessiner<\/b>, et notamment faire de l\u2019illustration et de la BD\u2026. <b>Et puis j\u2019ai d\u00e9couvert le graphisme<\/b>. \u00c7a m\u2019a tout de suite plu. Tu as tout un tas d\u2019ingr\u00e9dients visuels que tu peux \u2018cuisiner\u2019 ensemble,<b> c\u2019\u00e9tait plus en ad\u00e9quation avec ma mani\u00e8re de <\/b><strong>cr\u00e9e<\/strong><strong>r. <\/strong>\u00bb<\/p>\n<p>    <img width=\"800\" height=\"609\" src=\"https:\/\/www.europesays.com\/fr\/wp-content\/uploads\/2025\/11\/tanguychene-inact2024-800x609.jpg\" class=\"attachment-image-size-L size-image-size-L\" alt=\"Tanguy Ch\u00eane\" decoding=\"async\" loading=\"lazy\"  \/>         Identit\u00e9 visuelle cr\u00e9\u00e9e pour l&rsquo;\u00e9dition 2024 du festival INACT. \u00a9 Tanguy Ch\u00eane \/ Document remis <\/p>\n<p>La photo, quant \u00e0 elle, est arriv\u00e9e beaucoup plus tard, bien qu\u2019iel ait \u00ab\u00a0tout le temps utilis\u00e9 ce m\u00e9dium comme un outil pour garder trace de [ses] productions\u00a0\u00bb, avec <b>le <\/b><b>\u00ab sentiment d\u2019\u00eatre moins dans la cr\u00e9ation avec la photo, d\u2019\u00eatre uniquement l\u00e0 pour capter le r\u00e9el \u00bb<\/b>.<\/p>\n<p>Tanguy explique : \u00ab Il m\u2019a fallu un peu de temps pour r\u00e9aliser qu\u2019<b>en photographiant, tu transformes aussi le r\u00e9el.<\/b> <b>C\u2019est le drag qui m\u2019a aid\u00e9 \u00e0 comprendre \u00e7a<\/b>. Quand j\u2019ai commenc\u00e9 \u00e0 faire des autoportraits en drag, j\u2019ai tout de suite saisi la mani\u00e8re dont <b>on peut raconter une histoire \u00e0 travers un seul tableau photographique.<\/b> \u00bb<\/p>\n<p>Aujourd\u2019hui, qu\u2019il s\u2019agisse de la photo, du drag, du graphisme ou de l\u2019illustration, Tanguy confie qu\u2019elles \u00ab\u00a0servent <b>une vision artistique <\/b>[qu\u2019iel] essaie de rendre coh\u00e9rente\u00a0\u00bb.<\/p>\n<p>    <img width=\"480\" height=\"600\" src=\"https:\/\/www.europesays.com\/fr\/wp-content\/uploads\/2025\/11\/tanguychene-carnavalmaiscestlavie-480x600.jpg\" class=\"attachment-image-size-M size-image-size-M\" alt=\"Tanguy Ch\u00eane + Graphic Dee\" decoding=\"async\" loading=\"lazy\"  \/>         Extrait de la vid\u00e9o \u00ab Carnaval mais c&rsquo;est la vie \u00bb, 2021. \u00a9 Tanguy Ch\u00eane \/ Document remis <\/p>\n<p>Graphic Dee\u00a0: l&rsquo;autre soi<\/p>\n<p>Impossible de parler de Tanguy, sans \u00e9voquer <b>Graphic Dee, son <\/b><b>alter ego<\/b><b> sc\u00e9nique<\/b>.<\/p>\n<p>C\u2019est un stage \u00e0 Montr\u00e9al, en 2017, qui lui ouvre les portes du drag. La pratique est alors peu connue. Mais \u00e0 son retour en France, c\u2019est en parlant avec sa grande amie <b>Garance Coquart-Pocztar, <\/b>aussi connue sous le nom de <b>Vendredi 13 <\/b>et\u00a0qui connaissait cet univers, que <b>le duo d\u00e9cide d\u2019organiser un drag show <\/b>pour l\u2019anniversaire de celle-ci, d\u00e9but 2018. \u00ab Et c\u2019est comme \u00e7a que \u00e7a a commenc\u00e9. \u00bb<\/p>\n<p>    <img width=\"800\" height=\"602\" src=\"https:\/\/www.europesays.com\/fr\/wp-content\/uploads\/2025\/11\/pxl-20240511-21132783421-800x602.jpg\" class=\"attachment-image-size-L size-image-size-L\" alt=\"House of Diamonds + graphic dee\" decoding=\"async\" loading=\"lazy\"  \/>         Graphic Dee et la House of Diamonds au Phare Citadelle (mai 2024). \u00a9 Fanny Soriano \/ Pokaa <\/p>\n<p><b>Si la House of Diamonds n\u2019a trouv\u00e9 son nom que fin 2019, Graphic Dee trouve le sien <\/b><b>d\u00e8s le d\u00e9but<\/b>.<\/p>\n<p>\u00c0 l\u2019\u00e9poque, alors que l\u2019artiste a le sentiment d\u2019abandonner peu \u00e0 peu le design graphique, iel voit dans ce nom une mani\u00e8re de garder le lien avec son pass\u00e9, <strong>Graphic Dee venant de \u00ab graphic design \u00bb en anglais.<\/strong><\/p>\n<p>    <img width=\"450\" height=\"600\" src=\"https:\/\/www.europesays.com\/fr\/wp-content\/uploads\/2025\/11\/tanguychene-graphicdee-feenb-2024-450x600.jpg\" class=\"attachment-image-size-M size-image-size-M\" alt=\"Tanguy Ch\u00eane + graphic dee\" decoding=\"async\" loading=\"lazy\"  \/>         Graphic Dee. \u00a9 Tanguy Ch\u00eane \/ Document remis <\/p>\n<p>Cette id\u00e9e r\u00e9pond aussi \u00e0 son envie d\u2019 <b>\u00ab\u00a0un nom qui ne fasse pas humain\u00a0\u00bb<\/b><b>\u00a0<\/b>:<\/p>\n<p>\u00ab Si, \u00e0 l\u2019\u00e9poque, je m\u2019inspirais beaucoup des drag queens, <b>j\u2019avais d\u00e9j\u00e0 l\u2019intuition que je voulais un personnage qui pourrait \u00e9voluer, d\u00e9passer ses limites<\/b>. Graphic n\u2019a pas vraiment d\u2019identit\u00e9 propre, j\u2019aime dire que je suis d\u00e9guis\u00e9(e) en Graphic qui est ellui-m\u00eame d\u00e9guis\u00e9(e) en f\u00e9e, sorci\u00e8re, dragon, fleur, etc. <b>C\u2019est une coquille qui me permet en fait d\u2019explorer tout un tas de personnages diff\u00e9rents. <\/b>\u00bb<\/p>\n<p>Quand on lui demande si et comment ce personnage a chang\u00e9 sa pratique, Tanguy confie que \u00e7a lui a permis d\u2019\u00ab\u00a0\u00e9voluer dans [sa] mani\u00e8re d\u2019aborder l\u2019illustration\u00a0\u00bb.<\/p>\n<p>\u00ab\u00a0<b>Avec le maquillage, j\u2019ai pu me sentir l\u00e9gitime \u00e0 faire de l\u2019illustration abstraite<\/b>. C\u2019est aussi la premi\u00e8re fois que j\u2019avais vraiment l\u2019impression de<b> trouver mon style<\/b>\u00a0\u00bb, explique <b>l\u2019artiste, qui d\u00e9couvre par la m\u00eame occasion la sc\u00e8ne<\/b>.<\/p>\n<p>    <img width=\"480\" height=\"600\" src=\"https:\/\/www.europesays.com\/fr\/wp-content\/uploads\/2025\/11\/tanguychene-suaieur-expo-lastation-480x600.jpg\" class=\"attachment-image-size-M size-image-size-M\" alt=\"Tanguy Ch\u00eane\" decoding=\"async\" loading=\"lazy\"  \/>         Exposition \u00ab Su(ai\/eu)rs \u00bb \u00e0 La Station (janvier \u00e0 mars 2025), le transfert sur lingettes de ses maquillages \u00e0 la fin de chaque show. \u00a9 Tanguy Ch\u00eane \/ Document remis <\/p>\n<p>\u00ab\u00a0<b>\u00c7a m\u2019a permis d\u2019avoir un micro en main<\/b>. J\u2019ai toujours aim\u00e9 faire du th\u00e9\u00e2tre, mais dans le drag, \u00e7a prend une autre dimension. <b>Tu fais croire que tu es en train de jouer un personnage alors qu\u2019en fait, c\u2019est toi-m\u00eame que tu d\u00e9voiles \u00e0 200%.<\/b>\u00a0C\u2019est d\u2019abord un peu effrayant, mais finalement <b>c\u2019est lib\u00e9rateur\u00a0<\/b>!\u00a0\u00bb<\/p>\n<p>En prenant le r\u00f4le de ma\u00eetre(ss)e de c\u00e9r\u00e9monie [ou \u00ab hosting \u00bb, ndlr] lors des soir\u00e9es de la House of Diamonds, Tanguy a gagn\u00e9 en confiance : \u00ab Je n\u2019ai vraiment plus peur de m\u2019exprimer devant une foule. \u00bb<\/p>\n<p>    <img width=\"400\" height=\"600\" src=\"https:\/\/www.europesays.com\/fr\/wp-content\/uploads\/2025\/11\/tanguychene-graphicdee-hostingsimonolivier-400x600.jpg\" class=\"attachment-image-size-M size-image-size-M\" alt=\"Tanguy Ch\u00eane + graphic dee\" decoding=\"async\" loading=\"lazy\"  \/>         Graphic Dee en plein \u00ab\u00a0hosting\u00a0\u00bb. \u00a9 Simon Olivier \/ Document remis <\/p>\n<p>Hot couture<\/p>\n<p><b>Difficile de d\u00e9crire Graphic Dee, pourtant<\/b>. Des couleurs sur le visage aux tenues arbor\u00e9es, \u00e0 chaque nouveau show, le maquillage et l\u2019apparence changent.<\/p>\n<p>Les points communs de chaque apparition ? Des longs cils, peut-\u00eatre. <b>Et un go\u00fbt pour le <\/b><b>craft<\/b><b>, le <\/b><b>DIY<\/b><b>, les mati\u00e8res d\u00e9tourn\u00e9es et une <a href=\"https:\/\/www.lemonde.fr\/m-styles\/article\/2019\/07\/19\/mode-le-style-camp-emerge-la-ou-la-droite-conservatrice-domine_5491212_4497319.html\" target=\"_blank\" rel=\"noopener\">esth\u00e9tique camp<\/a><\/b><b>\u00a0qui se dessine en pointill\u00e9<\/b>. Graphic Dee ne ressemble \u00e0 aucun(e) autre, ne se ressemble pas, et pourtant : se fait reconna\u00eetre.<\/p>\n<p>    <img width=\"800\" height=\"800\" src=\"https:\/\/www.europesays.com\/fr\/wp-content\/uploads\/2025\/11\/tanguychene-polaroidgraphicdee-800x800.jpg\" class=\"attachment-image-size-L size-image-size-L\" alt=\"Tanguy Ch\u00eane + Graphic Dee\" decoding=\"async\" loading=\"lazy\"  \/>         Graphic Dee. \u00a9 Tanguy Ch\u00eane \/ Document remis <\/p>\n<p>Sans avoir de \u00ab\u00a0m\u00e9thodologie quand [iel] cr\u00e9e en drag\u00a0\u00bb, Tanguy raconte qu\u2019\u00ab \u00e0 l\u2019inverse, ce qui l\u2019int\u00e9resse avec le drag, c\u2019est cette tension qui permet de <b>sortir constamment de sa zone de confort <\/b>tout en proposant <b>un personnage qui est imm\u00e9diatement reconnaissable<\/b>\u00a0\u00bb.<\/p>\n<p>Tanguy conc\u00e8de qu\u2019il y a \u00ab\u00a0quelques constantes, comme <b>l\u2019univers carnavalesque <\/b>(plut\u00f4t celui de Venise que celui de Rio), ou encore <b>le travestissement, au sens large, d\u2019arch\u00e9types<\/b>, de <b>cr\u00e9atures mythologiques<\/b> ou de la <b>culture populaire<\/b>\u00a0\u00bb.<\/p>\n<p>    <img width=\"400\" height=\"600\" src=\"https:\/\/www.europesays.com\/fr\/wp-content\/uploads\/2025\/11\/tanguychene-himjess-400x600.jpg\" class=\"attachment-image-size-M size-image-size-M\" alt=\"Tanguy Ch\u00eane + Graphic Dee\" decoding=\"async\" loading=\"lazy\"  \/>         Graphic Dee. \u00a9 HIM Jess \/ Document remis <\/p>\n<p>Puisant en partie son inspiration chez <a href=\"https:\/\/www.youtube.com\/watch?v=-l2mncKgCao\" target=\"_blank\" rel=\"noopener\"><b>les Club Kids<\/b><\/a>, pour l\u2019esth\u00e9tique plut\u00f4t que leurs messages, iel cite \u00ab\u00a0notamment <b><a href=\"https:\/\/www.tate.org.uk\/whats-on\/tate-modern\/leigh-bowery\" target=\"_blank\" rel=\"noopener\">Leigh Bowery<\/a>, un artiste des ann\u00e9es 80 qui repoussait toujours les limites de la mani\u00e8re dont on peut appara\u00eetre en public <\/b>\u00bb. Ou encore <b>la haute couture<\/b>\u00a0: \u00ab De grands classiques tels que <a href=\"https:\/\/www.radiofrance.fr\/franceinter\/thierry-mugler-du-couturier-au-metteur-en-scene-la-mort-d-une-icone-pop-aux-multiples-facettes-7728750\" target=\"_blank\" rel=\"noopener\"><b>Thierry Mugler<\/b><\/a> aux plus r\u00e9cents comme <a href=\"https:\/\/www.instagram.com\/robertwun\/?hl=fr\" target=\"_blank\" rel=\"noopener\"><b>Robert Wun <\/b><\/a>\u00bb.<\/p>\n<p>                <img width=\"400\" height=\"500\" src=\"https:\/\/www.europesays.com\/fr\/wp-content\/uploads\/2025\/11\/tanguychene-graphicdee-soleil-400x500.jpg\" class=\"attachment-gallery size-gallery\" alt=\"Tanguy Ch\u00eane + graphic dee\" data-full-url=\"https:\/\/pokaa.fr\/wp-content\/uploads\/2025\/10\/30\/tanguychene-graphicdee-soleil.jpg\" decoding=\"async\" loading=\"lazy\"  \/>            <\/p>\n<p>                <img width=\"334\" height=\"500\" src=\"https:\/\/www.europesays.com\/fr\/wp-content\/uploads\/2025\/11\/tanguychene-weirdertourjuliebertat-334x500.jpg\" class=\"attachment-gallery size-gallery\" alt=\"Tanguy Ch\u00eane + Graphic Dee\" data-full-url=\"https:\/\/pokaa.fr\/wp-content\/uploads\/2025\/10\/31\/tanguychene-weirdertourjuliebertat-rotated.jpg\" decoding=\"async\" loading=\"lazy\"  \/>            <\/p>\n<p>                    Graphic Dee. 1. \u00a9 Tanguy Ch\u00eane \/ Document remis ; 2. \u00a9 Julie Bertat \/ Document remis<\/p>\n<p>Pour la photo, iel pense au \u00ab\u00a0travail de <b><a href=\"https:\/\/www.wikiart.org\/fr\/cindy-sherman\" target=\"_blank\" rel=\"noopener\">Cindy Sherman<\/a>\u00a0<\/b>\u00bb, ou \u00e0 celui de <a href=\"https:\/\/www.instagram.com\/david_lachapelle\/\" target=\"_blank\" rel=\"noopener\"><b>David Lachapelle<\/b><\/a> qu\u2019iel a red\u00e9couvert.<\/p>\n<p>Tanguy compl\u00e8te : \u00ab\u00a0L\u00e0, j\u2019ai surtout donn\u00e9 des grands noms, mais en fait il arrive aussi que les cr\u00e9ations des participant(e)s de mes ateliers m\u2019inspirent. Et au quotidien, <b>faire partie d\u2019un collectif tel que la House of Diamonds est aussi une grande source d\u2019inspiration.<\/b> \u00bb<\/p>\n<p>    <img width=\"800\" height=\"450\" src=\"https:\/\/www.europesays.com\/fr\/wp-content\/uploads\/2025\/11\/tanguychene-houseofdiamonds-luireentreleslignes-800x450.jpg\" class=\"attachment-image-size-L size-image-size-L\" alt=\"House of Diamonds + graphic dee + Tanguy ch\u00eane\" decoding=\"async\" loading=\"lazy\"  \/>         Spectacle \u00ab\u00a0Luire entre les lignes \u00bb cr\u00e9\u00e9 avec la House of Diamonds (19 juillet 2024). \u00a9 Document remis <\/p>\n<p>Avant de pr\u00e9ciser concernant le travail en amont : \u00ab <b>Le drag c\u2019est quelque chose qui me fascine<\/b>, qui me passionne et comme toute passion, la <b>cr\u00e9ation aspire ton temps<\/b> !\u00a0\u00bb<\/p>\n<p>Des coiffes en gants aux ballons \u00ab 1312 \u00bb dor\u00e9s, et autres couronnes de p\u00e9tales g\u00e9antes pour jouer les belles plantes\u2026 Son dressing d\u00e9borde de bonnes id\u00e9es. \u00ab\u00a0Je peux facilement <b>[y] passer des dizaines d\u2019heures<\/b> [\u2026], d\u2019autant plus que je choisis r\u00e9guli\u00e8rement d\u2019<b>explorer des techniques que je ne connais pas<\/b>. \u00c7a rallonge le temps n\u00e9cessaire. \u00bb<\/p>\n<p>    <img width=\"480\" height=\"600\" src=\"https:\/\/www.europesays.com\/fr\/wp-content\/uploads\/2025\/11\/tanguychene-graphicdee-standmaquillage-480x600.jpeg\" class=\"attachment-image-size-M size-image-size-M\" alt=\"Tanguy Ch\u00eane + graphic dee\" decoding=\"async\" loading=\"lazy\"  \/>         Atelier maquillage aux portes ouvertes du TJP, en septembre 2025. \u00a9 Document remis <\/p>\n<p>Il poursuit : \u00ab Avec de meilleures conditions de vie, en tant qu\u2019artiste, [iel] pourrai[t] [se] consacrer pleinement \u00e0 tout \u00e7a, mais malheureusement on est dans un monde o\u00f9<b> l\u2019artiste doit toujours faire des m\u00e9tiers annexes pour prouver sa valeur.<\/b> \u00bb Un point qui <b>p\u00e8se de plus en plus sur sa capacit\u00e9 \u00e0 cr\u00e9er.<\/b><\/p>\n<p>\u00ab Pour autant, avec le drag, je n\u2019ai pas envie de devoir performer une fois par semaine pour maintenir cette activit\u00e9 \u00e0 flot. <b>Je pr\u00e9f\u00e8re prendre du temps pour imaginer des personnages et des performances complexes, quitte \u00e0 performer plus rarement.<\/b> \u00bb<\/p>\n<p>Autre casquette\u00a0: la transmission, pour mission<\/p>\n<p>Si Graphic Dee poss\u00e8de une large collection de coiffes, Tanguy multiplie \u00e9galement les casquettes. Parmi celles-ci\u00a0: <b>l\u2019animation d\u2019ateliers<\/b>.<\/p>\n<p>\u00ab <strong>P<\/strong><b>our moi, la transmission a toujours \u00e9t\u00e9 coupl\u00e9e \u00e0 ma pratique artistique<\/b>. J\u2019ai toujours eu <b>une app\u00e9tence \u00e0 faire comprendre ce que je cr\u00e9e, \u00e0 partager ma mani\u00e8re de faire<\/b>.\u00a0\u00bb<\/p>\n<p>                <img width=\"667\" height=\"500\" src=\"https:\/\/www.europesays.com\/fr\/wp-content\/uploads\/2025\/11\/tanguychene-ateliermasque2021-coulisse-667x500.jpg\" class=\"attachment-gallery size-gallery\" alt=\"Tanguy Ch\u00eane\" data-full-url=\"https:\/\/pokaa.fr\/wp-content\/uploads\/2025\/10\/30\/tanguychene-ateliermasque2021-coulisse.jpg\" decoding=\"async\" loading=\"lazy\"  \/>            <\/p>\n<p>                <img width=\"375\" height=\"500\" src=\"https:\/\/www.europesays.com\/fr\/wp-content\/uploads\/2025\/11\/tanguychene-ateliermasque2021-375x500.jpg\" class=\"attachment-gallery size-gallery\" alt=\"Tanguy Ch\u00eane\" data-full-url=\"https:\/\/pokaa.fr\/wp-content\/uploads\/2025\/10\/30\/tanguychene-ateliermasque2021.jpg\" decoding=\"async\" loading=\"lazy\"  \/>            <\/p>\n<p>                    Atelier masque (2021). \u00a9 Tanguy Ch\u00eane \/ Document remis<\/p>\n<p>Un parcours qui commence <b>apr\u00e8s ses \u00e9tudes \u00e0 la HEAR<\/b> (Haute \u00e9cole des arts du Rhin), que Tanguy compl\u00e8te fin 2018 par le CFPI, \u00ab\u00a0qui forme les artistes \u00e0 l\u2019intervention aupr\u00e8s de diff\u00e9rents publics\u00a0\u00bb.<\/p>\n<p>\u00ab\u00a0<b>\u00c0 ce moment<\/b><b>-l\u00e0, je concevais des ateliers tourn\u00e9s vers le graphisme et la cr\u00e9ation typographique, et le drag \u00e9tait une pratique que je cherchais \u00e0 tout prix \u00e0 d\u00e9connecter de l\u2019univers professionnel<\/b>. Autant pour des questions de LGBTphobie que par besoin d\u2019avoir une pratique artistique sans enjeux \u00e9conomiques. \u00bb<\/p>\n<p>                <img width=\"333\" height=\"500\" src=\"https:\/\/www.europesays.com\/fr\/wp-content\/uploads\/2025\/11\/tanguychene-mamcs2023-02-333x500.jpg\" class=\"attachment-gallery size-gallery\" alt=\"Tanguy Ch\u00eane\" data-full-url=\"https:\/\/pokaa.fr\/wp-content\/uploads\/2025\/10\/30\/tanguychene-mamcs2023-02.jpg\" decoding=\"async\" loading=\"lazy\"  \/>            <\/p>\n<p>                <img width=\"333\" height=\"500\" src=\"https:\/\/www.europesays.com\/fr\/wp-content\/uploads\/2025\/11\/tanguychene-mamcs2023-01-333x500.jpg\" class=\"attachment-gallery size-gallery\" alt=\"Tanguy Ch\u00eane\" data-full-url=\"https:\/\/pokaa.fr\/wp-content\/uploads\/2025\/10\/30\/tanguychene-mamcs2023-01.jpg\" decoding=\"async\" loading=\"lazy\"  \/>            <\/p>\n<p>                <img width=\"333\" height=\"500\" src=\"https:\/\/www.europesays.com\/fr\/wp-content\/uploads\/2025\/11\/tanguychene-mamcs2023-03-333x500.jpg\" class=\"attachment-gallery size-gallery\" alt=\"Tanguy Ch\u00eane\" data-full-url=\"https:\/\/pokaa.fr\/wp-content\/uploads\/2025\/10\/30\/tanguychene-mamcs2023-03.jpg\" decoding=\"async\" loading=\"lazy\"  \/>            <\/p>\n<p>                    \u00c9l\u00e8ves de son atelier drag men\u00e9 au MAMCS en 2023. \u00a9 Tanguy Ch\u00eane \/ Documents remis<\/p>\n<p>\u00ab\u00a0Puis, <b>\u00e0 l\u2019occasion d\u2019une intervention dans <\/b><strong>un <\/strong><strong>centre socio-culturel, <\/strong><strong>j\u2019ai <\/strong><b>imagin\u00e9 un atelier de cr\u00e9ation de masques<\/b>. \u00c7a a tr\u00e8s bien march\u00e9, peut-\u00eatre aussi parce que <b>\u00e7a m\u2019amenait \u00e0 transmettre quelque chose de plus personnel<\/b>, et que je m\u2019amusais beaucoup plus avec ce format. C\u2019est comme \u00e7a que \u00e7a a commenc\u00e9, <b>de fil en aiguille les ateliers de masques ont permis la cr\u00e9ation des ateliers drag.<\/b> \u00bb<\/p>\n<p>    <img width=\"800\" height=\"533\" src=\"https:\/\/www.europesays.com\/fr\/wp-content\/uploads\/2025\/11\/tanguychene-ateliermaquillage-coulissevalentinebremaud-800x533.jpg\" class=\"attachment-image-size-L size-image-size-L\" alt=\"Tanguy Ch\u00eane\" decoding=\"async\" loading=\"lazy\"  \/>         \u00c9l\u00e8ve d&rsquo;un atelier masque anim\u00e9 par Tanguy Ch\u00eane. \u00a9 Valentine Bremaud \/ Document remis <\/p>\n<p>Une occasion donn\u00e9e aussi par le service p\u00e9dagogique du <b>MAMCS <\/b>qui lui donne un vrai coup de pouce en novembre 2023, en lui \u00ab\u00a0fai[sant] confiance pour organiser <b>un atelier drag au sein du mus\u00e9e\u00a0<\/b>\u00bb, pour les adultes.<\/p>\n<p>Depuis, iel multiplie \u00ab\u00a0les ateliers de ce type dans des structures associatives ou dans des th\u00e9\u00e2tres\u00a0\u00bb, en parall\u00e8le des ateliers de cr\u00e9ation de masques.<\/p>\n<p>    <img width=\"800\" height=\"533\" src=\"https:\/\/www.europesays.com\/fr\/wp-content\/uploads\/2025\/11\/tanguychene-atelierhfx-800x533.jpg\" class=\"attachment-image-size-L size-image-size-L\" alt=\"Tanguy Ch\u00eane\" decoding=\"async\" loading=\"lazy\"  \/>         Atelier \u00ab Le drag comme pratique de self-defense \u00bb, men\u00e9 au TJP, organis\u00e9 avec l&rsquo;association HFX. \u00a9 Tanguy Ch\u00eane \/ Document remis <\/p>\n<p>Parmi ceux-ci, <b>la r\u00e9sidence \u00e0 venir au TJP \u2013 Centre dramatique national Strasbourg, aupr\u00e8s de lyc\u00e9en(ne)s<\/b> lors d\u2019un prochain atelier d\u2019une semaine (<b>du 23 au 27 f\u00e9vrier<\/b>).<\/p>\n<p><a href=\"https:\/\/tjp-strasbourg.com\/atelier-vacances-la-parade\/\" target=\"_blank\" rel=\"noopener\">Un <b>workshop<\/b> (pour lequel les inscriptions sont ouvertes)<\/a> qui donnera suite \u00e0 <b>une repr\u00e9sentation le 8 mars<\/b>, de <a href=\"https:\/\/tjp-strasbourg.com\/spectacle\/la-parade-des-roses\/\" target=\"_blank\" rel=\"noopener\"><b>La Parade des Roses<\/b><\/a>.<\/p>\n<\/p>\n<p>D&rsquo;Halloween \u00e0 No\u00ebl\u00a0: une fin d&rsquo;ann\u00e9e charg\u00e9e<\/p>\n<p><b>Si Graphic Dee a pass\u00e9 Halloween au Karmen Camina<\/b> en compagnie de la House of Diamonds (avec Mizkeen, Moon Alisha et Vendredi 13),<b> <\/b>\u00e0 la soir\u00e9e <b>\u00ab\u00a0Mascara Klub &amp; Mal\u00e9fices\u00a0\u00bb <\/b>(aux c\u00f4t\u00e9s de la house bruxelloise La Tar\u00e9\u00b7e)\u2026 Tanguy pr\u00e9pare d\u00e9j\u00e0 No\u00ebl.<\/p>\n<p>    <img width=\"480\" height=\"600\" src=\"https:\/\/www.europesays.com\/fr\/wp-content\/uploads\/2025\/11\/tanguychene-graphicdee-zine-2-480x600.jpg\" class=\"attachment-image-size-M size-image-size-M\" alt=\"Tanguy Ch\u00eane + graphic dee\" decoding=\"async\" loading=\"lazy\"  \/>         Fanzine \u00ab Graphic Dee \u00bb. \u00a9 Tanguy Ch\u00eane \/ Document remis <\/p>\n<p>Au programme\u00a0? Le march\u00e9 <b>Hot\u00b7te Queer qui aura lieu les 29 et 30 novembre aux Compotes<\/b>. Sur son stand ? Pl\u00e9thore de cr\u00e9ations \u00e0 son image.<\/p>\n<p>\u00ab\u00a0Mon drag m\u2019am\u00e8ne \u00e0 concevoir <b>des livres <\/b>que vous pourrez retrouver \u00e0 ce moment-l\u00e0, en plus de<b> tirages photographiques<\/b>, et m\u00eame <b>des bijoux<\/b>\u00a0\u00bb, annonce Tanguy en exclusivit\u00e9. De quoi mettre un peu de Graphic Dee dans sa vie.<strong> On dit oui.<\/strong><\/p>\n<p style=\"text-align: center;\"><b>Pour suivre son travail\u00a0:<\/b><\/p>\n<p style=\"text-align: center;\">Sur Instagram : <a href=\"https:\/\/www.instagram.com\/tanguy.chene\/\" target=\"_blank\" rel=\"noopener\">Tanguy Ch\u00eane<\/a> et <a href=\"https:\/\/www.instagram.com\/graphic.dee\/\" target=\"_blank\" rel=\"noopener\">Graphic Dee<\/a><br \/><a href=\"https:\/\/tanguychene.fr\/\" target=\"_blank\" rel=\"noopener\">Son site web<\/a><\/p>\n<p style=\"text-align: center;\"><a href=\"https:\/\/www.instagram.com\/the.house.of.diamonds\/\" target=\"_blank\" rel=\"noopener\">La page Instagram de la House of Diamonds<\/a><\/p>\n<p><script async src=\"\/\/www.instagram.com\/embed.js\"><\/script><\/p>\n","protected":false},"excerpt":{"rendered":"Avant de d\u00e9couvrir Tanguy Ch\u00eane, sous le maquillage et les artifices, l\u2019histoire commence avec un coup de c\u0153ur&hellip;\n","protected":false},"author":2,"featured_media":521050,"comment_status":"","ping_status":"","sticky":false,"template":"","format":"standard","meta":{"footnotes":""},"categories":[2820],"tags":[1111,11,3734,2593,251,29739,1777,674,1011,27,775,64189,64190,11043,12,2745,64191,25,640,64192],"class_list":{"0":"post-521049","1":"post","2":"type-post","3":"status-publish","4":"format-standard","5":"has-post-thumbnail","7":"category-strasbourg","8":"tag-actu","9":"tag-actualites","10":"tag-art","11":"tag-artiste","12":"tag-culture","13":"tag-dragshow","14":"tag-eu","15":"tag-europe","16":"tag-fr","17":"tag-france","18":"tag-grand-est","19":"tag-graphic-dee","20":"tag-house-of-diamonds","21":"tag-illustration","22":"tag-news","23":"tag-photo","24":"tag-portrait-dartiste","25":"tag-republique-francaise","26":"tag-strasbourg","27":"tag-tanguy-chene"},"share_on_mastodon":{"url":"https:\/\/pubeurope.com\/@fr\/115515384977812213","error":""},"_links":{"self":[{"href":"https:\/\/www.europesays.com\/fr\/wp-json\/wp\/v2\/posts\/521049","targetHints":{"allow":["GET"]}}],"collection":[{"href":"https:\/\/www.europesays.com\/fr\/wp-json\/wp\/v2\/posts"}],"about":[{"href":"https:\/\/www.europesays.com\/fr\/wp-json\/wp\/v2\/types\/post"}],"author":[{"embeddable":true,"href":"https:\/\/www.europesays.com\/fr\/wp-json\/wp\/v2\/users\/2"}],"replies":[{"embeddable":true,"href":"https:\/\/www.europesays.com\/fr\/wp-json\/wp\/v2\/comments?post=521049"}],"version-history":[{"count":0,"href":"https:\/\/www.europesays.com\/fr\/wp-json\/wp\/v2\/posts\/521049\/revisions"}],"wp:featuredmedia":[{"embeddable":true,"href":"https:\/\/www.europesays.com\/fr\/wp-json\/wp\/v2\/media\/521050"}],"wp:attachment":[{"href":"https:\/\/www.europesays.com\/fr\/wp-json\/wp\/v2\/media?parent=521049"}],"wp:term":[{"taxonomy":"category","embeddable":true,"href":"https:\/\/www.europesays.com\/fr\/wp-json\/wp\/v2\/categories?post=521049"},{"taxonomy":"post_tag","embeddable":true,"href":"https:\/\/www.europesays.com\/fr\/wp-json\/wp\/v2\/tags?post=521049"}],"curies":[{"name":"wp","href":"https:\/\/api.w.org\/{rel}","templated":true}]}}