{"id":521075,"date":"2025-11-08T18:12:18","date_gmt":"2025-11-08T18:12:18","guid":{"rendered":"https:\/\/www.europesays.com\/fr\/521075\/"},"modified":"2025-11-08T18:12:18","modified_gmt":"2025-11-08T18:12:18","slug":"brest-lom-retrouve-la-tete-et-aubameyang-les-filets-le-resume","status":"publish","type":"post","link":"https:\/\/www.europesays.com\/fr\/521075\/","title":{"rendered":"Brest\u00a0: l&rsquo;OM retrouve la t\u00eate et Aubameyang les filets, le r\u00e9sum\u00e9"},"content":{"rendered":"<p><a name=\"post1762624883\"\/>19:01 &#8211; Le but d&rsquo;Aubameyang (vid\u00e9o)<\/p>\n<p>Revivez le troisi\u00e8me but marseillais marqu\u00e9 par Aubameyang<\/p>\n<blockquote class=\"twitter-tweet\"><p>&#13;<\/p>\n<p dir=\"ltr\" lang=\"fr\">Goal ????<br \/>&#13;<br \/>\n???????? Marseille 3\ufe0f\u20e3 ???? 0\ufe0f\u20e3 Brest ????????<br \/>&#13;<br \/>\n\u26bd\ufe0f Pierre-Emerick Aubameyang<br \/>&#13;<br \/>\n???? Matt O&rsquo;Riley<\/p>\n<p>???? Ligue 1 ???????? ???? <a href=\"https:\/\/t.co\/ukZWQ5TY0U\">pic.twitter.com\/ukZWQ5TY0U<\/a><\/p>\n<p>&#13;<br \/>\n\u2014 Goals Highlights (@11joel00) <a href=\"https:\/\/twitter.com\/11joel00\/status\/1987217173421687245?ref_src=twsrc%5Etfw\" target=\"_blank\" rel=\"noopener\">November 8, 2025<\/a><\/p><\/blockquote>\n<p>&#13;<\/p>\n<p><a name=\"post1762624717\"\/>18:58 &#8211; L&rsquo;\u00e9quipe est dans un moment de doute<\/p>\n<p>Lucas Tousart qui a apport\u00e9 un peu plus de ma\u00eetrise aux Brestois apr\u00e8s son entr\u00e9e \u00e0 la pause a d\u00e9clar\u00e9 \u00ab\u00a0L&rsquo;\u00e9quipe est dans un moment de doute. Mais on va retrouver les victoires j&rsquo;en suis s\u00fbr. Les deux buts encaiss\u00e9s nous ont fait mal mais on a essay\u00e9 de bien r\u00e9agir en cette seconde p\u00e9riode\u00a0\u00bb<\/p>\n<p><a name=\"post1762624604\"\/>18:56 &#8211; Aubameyang rassur\u00e9<\/p>\n<p>Les premiers mots du gabonais au micro de Bein Sports \u00ab\u00a0Je me sentais un peu coupable d&rsquo;avoir rat\u00e9 ces occasions en premi\u00e8re p\u00e9riode. Voil\u00e0 un attaquant doit toujours pers\u00e9v\u00e9rer. Le plus important c&rsquo;est d&rsquo;avoir cette coh\u00e9sion de groupe, peu importe ce qui se passe \u00e0 l&rsquo;ext\u00e9rieur. Il faut se concentrer sur ce qui se passe \u00e0 l&rsquo;int\u00e9rieur\u00a0\u00bb<\/p>\n<p><a name=\"post1762624445\"\/>18:54 &#8211; VICTOIRE AVEC LA MANIERE DE L&rsquo;OM (3-0)<\/p>\n<p>Succ\u00e8s autoritaire de l&rsquo;OM face \u00e0 Brest (3-0). Les phoc\u00e9ens n&rsquo;ont jamais trembl\u00e9 face aux Pirates gr\u00e2ce \u00e0 une ma\u00eetrise parfaite du match m\u00eame s&rsquo;ils auraient pu \u00eatre plus efficaces. Les hommes de De Zerbi retrouvent provisoirement la t\u00eate de <a href=\"https:\/\/www.linternaute.com\/sport\/competitions\/8420771-ligue-1-programme-de-la-12e-journee-resultats-et-classement\/\" title=\"Championnat de France de football\" target=\"_blank\" rel=\"noopener\">Ligue 1<\/a><\/p>\n<p><a name=\"post1762624319\"\/>18:51 &#8211; 90e+1&prime; &#8211; ENCORE BAKOLA<\/p>\n<p>Encore une frappe audacieuse de Bakola, cette fois c&rsquo;est envelopp\u00e9 du pied droit mais \u00e7a passe juste au dessus de la transversale<\/p>\n<p><a name=\"post1762624268\"\/>18:51 &#8211; 90&prime; &#8211; Bakola tente sa chance<\/p>\n<p>Bonne prise de risque du jeune milieu de terrain marseillais, qui tente une frappe de loin. C&rsquo;est cadr\u00e9 mais c&rsquo;est capt\u00e9 par Majecki<\/p>\n<p><a name=\"post1762624136\"\/>18:48 &#8211; 88&prime; &#8211; Pavard en souffrance<\/p>\n<p>Apr\u00e8s un mauvais appui, Pavard semble souffir du pied droit. L&rsquo;international fran\u00e7ais a du mal \u00e0 finir cette rencontre<\/p>\n<p><a name=\"post1762624025\"\/>18:47 &#8211; 86&prime;- Prime \u00e0 la jeunesse<\/p>\n<p>Les jeunes Mmadi et Bakola font leurs entr\u00e9es du c\u00f4t\u00e9 de l&rsquo;OM. C&rsquo;est Aubameyang et Hojbjerg qui laissent leurs places<\/p>\n<p><a name=\"post1762623961\"\/>18:46 &#8211; 85&prime; &#8211; Aubameyang tir au dessus<\/p>\n<p>G\u00ean\u00e9 par derri\u00e8re par Labeau-Lascary, Aubameyang manque sa frappe dans la surface. Ca passe au dessus des buts brestois<\/p>\n<p><a name=\"post1762623748\"\/>18:42 &#8211; 82&prime; &#8211; AUBAMEYANG RETROUVE LES FILETS (3-0)<\/p>\n<p>Aubameyang est ressorti du bois. Apr\u00e8s 7 matches sans but, le Gabonais profite d&rsquo;une tr\u00e8s bonne offrande de O&rsquo;Riley dans la surface pour pousser le ballon dans les filets en taclant. 3-0 pour l&rsquo;OM<\/p>\n<p><a name=\"post1762623586\"\/>18:39 &#8211; 79&prime; &#8211; Double changement marseillais<\/p>\n<p>Aguerd qui semble \u00eatre bless\u00e9 est remplac\u00e9 par Egan-Riley alors que Robinio Vaz remplace Mason Greenwood<\/p>\n<p><a name=\"post1762623523\"\/>18:38 &#8211; 78&prime; &#8211; Petite faute dans la surface<\/p>\n<p>Labeau Lascary est retenu l\u00e9g\u00e8rement par Vermeeren dans la surface marseillaise, mais pour l&rsquo;arbitre ce n&rsquo;est pas assez pour siffler penalty<\/p>\n<p><a name=\"post1762623417\"\/>18:36 &#8211; 76&prime; &#8211; Les phoc\u00e9ens en gestion<\/p>\n<p>Le rythme de cette rencontre a quelque peu baiss\u00e9 depuis quelques minutes, on sent les Marseillais en gestion<\/p>\n<p><a name=\"post1762623302\"\/>18:35 &#8211; 74&prime; &#8211; Magnetti sorti<\/p>\n<p>Le brestois d&rsquo;origine marseillaise Hugo Magnetti est sorti, il est remplac\u00e9 par le jeune Makalu<\/p>\n<p><a name=\"post1762623243\"\/>18:34 &#8211; 73&prime; &#8211; Greenwood gourmand<\/p>\n<p>M\u00eame s&rsquo;il a mis le feu dans la d\u00e9fense brestoise, l&rsquo;attaquant anglais aurait pu servir Murillo dans l&rsquo;axe au lieu de tenter un dribble de trop<\/p>\n<p><script async src=\"https:\/\/platform.twitter.com\/widgets.js\" charset=\"utf-8\"><\/script><\/p>\n","protected":false},"excerpt":{"rendered":"19:01 &#8211; Le but d&rsquo;Aubameyang (vid\u00e9o) Revivez le troisi\u00e8me but marseillais marqu\u00e9 par Aubameyang &#13; Goal ????&#13; ????????&hellip;\n","protected":false},"author":2,"featured_media":521076,"comment_status":"","ping_status":"","sticky":false,"template":"","format":"standard","meta":{"footnotes":""},"categories":[2814],"tags":[1111,11,3450,64090,51761,1777,674,2257,51763,1011,27,66,884,12,46979,51767,882,25],"class_list":{"0":"post-521075","1":"post","2":"type-post","3":"status-publish","4":"format-standard","5":"has-post-thumbnail","7":"category-marseille","8":"tag-actu","9":"tag-actualites","10":"tag-brest","11":"tag-cms-linternaute-9178861","12":"tag-controller-content","13":"tag-eu","14":"tag-europe","15":"tag-foot","16":"tag-format-papier","17":"tag-fr","18":"tag-france","19":"tag-ligue-1","20":"tag-marseille","21":"tag-news","22":"tag-olympique-marseille","23":"tag-parallaxeinfeed","24":"tag-provence-alpes-cote-dazur","25":"tag-republique-francaise"},"share_on_mastodon":{"url":"https:\/\/pubeurope.com\/@fr\/115515434205572979","error":""},"_links":{"self":[{"href":"https:\/\/www.europesays.com\/fr\/wp-json\/wp\/v2\/posts\/521075","targetHints":{"allow":["GET"]}}],"collection":[{"href":"https:\/\/www.europesays.com\/fr\/wp-json\/wp\/v2\/posts"}],"about":[{"href":"https:\/\/www.europesays.com\/fr\/wp-json\/wp\/v2\/types\/post"}],"author":[{"embeddable":true,"href":"https:\/\/www.europesays.com\/fr\/wp-json\/wp\/v2\/users\/2"}],"replies":[{"embeddable":true,"href":"https:\/\/www.europesays.com\/fr\/wp-json\/wp\/v2\/comments?post=521075"}],"version-history":[{"count":0,"href":"https:\/\/www.europesays.com\/fr\/wp-json\/wp\/v2\/posts\/521075\/revisions"}],"wp:featuredmedia":[{"embeddable":true,"href":"https:\/\/www.europesays.com\/fr\/wp-json\/wp\/v2\/media\/521076"}],"wp:attachment":[{"href":"https:\/\/www.europesays.com\/fr\/wp-json\/wp\/v2\/media?parent=521075"}],"wp:term":[{"taxonomy":"category","embeddable":true,"href":"https:\/\/www.europesays.com\/fr\/wp-json\/wp\/v2\/categories?post=521075"},{"taxonomy":"post_tag","embeddable":true,"href":"https:\/\/www.europesays.com\/fr\/wp-json\/wp\/v2\/tags?post=521075"}],"curies":[{"name":"wp","href":"https:\/\/api.w.org\/{rel}","templated":true}]}}