{"id":521077,"date":"2025-11-08T18:13:11","date_gmt":"2025-11-08T18:13:11","guid":{"rendered":"https:\/\/www.europesays.com\/fr\/521077\/"},"modified":"2025-11-08T18:13:11","modified_gmt":"2025-11-08T18:13:11","slug":"en-images-la-vaisselle-des-plus-grands-chefs-en-vente-ce-week-end-a-lhotel-de-ville-de-lyon","status":"publish","type":"post","link":"https:\/\/www.europesays.com\/fr\/521077\/","title":{"rendered":"En images. La\u00a0vaisselle des plus grands chefs en vente ce week-end \u00e0\u00a0l&rsquo;h\u00f4tel de ville de Lyon"},"content":{"rendered":"<p>L\u2019h\u00f4tel de ville accueille ces samedi\u00a08 et dimanche 9\u00a0novembre la\u00a015e \u00e9dition de la Vaisselle des Chefs. \u00c0 cette occasion,\u00a0l&rsquo;argenterie, la verrerie et les couverts des plus grandes maisons et chefs cuisiniers sont vendus au public, leur donnant ainsi une seconde vie. L\u2019\u00e9v\u00e9nement se veut solidaire : une partie des ventes sera revers\u00e9e \u00e0 des associations partenaires caritatives.<\/p>\n","protected":false},"excerpt":{"rendered":"L\u2019h\u00f4tel de ville accueille ces samedi\u00a08 et dimanche 9\u00a0novembre la\u00a015e \u00e9dition de la Vaisselle des Chefs. \u00c0 cette&hellip;\n","protected":false},"author":2,"featured_media":521078,"comment_status":"","ping_status":"","sticky":false,"template":"","format":"standard","meta":{"footnotes":""},"categories":[1889],"tags":[1111,11,2430,1687,2757,1777,674,3326,107,1011,27,2798,937,2428,7789,2801,6016,12,2661,25,2429,3151],"class_list":{"0":"post-521077","1":"post","2":"type-post","3":"status-publish","4":"format-standard","5":"has-post-thumbnail","7":"category-lyon","8":"tag-actu","9":"tag-actualites","10":"tag-auvergne-rhone-alpes","11":"tag-culture-loisirs","12":"tag-edition-lyon-villeurbanne","13":"tag-eu","14":"tag-europe","15":"tag-fete-locale","16":"tag-fil-info","17":"tag-fr","18":"tag-france","19":"tag-galerie-photo","20":"tag-histoire","21":"tag-lyon","22":"tag-lyon-1er","23":"tag-lyon-1er-arrondissement","24":"tag-magazine-cuisine-et-vins","25":"tag-news","26":"tag-patrimoine-culturel","27":"tag-republique-francaise","28":"tag-rhone","29":"tag-selection-de-la-redaction-69"},"share_on_mastodon":{"url":"https:\/\/pubeurope.com\/@fr\/115515438368760765","error":""},"_links":{"self":[{"href":"https:\/\/www.europesays.com\/fr\/wp-json\/wp\/v2\/posts\/521077","targetHints":{"allow":["GET"]}}],"collection":[{"href":"https:\/\/www.europesays.com\/fr\/wp-json\/wp\/v2\/posts"}],"about":[{"href":"https:\/\/www.europesays.com\/fr\/wp-json\/wp\/v2\/types\/post"}],"author":[{"embeddable":true,"href":"https:\/\/www.europesays.com\/fr\/wp-json\/wp\/v2\/users\/2"}],"replies":[{"embeddable":true,"href":"https:\/\/www.europesays.com\/fr\/wp-json\/wp\/v2\/comments?post=521077"}],"version-history":[{"count":0,"href":"https:\/\/www.europesays.com\/fr\/wp-json\/wp\/v2\/posts\/521077\/revisions"}],"wp:featuredmedia":[{"embeddable":true,"href":"https:\/\/www.europesays.com\/fr\/wp-json\/wp\/v2\/media\/521078"}],"wp:attachment":[{"href":"https:\/\/www.europesays.com\/fr\/wp-json\/wp\/v2\/media?parent=521077"}],"wp:term":[{"taxonomy":"category","embeddable":true,"href":"https:\/\/www.europesays.com\/fr\/wp-json\/wp\/v2\/categories?post=521077"},{"taxonomy":"post_tag","embeddable":true,"href":"https:\/\/www.europesays.com\/fr\/wp-json\/wp\/v2\/tags?post=521077"}],"curies":[{"name":"wp","href":"https:\/\/api.w.org\/{rel}","templated":true}]}}