{"id":521079,"date":"2025-11-08T18:14:12","date_gmt":"2025-11-08T18:14:12","guid":{"rendered":"https:\/\/www.europesays.com\/fr\/521079\/"},"modified":"2025-11-08T18:14:12","modified_gmt":"2025-11-08T18:14:12","slug":"football-en-accord-avec-le-selectionneur-de-langola-clinton-mata-restera-a-lyon-pendant-la-treve","status":"publish","type":"post","link":"https:\/\/www.europesays.com\/fr\/521079\/","title":{"rendered":"Football. En accord avec le s\u00e9lectionneur de l\u2019Angola, Clinton Mata restera \u00e0 Lyon pendant la tr\u00eave"},"content":{"rendered":"<p>Bient\u00f4t concern\u00e9 par la Coupe d\u2019Afrique des nations avec l\u2019Angola (21 d\u00e9cembre &#8211; 18 janvier). Car tout comme <a href=\"https:\/\/www.leprogres.fr\/p\/moussa-niakhate\" target=\"_blank\" rel=\"noopener\">Moussa Niakhat\u00e9<\/a> avec le S\u00e9n\u00e9gal, le d\u00e9fenseur <a href=\"https:\/\/www.leprogres.fr\/p\/clinton-mata-footballeur-angolais\" target=\"_blank\" rel=\"noopener\">Clinton Mata<\/a> aurait d\u00fb rejoindre sa s\u00e9lection d\u00e8s lundi en vue d\u2019un <a href=\"https:\/\/www.leprogres.fr\/sport\/2025\/11\/07\/selections-la-slovaquie-se-passe-de-dominik-greif-qui-va-rester-avec-l-ol\" target=\"_blank\" rel=\"noopener\">match amical de prestige contre l\u2019Argentine de Nicolas Tagliafico<\/a> et de <a href=\"https:\/\/www.leprogres.fr\/p\/lionel-messi\" target=\"_blank\" rel=\"noopener\">Lionel Messi<\/a> \u00e0 Luanda vendredi 14 novembre.<\/p>\n<p>Mais il a \u00e9t\u00e9 exempt\u00e9 de voyage. Selon une information du site olympique-et-lyonnais.com, que nous pouvons confirmer, un accord a \u00e9t\u00e9 trouv\u00e9 avec le s\u00e9lectionneur, Patrice Beaumelle, pour lui permettre de r\u00e9cup\u00e9rer apr\u00e8s avoir beaucoup jou\u00e9 ces derniers temps.<\/p>\n<p>Plus t\u00f4t dans la journ\u00e9e, le d\u00e9fenseur avait \u00e9t\u00e9 questionn\u00e9 sur la prochaine CAN, et sur les solutions pour compenser l\u2019absence du duo qu\u2019il forme avec Niakhat\u00e9 \u00e0 l\u2019OL, pendant la dur\u00e9e de la comp\u00e9tition. \u00ab Nous serons \u00e0 la CAN en d\u00e9cembre, mais le club a d\u00e9j\u00e0 anticip\u00e9. Seul le coach sait comment il g\u00e9rera nos absences, mais je sais qu\u2019il garde un maximum de joueurs pour avoir des solutions, quand nous serons l\u00e0-bas. \u00bb<\/p>\n","protected":false},"excerpt":{"rendered":"Bient\u00f4t concern\u00e9 par la Coupe d\u2019Afrique des nations avec l\u2019Angola (21 d\u00e9cembre &#8211; 18 janvier). Car tout comme&hellip;\n","protected":false},"author":2,"featured_media":521080,"comment_status":"","ping_status":"","sticky":false,"template":"","format":"standard","meta":{"footnotes":""},"categories":[1889],"tags":[1111,11,2430,2757,1777,674,63,1011,27,2428,2756,12,2755,25,517],"class_list":{"0":"post-521079","1":"post","2":"type-post","3":"status-publish","4":"format-standard","5":"has-post-thumbnail","7":"category-lyon","8":"tag-actu","9":"tag-actualites","10":"tag-auvergne-rhone-alpes","11":"tag-edition-lyon-villeurbanne","12":"tag-eu","13":"tag-europe","14":"tag-football","15":"tag-fr","16":"tag-france","17":"tag-lyon","18":"tag-lyon-bassin","19":"tag-news","20":"tag-ol-olympique-lyonnais-football","21":"tag-republique-francaise","22":"tag-sport"},"share_on_mastodon":{"url":"https:\/\/pubeurope.com\/@fr\/115515442029161702","error":""},"_links":{"self":[{"href":"https:\/\/www.europesays.com\/fr\/wp-json\/wp\/v2\/posts\/521079","targetHints":{"allow":["GET"]}}],"collection":[{"href":"https:\/\/www.europesays.com\/fr\/wp-json\/wp\/v2\/posts"}],"about":[{"href":"https:\/\/www.europesays.com\/fr\/wp-json\/wp\/v2\/types\/post"}],"author":[{"embeddable":true,"href":"https:\/\/www.europesays.com\/fr\/wp-json\/wp\/v2\/users\/2"}],"replies":[{"embeddable":true,"href":"https:\/\/www.europesays.com\/fr\/wp-json\/wp\/v2\/comments?post=521079"}],"version-history":[{"count":0,"href":"https:\/\/www.europesays.com\/fr\/wp-json\/wp\/v2\/posts\/521079\/revisions"}],"wp:featuredmedia":[{"embeddable":true,"href":"https:\/\/www.europesays.com\/fr\/wp-json\/wp\/v2\/media\/521080"}],"wp:attachment":[{"href":"https:\/\/www.europesays.com\/fr\/wp-json\/wp\/v2\/media?parent=521079"}],"wp:term":[{"taxonomy":"category","embeddable":true,"href":"https:\/\/www.europesays.com\/fr\/wp-json\/wp\/v2\/categories?post=521079"},{"taxonomy":"post_tag","embeddable":true,"href":"https:\/\/www.europesays.com\/fr\/wp-json\/wp\/v2\/tags?post=521079"}],"curies":[{"name":"wp","href":"https:\/\/api.w.org\/{rel}","templated":true}]}}