{"id":521099,"date":"2025-11-08T18:26:12","date_gmt":"2025-11-08T18:26:12","guid":{"rendered":"https:\/\/www.europesays.com\/fr\/521099\/"},"modified":"2025-11-08T18:26:12","modified_gmt":"2025-11-08T18:26:12","slug":"allemagne-un-mort-et-plusieurs-blesses-graves-dans-un-accident-impliquant-un-bus-a-la-frontiere-francaise","status":"publish","type":"post","link":"https:\/\/www.europesays.com\/fr\/521099\/","title":{"rendered":"Allemagne\u00a0: un mort et plusieurs bless\u00e9s graves dans un accident impliquant un bus \u00e0 la fronti\u00e8re fran\u00e7aise"},"content":{"rendered":"<p class=\"paragraph text_align_left lp-f-body-02\">Un accident mortel s\u2019est produit ce samedi apr\u00e8s-midi en <a href=\"https:\/\/www.leparisien.fr\/international\/allemagne\/\" target=\"_self\" rel=\"noopener\">Allemagne<\/a>, dans la commune de Weil am Rhein \u00e0 la fronti\u00e8re fran\u00e7aise et suisse, rapporte <a href=\"https:\/\/France 3\" target=\"_self\" rel=\"\">France 3 Grand Est<\/a>. Vers 13h30, quelques m\u00e8tres du pont de la Paix, un bus de ligne est entr\u00e9 en collision avec plusieurs voitures et a percut\u00e9 des personnes, pour une raison inconnue \u00e0 l\u2019heure actuelle.<\/p>\n<p class=\"paragraph text_align_left lp-f-body-02\">Une femme de 34 ans est d\u00e9c\u00e9d\u00e9e et trois autres personnes ont \u00e9t\u00e9 gravement bless\u00e9es, dont la conductrice du bus. Nos confr\u00e8res pr\u00e9cisent que la victime d\u00e9c\u00e9d\u00e9e n\u2019est pas fran\u00e7aise. Plusieurs bless\u00e9s l\u00e9gers ont quant \u00e0 eux pu \u00eatre pris en charge sur place, indique la t\u00e9l\u00e9vision locale.<\/p>\n<p class=\"paragraph text_align_left lp-f-body-02\">Selon le chef du service de la circulation de Weil am Rhein, la conductrice du bus a d\u2019abord heurt\u00e9 \u00ab plusieurs voitures, puis le bus est mont\u00e9 sur le trottoir du c\u00f4t\u00e9 gauche \u00bb, o\u00f9 se trouvait un groupe de personne dont la victime qui a \u00e9t\u00e9 mortellement percut\u00e9e. Il a pr\u00e9cis\u00e9 que le bus ne transportait pas de passagers.<\/p>\n<p class=\"paragraph text_align_left lp-f-body-02\">De nombreux v\u00e9hicules d\u2019urgence des pompiers, des services de secours et de la police \u00e9taient sur place et deux h\u00e9licopt\u00e8res de sauvetage et un drone ont \u00e9galement \u00e9t\u00e9 d\u00e9ploy\u00e9s. <a href=\"https:\/\/www.leparisien.fr\/faits-divers\/qui-pourrait-faire-une-chose-pareille-le-corps-de-fabian-8-ans-retrouve-quatre-jours-apres-sa-disparition-en-allemagne-15-10-2025-VF6SRSITBJCETHPDHOPKO4GOMY.php\" target=\"_self\" rel=\"noopener\">Une enqu\u00eate<\/a> a \u00e9t\u00e9 ouverte par la police de Weil am Rhein. Pour l\u2019heure, rien n\u2019indique qu\u2019il s\u2019agit d\u2019un attentat et la piste d\u2019une d\u00e9faillance humaine ou technique est privil\u00e9gi\u00e9e.<\/p>\n","protected":false},"excerpt":{"rendered":"Un accident mortel s\u2019est produit ce samedi apr\u00e8s-midi en Allemagne, dans la commune de Weil am Rhein \u00e0&hellip;\n","protected":false},"author":2,"featured_media":464597,"comment_status":"","ping_status":"","sticky":false,"template":"","format":"standard","meta":{"footnotes":""},"categories":[1587],"tags":[11,672,1804,1805,1803,1777,674,118,1801,14,12,1802],"class_list":{"0":"post-521099","1":"post","2":"type-post","3":"status-publish","4":"format-standard","5":"has-post-thumbnail","7":"category-allemagne","8":"tag-actualites","9":"tag-allemagne","10":"tag-bundesrepublik-deutschland","11":"tag-de","12":"tag-deutschland","13":"tag-eu","14":"tag-europe","15":"tag-faits-divers","16":"tag-germany","17":"tag-international","18":"tag-news","19":"tag-republique-federale-dallemagne"},"share_on_mastodon":{"url":"https:\/\/pubeurope.com\/@fr\/115515489319586499","error":""},"_links":{"self":[{"href":"https:\/\/www.europesays.com\/fr\/wp-json\/wp\/v2\/posts\/521099","targetHints":{"allow":["GET"]}}],"collection":[{"href":"https:\/\/www.europesays.com\/fr\/wp-json\/wp\/v2\/posts"}],"about":[{"href":"https:\/\/www.europesays.com\/fr\/wp-json\/wp\/v2\/types\/post"}],"author":[{"embeddable":true,"href":"https:\/\/www.europesays.com\/fr\/wp-json\/wp\/v2\/users\/2"}],"replies":[{"embeddable":true,"href":"https:\/\/www.europesays.com\/fr\/wp-json\/wp\/v2\/comments?post=521099"}],"version-history":[{"count":0,"href":"https:\/\/www.europesays.com\/fr\/wp-json\/wp\/v2\/posts\/521099\/revisions"}],"wp:featuredmedia":[{"embeddable":true,"href":"https:\/\/www.europesays.com\/fr\/wp-json\/wp\/v2\/media\/464597"}],"wp:attachment":[{"href":"https:\/\/www.europesays.com\/fr\/wp-json\/wp\/v2\/media?parent=521099"}],"wp:term":[{"taxonomy":"category","embeddable":true,"href":"https:\/\/www.europesays.com\/fr\/wp-json\/wp\/v2\/categories?post=521099"},{"taxonomy":"post_tag","embeddable":true,"href":"https:\/\/www.europesays.com\/fr\/wp-json\/wp\/v2\/tags?post=521099"}],"curies":[{"name":"wp","href":"https:\/\/api.w.org\/{rel}","templated":true}]}}