{"id":521102,"date":"2025-11-08T18:28:13","date_gmt":"2025-11-08T18:28:13","guid":{"rendered":"https:\/\/www.europesays.com\/fr\/521102\/"},"modified":"2025-11-08T18:28:13","modified_gmt":"2025-11-08T18:28:13","slug":"lue-durcit-les-regles-relatives-aux-visas-pour-les-citoyens-russes-business-am","status":"publish","type":"post","link":"https:\/\/www.europesays.com\/fr\/521102\/","title":{"rendered":"L&rsquo;UE durcit les r\u00e8gles relatives aux visas pour les citoyens russes &#8211; Business AM"},"content":{"rendered":"<p>                    <img decoding=\"async\" style=\"aspect-ratio:16\/9\" src=\"https:\/\/www.europesays.com\/fr\/wp-content\/uploads\/2025\/11\/alexander-nrjwolf-X0Osf55s5yk-unsplash-1.jpg\" width=\"100%\" loading=\"eager\"\/><\/p>\n<p>                            <a href=\"https:\/\/fr.businessam.be\/author\/redactie\/\" class=\"author-thumbnail\" style=\"border: 2px inset #00000099;\" rel=\"nofollow noopener\" target=\"_blank\"><img loading=\"lazy\" decoding=\"async\" src=\"https:\/\/www.europesays.com\/fr\/wp-content\/uploads\/2025\/11\/1762626493_546_cropped-favicon-192x192.png\" width=\"80\" height=\"80\" alt=\"Business AM\"\/><\/a>\ue05bpar <a href=\"https:\/\/fr.businessam.be\/author\/redactie\/\" rel=\"nofollow noopener\" target=\"_blank\">Business AM<\/a><br \/>\ue010publi\u00e9 le samedi 08 novembre 2025 \u00e0 17:58 \u2022 <br \/>\ue00c2 min de lecture<\/p>\n<p>Principaux renseignements<\/p>\n<ul class=\"wp-block-list\">\n<li><strong>Pour des raisons de s\u00e9curit\u00e9, l\u2019Union europ\u00e9enne a instaur\u00e9 des r\u00e8gles plus strictes en mati\u00e8re de visas pour les citoyens russes.<\/strong><\/li>\n<li><strong>Les visas a entr\u00e9es multiples ne seront plus accord\u00e9s aux ressortissants russes, qui doivent d\u00e9sormais demander un nouveau visa chaque fois qu\u2019ils souhaitent entrer dans l\u2019UE.<\/strong><\/li>\n<li><strong>Des exceptions limit\u00e9es existent pour les personnes pers\u00e9cut\u00e9es en Russie, telles que les dissidents et les journalistes.<\/strong><\/li>\n<\/ul>\n<p>L\u2019Union europ\u00e9enne a renforc\u00e9 les r\u00e8gles en mati\u00e8re de visas pour les citoyens russes, craignant que ceux-ci ne soient utilis\u00e9s \u00e0 des fins susceptibles de nuire \u00e0 <a href=\"https:\/\/fr.businessam.be\/la-finlande-met-en-garde-contre-une-nouvelle-ere-nucleaire\/\" target=\"_blank\" rel=\"noreferrer noopener nofollow\">la s\u00e9curit\u00e9 et \u00e0 l\u2019ordre public<\/a>. Ces pr\u00e9occupations portent notamment sur ce que l\u2019UE consid\u00e8re comme la militarisation de l\u2019immigration par la Russie, des actes de sabotage et l\u2019utilisation abusive potentielle des privil\u00e8ges li\u00e9s aux visas.<\/p>\n<p>Pas de visas multiples<\/p>\n<p>En vertu des nouvelles r\u00e8gles, les ressortissants russes ne se verront plus accorder de visas \u00e0 entr\u00e9es multiples et devront demander un nouveau visa chaque fois qu\u2019ils souhaiteront entrer dans l\u2019UE.<\/p>\n<p>Kaja Kallas, responsable de la politique \u00e9trang\u00e8re de l\u2019UE, a soulign\u00e9 que le privil\u00e8ge de voyager en Europe ne devait pas \u00eatre consid\u00e9r\u00e9 comme acquis, en particulier \u00e0 la lumi\u00e8re de la guerre que m\u00e8ne actuellement la Russie.  Elle a d\u00e9clar\u00e9 qu\u2019il \u00e9tait difficile de justifier l\u2019octroi de la libre circulation en Europe \u00e0 un pays engag\u00e9 dans un conflit arm\u00e9.<\/p>\n<p>Exceptions limit\u00e9es<\/p>\n<p>Des exceptions limit\u00e9es seront faites pour des individus tels que les dissidents, les journalistes ind\u00e9pendants et les d\u00e9fenseurs des droits de l\u2019homme dont on estime qu\u2019ils sont pers\u00e9cut\u00e9s en Russie. (jv)<\/p>\n<p><a href=\"https:\/\/news.google.com\/publications\/CAowtseUCw?hl=fr&amp;gl=BE&amp;ceid=BE%3Afr\" target=\"_blank\" rel=\"nofollow noopener\">Suivez \u00e9galement Business AM sur Google Actualit\u00e9s<\/a><\/p>\n<p><a href=\"https:\/\/portalfr.businessam.be\/plans\/business-am-fr-offre-dete\/\" target=\"_blank\" rel=\"nofollow noopener\">Si vous souhaitez acc\u00e9der \u00e0 tous les articles, abonnez-vous ici!<\/a><\/p>\n","protected":false},"excerpt":{"rendered":"\ue05bpar Business AM\ue010publi\u00e9 le samedi 08 novembre 2025 \u00e0 17:58 \u2022 \ue00c2 min de lecture Principaux renseignements Pour&hellip;\n","protected":false},"author":2,"featured_media":521103,"comment_status":"","ping_status":"","sticky":false,"template":"","format":"standard","meta":{"footnotes":""},"categories":[1586],"tags":[11,64196,1777,674,1779,1011,27,1146,1861,12,25,132,1778,220,364,2447],"class_list":{"0":"post-521102","1":"post","2":"type-post","3":"status-publish","4":"format-standard","5":"has-post-thumbnail","7":"category-europe","8":"tag-actualites","9":"tag-citoyens-russes","10":"tag-eu","11":"tag-europe","12":"tag-european-union","13":"tag-fr","14":"tag-france","15":"tag-guerre","16":"tag-lue","17":"tag-news","18":"tag-republique-francaise","19":"tag-russie","20":"tag-ue","21":"tag-ukraine","22":"tag-union-europeenne","23":"tag-visas"},"share_on_mastodon":{"url":"https:\/\/pubeurope.com\/@fr\/115515498654127538","error":""},"_links":{"self":[{"href":"https:\/\/www.europesays.com\/fr\/wp-json\/wp\/v2\/posts\/521102","targetHints":{"allow":["GET"]}}],"collection":[{"href":"https:\/\/www.europesays.com\/fr\/wp-json\/wp\/v2\/posts"}],"about":[{"href":"https:\/\/www.europesays.com\/fr\/wp-json\/wp\/v2\/types\/post"}],"author":[{"embeddable":true,"href":"https:\/\/www.europesays.com\/fr\/wp-json\/wp\/v2\/users\/2"}],"replies":[{"embeddable":true,"href":"https:\/\/www.europesays.com\/fr\/wp-json\/wp\/v2\/comments?post=521102"}],"version-history":[{"count":0,"href":"https:\/\/www.europesays.com\/fr\/wp-json\/wp\/v2\/posts\/521102\/revisions"}],"wp:featuredmedia":[{"embeddable":true,"href":"https:\/\/www.europesays.com\/fr\/wp-json\/wp\/v2\/media\/521103"}],"wp:attachment":[{"href":"https:\/\/www.europesays.com\/fr\/wp-json\/wp\/v2\/media?parent=521102"}],"wp:term":[{"taxonomy":"category","embeddable":true,"href":"https:\/\/www.europesays.com\/fr\/wp-json\/wp\/v2\/categories?post=521102"},{"taxonomy":"post_tag","embeddable":true,"href":"https:\/\/www.europesays.com\/fr\/wp-json\/wp\/v2\/tags?post=521102"}],"curies":[{"name":"wp","href":"https:\/\/api.w.org\/{rel}","templated":true}]}}