{"id":521104,"date":"2025-11-08T18:29:17","date_gmt":"2025-11-08T18:29:17","guid":{"rendered":"https:\/\/www.europesays.com\/fr\/521104\/"},"modified":"2025-11-08T18:29:17","modified_gmt":"2025-11-08T18:29:17","slug":"pourquoi-la-societe-miss-france-a-fait-appel-a-la-marraine-camille-cerf","status":"publish","type":"post","link":"https:\/\/www.europesays.com\/fr\/521104\/","title":{"rendered":"pourquoi la soci\u00e9t\u00e9 Miss France a fait appel \u00e0 la \u00ab\u00a0marraine\u00a0\u00bb Camille Cerf"},"content":{"rendered":"<p class=\"article-p mdl\">L&rsquo;ancienne Miss France<strong> Camille Cerf <\/strong>revient sur le devant de la sc\u00e8ne. Le pr\u00e9sident de la Soci\u00e9t\u00e9 Miss France,<strong> Fr\u00e9d\u00e9ric Gilbert,<\/strong> a d\u00e9voil\u00e9 lors d&rsquo;une conf\u00e9rence de presse, vendredi 7 novembre, le nom de celle qui occupera les toutes nouvelles fonctions de marraine de la prochaine Miss : Camille Cerf. Suite au d\u00e9part de l&rsquo;ancienne Miss France, Cindy Fabre, en janvier dernier, l&rsquo;encadrement ne comptait pas d&rsquo;ancienne Miss, ayant v\u00e9cu la m\u00eame exp\u00e9rience que la Miss France en cours d&rsquo;exercice, ce dont a souffert\u00a0Ang\u00e9lique Angarni-Filopon, Miss France 2025.<\/p>\n<p class=\"article-p mdl\">En tant que <strong>Marraine de la prochaine miss, <\/strong>Camille Cerf devra donc assurer un \u00ab\u00a0soutien et un accompagnement lors des tourn\u00e9es m\u00e9diatiques ou des grands \u00e9v\u00e9nements bien s\u00fbr, mais aussi donner des conseils sur la gestion de la fatigue ou sur les doutes que l\u2019on peut ressentir\u00a0\u00bb.\u00a0<\/p>\n<p>        \u00c0 \u00e9couter<\/p>\n<p class=\"col-12 col-md-11\">\n<p>                                MISS FRANCE &#8211; Ang\u00e9lique Angarni-Filopon est l&rsquo;invit\u00e9e de RTL Matin\n                        <\/p>\n<p class=\"article-p mdl\">La Miss France 2015 sera \u00e9galement\u00a0<a class=\"link\" href=\"https:\/\/www.rtl.fr\/culture\/medias-people\/miss-france-2026-marraine-celebre-top-12-theme-les-nouveautes-du-concours-7900563959\" title=\"Miss France 2026 : marraine c\u00e9l\u00e8bre, Top 12, th\u00e8me... Les nouveaut\u00e9s du concours\" target=\"_blank\" rel=\"nofollow noopener\">membre du jury de la c\u00e9r\u00e9monie 2026<\/a>\u00a0qui aura lieu \u00e0 Amiens le\u00a0<a class=\"link\" href=\"https:\/\/www.rtl.fr\/culture\/medias-people\/miss-france-2026-marraine-celebre-top-12-theme-les-nouveautes-du-concours-7900563959\" rel=\"nofollow noopener\" target=\"_blank\">6 d\u00e9cembre<\/a>\u00a0prochain. Son mandat de marraine ne dure qu&rsquo;un an, pour autant elle compte prendre son r\u00f4le \u00e0 bras-le-corps. \u00ab\u00a0D\u00e9couvrir le monde des m\u00e9dias, faire des interviews, quand c\u2019est la premi\u00e8re fois, ce n\u2019est pas \u00e9vident d\u2019autant que certains journalistes adorent un peu titiller les nouvelles Miss France avec des questions un peu compliqu\u00e9es, explique Camille Cerf aupr\u00e8s de nos confr\u00e8res du\u00a0<a class=\"link\" href=\"https:\/\/tvmag.lefigaro.fr\/programme-tv\/miss-france\/angelique-a-voulu-rendre-sa-couronne-la-societe-miss-france-explique-son-choix-de-recruter-camille-cerf-20251107\" target=\"_blank\" rel=\"nofollow noopener\">Figaro<\/a>.\u00a0Donc l\u2019id\u00e9e est de l\u2019accompagner afin qu\u2019elle se sente plus en confiance et le plus \u00e0 l\u2019aise possible. On n\u2019a pas l\u2019occasion de faire une bonne premi\u00e8re impression deux fois\u00a0\u00bb, livre Camille Cerf.<\/p>\n<p class=\"article-p mdl\">Un nouveau statut qui enchante celle qui avait fait un stage dans la soci\u00e9t\u00e9 Miss France en 2017 dans le cadre de son \u00e9cole de commerce et avait propos\u00e9<strong> l\u2019id\u00e9e d\u2019un poste de marraine pour accompagner les Miss dans son m\u00e9moire de fin de stage<\/strong>.\u00a0<\/p>\n<p class=\"article-p mdl\">Elle se souvient, d&rsquo;ailleurs, <strong>des difficult\u00e9s<\/strong> \u00e0 surmonter apr\u00e8s son couronnement en 2015 : \u00ab\u00a0Pendant mon ann\u00e9e, j\u2019ai pass\u00e9 beaucoup de temps \u00e0 jouer \u00e0 la Miss France, sans l\u2019\u00eatre vraiment parce qu\u2019on a le poids d\u2019une marque et d\u2019une institution.\u00a0On ne sait pas trop. Il y a des r\u00e8gles aussi, on ne parle pas de sujets politiques, pas de religion, <strong>le but, c\u2019est du divertissement et apporter du bonheur aux gens\u00a0\u00bb.<\/strong><\/p>\n<p>            \u00ab\u00a0Elle voulait arr\u00eater parce que c\u2019\u00e9tait trop dur, c\u2019\u00e9tait trop lourd\u00a0\u00bb<\/p>\n<p class=\"article-p mdl\">Des d\u00e9clarations qui rappellent l&rsquo;ann\u00e9e en demi-teinte de la Miss France 2025, Ang\u00e9lique Angarni-Filopon, prot\u00e9g\u00e9e, notamment par la Soci\u00e9t\u00e9 Miss France m\u00e9diatiquement \u00e0 la suite de <strong>\u00ab\u00a0menaces de mort\u00a0\u00bb.<\/strong>\u00a0<\/p>\n<p class=\"article-p mdl\">Ang\u00e9lique Angarni-Filopon, martiniquaise, a confi\u00e9 \u00eatre fr\u00e9quemment la cible de\u00a0<a class=\"link\" href=\"https:\/\/www.rtl.fr\/actu\/debats-societe\/miss-france-2025-angelique-angarni-filopon-miss-france-2025-revient-sur-les-attaques-racistes-qu-elle-a-subies-7900518774\" rel=\"nofollow noopener\" target=\"_blank\">messages haineux et racistes<\/a>\u00a0sur les r\u00e9seaux sociaux. \u00ab\u00a0En f\u00e9vrier, apr\u00e8s la vague de harc\u00e8lement depuis son \u00e9lection, Ang\u00e9lique voulait rendre sa couronne, elle voulait arr\u00eater parce que c\u2019\u00e9tait trop dur, c\u2019\u00e9tait trop lourd\u00a0\u00bb, a expliqu\u00e9 Fr\u00e9d\u00e9ric Gilbert cit\u00e9 par nos confr\u00e8res du Parisien.<\/p>\n<p class=\"article-p mdl\">La Soci\u00e9t\u00e9 Miss France ne veut <strong>plus reproduire la m\u00eame erreur,<\/strong> en sollicitant une marraine faisant figure d&rsquo;accompagnatrice. \u00ab\u00a0Je n\u2019ai pas eu l\u2019\u00e9charpe, j\u2019ai beau expliquer aux nouvelles \u00e9lues ce que c\u2019est qu\u2019un titre de Miss France et la violence que cela peut \u00eatre ou les enjeux, je n\u2019ai pas ce v\u00e9cu. Les anciennes Miss, elles, ont cette exp\u00e9rience et il n\u2019y a qu\u2019elles qui savent ce que c\u2019est\u00a0\u00bb, a expliqu\u00e9 Fr\u00e9d\u00e9ric Gilbert en conf\u00e9rence de presse.<br \/>Avant la date cruciale du 6 d\u00e9cembre, les trente candidates \u00e0 la couronne 2026 s&rsquo;envoleront pour la Martinique le 9 novembre dans le cadre du\u00a0<a class=\"link\" href=\"https:\/\/www.rtl.fr\/culture\/arts-spectacles\/miss-france-2026-les-30-candidates-se-rendront-en-martinique-pour-leur-voyage-preparatoire-7900558132\" rel=\"nofollow noopener\" target=\"_blank\">rituel voyage de pr\u00e9paration.<\/a>\u00a0Elles seront encadr\u00e9es par une Ang\u00e9lique Angarni-Filopon d\u00e9j\u00e0 impatiente : \u00ab\u00a0J\u2019ai h\u00e2te de d\u00e9buter l\u2019aventure avec elles. J\u2019\u00e9tais \u00e0 leur place il y a un an et je sais ce qu\u2019elles vivent et ce qu\u2019elles ressentent\u00a0\u00bb.<\/p>\n<p>    La r\u00e9daction vous recommande<\/p>\n<p class=\"s-newsletter__title\">\n                L\u2019actualit\u00e9 par la r\u00e9daction de RTL dans votre bo\u00eete mail.\n            <\/p>\n<p class=\"s-newsletter__subtitle\">\n                Gr\u00e2ce \u00e0 votre compte RTL abonnez-vous \u00e0 la newsletter RTL info pour suivre toute l&rsquo;actualit\u00e9 au quotidien\n            <\/p>\n<p>\n                                    Lire la suite\n                                <\/p>\n","protected":false},"excerpt":{"rendered":"L&rsquo;ancienne Miss France Camille Cerf revient sur le devant de la sc\u00e8ne. Le pr\u00e9sident de la Soci\u00e9t\u00e9 Miss&hellip;\n","protected":false},"author":2,"featured_media":521105,"comment_status":"","ping_status":"","sticky":false,"template":"","format":"standard","meta":{"footnotes":""},"categories":[2],"tags":[11,17055,107,1011,27,3034,12,25],"class_list":{"0":"post-521104","1":"post","2":"type-post","3":"status-publish","4":"format-standard","5":"has-post-thumbnail","7":"category-actualites","8":"tag-actualites","9":"tag-camille-cerf","10":"tag-fil-info","11":"tag-fr","12":"tag-france","13":"tag-miss-france","14":"tag-news","15":"tag-republique-francaise"},"share_on_mastodon":{"url":"https:\/\/pubeurope.com\/@fr\/115515501114899273","error":""},"_links":{"self":[{"href":"https:\/\/www.europesays.com\/fr\/wp-json\/wp\/v2\/posts\/521104","targetHints":{"allow":["GET"]}}],"collection":[{"href":"https:\/\/www.europesays.com\/fr\/wp-json\/wp\/v2\/posts"}],"about":[{"href":"https:\/\/www.europesays.com\/fr\/wp-json\/wp\/v2\/types\/post"}],"author":[{"embeddable":true,"href":"https:\/\/www.europesays.com\/fr\/wp-json\/wp\/v2\/users\/2"}],"replies":[{"embeddable":true,"href":"https:\/\/www.europesays.com\/fr\/wp-json\/wp\/v2\/comments?post=521104"}],"version-history":[{"count":0,"href":"https:\/\/www.europesays.com\/fr\/wp-json\/wp\/v2\/posts\/521104\/revisions"}],"wp:featuredmedia":[{"embeddable":true,"href":"https:\/\/www.europesays.com\/fr\/wp-json\/wp\/v2\/media\/521105"}],"wp:attachment":[{"href":"https:\/\/www.europesays.com\/fr\/wp-json\/wp\/v2\/media?parent=521104"}],"wp:term":[{"taxonomy":"category","embeddable":true,"href":"https:\/\/www.europesays.com\/fr\/wp-json\/wp\/v2\/categories?post=521104"},{"taxonomy":"post_tag","embeddable":true,"href":"https:\/\/www.europesays.com\/fr\/wp-json\/wp\/v2\/tags?post=521104"}],"curies":[{"name":"wp","href":"https:\/\/api.w.org\/{rel}","templated":true}]}}