{"id":521113,"date":"2025-11-08T18:35:17","date_gmt":"2025-11-08T18:35:17","guid":{"rendered":"https:\/\/www.europesays.com\/fr\/521113\/"},"modified":"2025-11-08T18:35:17","modified_gmt":"2025-11-08T18:35:17","slug":"metz-lopen-de-moselle-disparait-un-nouveau-tournoi-atp-en-2026-sports","status":"publish","type":"post","link":"https:\/\/www.europesays.com\/fr\/521113\/","title":{"rendered":"Metz : L&rsquo;Open de Moselle disparait, un nouveau tournoi ATP en 2026 ? : Sports"},"content":{"rendered":"<p class=\"date\">\n                                                            Thibaut Simon, Media365 : publi\u00e9 le samedi 08 novembre 2025 \u00e0 18h04\n                                                    <\/p>\n<p>Ce samedi, l&rsquo;Open de Moselle vit ses derni\u00e8res \u00e9motions avec la finale du tournoi. Metz voit cet ATP 250 disparaitre du calendrier, mais la ville pourrait accueillir un nouveau tournoi d\u00e8s 2026.<\/p>\n<p>Le Britannique Cameron Norrie (30 ans, 27e mondial) et l&rsquo;Am\u00e9ricain Learner Tien (19 ans, 38e mondial) se disputent ce samedi (16h30) le titre en finale de l&rsquo;Open de Moselle. Un duel qui sera le dernier pour le tournoi, <a href=\"https:\/\/sports.orange.fr\/tennis\/atp\/article\/atp-metz-l-exploit-n-etait-pas-loin-pour-jacquet-contre-norrie-bourreau-des-francais-CNT000002lBvfp.html\" rel=\"nofollow noopener\" target=\"_blank\">qui ne fera plus partie du calendrier de l&rsquo;ATP en 2026<\/a>. Lanc\u00e9 en 2003, le tournoi lorrain, qui \u00e9tait l&rsquo;un des trois ATP 250 pr\u00e9sents dans l&rsquo;Hexagone ne verra pas son palmar\u00e8s grandir l&rsquo;ann\u00e9e prochaine et compl\u00e9ter la prestigieuse liste des vainqueurs \u00e0 l&rsquo;image de Novak Djokovic ou Jo-Wilfried Tsonga. En 2022, la disparition de l&rsquo;Open de Moselle \u00e9tait d\u00e9j\u00e0 au coeur des d\u00e9bats entre les actionnaires. Les diff\u00e9rentes querelles entre les d\u00e9tenteurs du tournoi, mais \u00e9galement les difficult\u00e9s financi\u00e8res, ont finalement act\u00e9 la fin de ce tournoi pr\u00e9sent dans le Grand Est depuis plus de 20 ans.<\/p>\n<p>Une volont\u00e9 de l&rsquo;ATP de r\u00e9duire les 250<\/p>\n<p>La fin \u00e9tait in\u00e9luctable. Ces derni\u00e8res ann\u00e9es d\u00e9j\u00e0, les actionnaires minoritaires avaient exerc\u00e9 leur droit de pr\u00e9emption, par crainte de voir le tournoi terminer aux mains de personnes ext\u00e9rieur, mais \u00e9galement par peur d&rsquo;une d\u00e9localisation. En 2016, un projet pour organiser le tournoi en Asie avait vu le jour. <a href=\"https:\/\/sports.orange.fr\/tennis\/atp\/article\/atp-metz-gaston-prend-un-set-puis-abandonne-CNT000002lAKoC.html\" rel=\"nofollow noopener\" target=\"_blank\">Suite au rachat de la licence par l&rsquo;ATP en 2024<\/a>, l&rsquo;organisation du circuit masculin annon\u00e7ait la fin proche des cat\u00e9gories 250 sur le calendrier, comme l&rsquo;expliquait son pr\u00e9sident, Andrea Gaudenzi. \u00ab On a parfois trois ATP 250 la m\u00eame semaine, et leur qualit\u00e9 tendait \u00e0 baisser. La qualit\u00e9 du plateau et des infrastructures doit s&rsquo;am\u00e9liorer et ce sera plus facile si on a moins de tournois \u00bb, avait-il expliqu\u00e9 il y a quelques semaines \u00e0 Paris. Pour Armel Chabanne, vice-pr\u00e9sident d\u00e9l\u00e9gu\u00e9 au sport du conseil d\u00e9partemental de la Moselle, le tournoi \u00ab dispara\u00eet pour des raisons ind\u00e9pendantes de notre volont\u00e9 \u00bb, avant d&rsquo;ajouter qu&rsquo;une \u00ab minorit\u00e9 de personnes a souhait\u00e9 que le Moselle Open s&rsquo;en aille et le malheur de tout cela, c&rsquo;est que le pari a \u00e9t\u00e9 r\u00e9ussi pour elle \u00bb.<\/p>\n<p>Un tournoi pour 2026 ?<\/p>\n<p>Malgr\u00e9 cette d\u00e9cision, un tournoi professionnel pourrait se tenir dans les Ar\u00e8nes de Metz d\u00e8s la saison prochaine comme le r\u00e9v\u00e8le le R\u00e9publicain Lorrain. Fran\u00e7ois Grosdidier, maire de la ville, indiquait r\u00e9cemment son int\u00e9r\u00eat pour accueillir un \u00e9v\u00e8nement. \u00ab S&rsquo;il y a une nouvelle proposition de tournoi professionnel, nous sommes preneurs et enthousiastes. D&rsquo;ailleurs, j&rsquo;esp\u00e8re que tout le monde politique, d\u00e9partemental et r\u00e9gional, le sera \u00e9galement \u00bb, avait-il expliqu\u00e9. Selon le quotidien local, un Challenger pourrait s&rsquo;inscrire dans le Grand Est et compl\u00e9ter l&rsquo;offre r\u00e9gionale puisque l&rsquo;Open de Thionville existe sous l&rsquo;impulsion de la soci\u00e9t\u00e9 d\u00e9tenue par Jo-Wilfried Tsonga et Thierry Ascione.<\/p>\n","protected":false},"excerpt":{"rendered":"Thibaut Simon, Media365 : publi\u00e9 le samedi 08 novembre 2025 \u00e0 18h04 Ce samedi, l&rsquo;Open de Moselle vit&hellip;\n","protected":false},"author":2,"featured_media":521114,"comment_status":"","ping_status":"","sticky":false,"template":"","format":"standard","meta":{"footnotes":""},"categories":[1415],"tags":[1011,27,60,1467],"class_list":{"0":"post-521113","1":"post","2":"type-post","3":"status-publish","4":"format-standard","5":"has-post-thumbnail","7":"category-tennis","8":"tag-fr","9":"tag-france","10":"tag-sports","11":"tag-tennis"},"share_on_mastodon":{"url":"https:\/\/pubeurope.com\/@fr\/115515524559243382","error":""},"_links":{"self":[{"href":"https:\/\/www.europesays.com\/fr\/wp-json\/wp\/v2\/posts\/521113","targetHints":{"allow":["GET"]}}],"collection":[{"href":"https:\/\/www.europesays.com\/fr\/wp-json\/wp\/v2\/posts"}],"about":[{"href":"https:\/\/www.europesays.com\/fr\/wp-json\/wp\/v2\/types\/post"}],"author":[{"embeddable":true,"href":"https:\/\/www.europesays.com\/fr\/wp-json\/wp\/v2\/users\/2"}],"replies":[{"embeddable":true,"href":"https:\/\/www.europesays.com\/fr\/wp-json\/wp\/v2\/comments?post=521113"}],"version-history":[{"count":0,"href":"https:\/\/www.europesays.com\/fr\/wp-json\/wp\/v2\/posts\/521113\/revisions"}],"wp:featuredmedia":[{"embeddable":true,"href":"https:\/\/www.europesays.com\/fr\/wp-json\/wp\/v2\/media\/521114"}],"wp:attachment":[{"href":"https:\/\/www.europesays.com\/fr\/wp-json\/wp\/v2\/media?parent=521113"}],"wp:term":[{"taxonomy":"category","embeddable":true,"href":"https:\/\/www.europesays.com\/fr\/wp-json\/wp\/v2\/categories?post=521113"},{"taxonomy":"post_tag","embeddable":true,"href":"https:\/\/www.europesays.com\/fr\/wp-json\/wp\/v2\/tags?post=521113"}],"curies":[{"name":"wp","href":"https:\/\/api.w.org\/{rel}","templated":true}]}}