{"id":521115,"date":"2025-11-08T18:39:11","date_gmt":"2025-11-08T18:39:11","guid":{"rendered":"https:\/\/www.europesays.com\/fr\/521115\/"},"modified":"2025-11-08T18:39:11","modified_gmt":"2025-11-08T18:39:11","slug":"helene-clauzel-fluide-dans-le-sable-actualite","status":"publish","type":"post","link":"https:\/\/www.europesays.com\/fr\/521115\/","title":{"rendered":"H\u00e9l\u00e8ne Clauzel : \u00ab\u00a0Fluide dans le sable\u00a0\u00bb &#8211; Actualit\u00e9"},"content":{"rendered":"<p style=\"text-align: justify;\">H\u00e9l\u00e8ne Clauzel a mang\u00e9 tout son pain noir dans le premier tour du Championnat d&rsquo;Europe de cyclo-cross. D\u00e8s le d\u00e9part, tout est parti de travers. \u00ab\u00a0Je n&rsquo;aurais pas pu faire un premier tour aussi nul. Je suis tomb\u00e9e, je faisais n&rsquo;importe quoi\u00a0\u00bb, raconte-t-elle \u00e0 DirectVelo, au point de passer par-dessus son v\u00e9lo apr\u00e8s le poste de d\u00e9pannage.<\/p>\n<p>Mais la 4e du Koppenbergcross se ressaisit et retrouve son niveau. \u00ab\u00a0Il a fallu que je me remette dedans, indique-t-elle. Quand je prends mon rythme, que je suis plus rel\u00e2ch\u00e9e et que je fais ce que je sais faire, \u00e7a va tr\u00e8s bien\u00a0\u00bb. Elle ne s&rsquo;enlise pas dans les dunes. \u00ab\u00a0Les tours suivants, j&rsquo;\u00e9tais fluide dans le sable\u00a0\u00bb. Plus rien ne la sort de sa course. \u00ab\u00a0Je ne me concentrais que sur moi\u00a0\u00bb. Au final, H\u00e9l\u00e8ne Clauzel signe une belle remont\u00e9e <a href=\"https:\/\/www.directvelo.com\/epreuve\/48632\/cc-championnat-deurope-elite-femmes-2025\" target=\"_blank\" rel=\"noopener\"><strong>jusqu&rsquo;aux portes du Top 5<\/strong><\/a>.\u00a0<\/p>\n<p><strong>\u00ab JOUER AVEC LE V\u00c9LO \u00bb<\/strong><\/p>\n<p>Pour le Championnat d&rsquo;Europe, l&rsquo;Alsacienne a troqu\u00e9 son maillot noir d&rsquo;individuelle pour la combinaison bleue de l&rsquo;\u00e9quipe de France. Depuis <a href=\"https:\/\/www.directvelo.com\/actualite\/124995\/helene-clauzel-tout-est-nouveau-pour-moi\" target=\"_blank\" rel=\"noopener\"><strong>un mois qu&rsquo;elle court et vit en Belgique<\/strong><\/a>, H\u00e9l\u00e8ne Clauzel a su s&rsquo;adapter au sable. \u00ab\u00a0C&rsquo;est quelque chose que j&rsquo;ai travaill\u00e9. Ce sont des circuits tr\u00e8s difficiles mais j&rsquo;aime bien parce que c&rsquo;est un jeu. Il faut jouer avec le v\u00e9lo\u00a0\u00bb, appr\u00e9cie-t-elle. Mais un jeu usant. \u00ab\u00a0Au fur et \u00e0 mesure, on a envie de poser le v\u00e9lo beaucoup plus vite et on a du mal \u00e0 sauter sur le v\u00e9lo\u00a0\u00bb.<\/p>\n<p>Avant le d\u00e9but de la Coupe du Monde \u00e0 Tabor (23 novembre), H\u00e9l\u00e8ne Clauzel va continuer sa campagne belge. A Niel le 11 novembre, \u00e0 Merksplas pour le Super Prestige et Hamme pour l&rsquo;X2O Trofee. \u00ab\u00a0Je vais rentrer quelques jours chez moi avant Tabor\u00a0\u00bb, pr\u00e9cise-t-elle, histoire de rentrer un petit coup, prendre plein de choses positives et puis repartir pour un bon bloc jusqu&rsquo;\u00e0 quasiment No\u00ebl\u00a0\u00bb. Avec l&rsquo;espoir de s&rsquo;offrir de beaux cadeaux au pied du sapin.<\/p>\n","protected":false},"excerpt":{"rendered":"H\u00e9l\u00e8ne Clauzel a mang\u00e9 tout son pain noir dans le premier tour du Championnat d&rsquo;Europe de cyclo-cross. D\u00e8s&hellip;\n","protected":false},"author":2,"featured_media":521116,"comment_status":"","ping_status":"","sticky":false,"template":"","format":"standard","meta":{"footnotes":""},"categories":[1411],"tags":[834,828,836,829,837,827,83,826,824,823,1154,207,814,817,815,816,822,821,832,211,839,1011,27,820,818,819,835,831,830,833,838,60,212,208,825],"class_list":{"0":"post-521115","1":"post","2":"type-post","3":"status-publish","4":"format-standard","5":"has-post-thumbnail","7":"category-cyclisme","8":"tag-attaque","9":"tag-belgique","10":"tag-braquet","11":"tag-bretagne","12":"tag-chute","13":"tag-competition","14":"tag-coupe-de-france","15":"tag-coureur","16":"tag-course-cyclisme","17":"tag-course-cycliste","18":"tag-cycling","19":"tag-cyclisme","20":"tag-direct","21":"tag-direct-velo","22":"tag-directvelo","23":"tag-directvelo-com","24":"tag-epreuve","25":"tag-epreuve-cycliste","26":"tag-federation-francaise-de-cyclisme","27":"tag-ffc","28":"tag-flandres","29":"tag-fr","30":"tag-france","31":"tag-live","32":"tag-live-course","33":"tag-live-epreuve","34":"tag-peloton","35":"tag-radio-peloton","36":"tag-radio-tour","37":"tag-ravitaillement","38":"tag-relance","39":"tag-sports","40":"tag-uci","41":"tag-velo","42":"tag-velos"},"share_on_mastodon":{"url":"https:\/\/pubeurope.com\/@fr\/115515540454696309","error":""},"_links":{"self":[{"href":"https:\/\/www.europesays.com\/fr\/wp-json\/wp\/v2\/posts\/521115","targetHints":{"allow":["GET"]}}],"collection":[{"href":"https:\/\/www.europesays.com\/fr\/wp-json\/wp\/v2\/posts"}],"about":[{"href":"https:\/\/www.europesays.com\/fr\/wp-json\/wp\/v2\/types\/post"}],"author":[{"embeddable":true,"href":"https:\/\/www.europesays.com\/fr\/wp-json\/wp\/v2\/users\/2"}],"replies":[{"embeddable":true,"href":"https:\/\/www.europesays.com\/fr\/wp-json\/wp\/v2\/comments?post=521115"}],"version-history":[{"count":0,"href":"https:\/\/www.europesays.com\/fr\/wp-json\/wp\/v2\/posts\/521115\/revisions"}],"wp:featuredmedia":[{"embeddable":true,"href":"https:\/\/www.europesays.com\/fr\/wp-json\/wp\/v2\/media\/521116"}],"wp:attachment":[{"href":"https:\/\/www.europesays.com\/fr\/wp-json\/wp\/v2\/media?parent=521115"}],"wp:term":[{"taxonomy":"category","embeddable":true,"href":"https:\/\/www.europesays.com\/fr\/wp-json\/wp\/v2\/categories?post=521115"},{"taxonomy":"post_tag","embeddable":true,"href":"https:\/\/www.europesays.com\/fr\/wp-json\/wp\/v2\/tags?post=521115"}],"curies":[{"name":"wp","href":"https:\/\/api.w.org\/{rel}","templated":true}]}}